{"id":60955,"date":"2021-08-12T11:08:46","date_gmt":"2021-08-12T14:08:46","guid":{"rendered":"https:\/\/www.simepe.com.br\/novo\/?p=60955"},"modified":"2021-08-12T11:08:46","modified_gmt":"2021-08-12T14:08:46","slug":"justica-obriga-teste-negativo-ou-vacinacao-completa-contra-covid-19-para-quem-desembarca-no-ceara","status":"publish","type":"post","link":"https:\/\/www.simepe.com.br\/novo\/justica-obriga-teste-negativo-ou-vacinacao-completa-contra-covid-19-para-quem-desembarca-no-ceara\/","title":{"rendered":"Justi\u00e7a obriga teste negativo ou vacina\u00e7\u00e3o completa contra Covid-19 para quem desembarca no Cear\u00e1"},"content":{"rendered":"<p>O Governo do Cear\u00e1 conseguiu na Justi\u00e7a Federal a exig\u00eancia de apresenta\u00e7\u00e3o de teste negativo com anteced\u00eancia de, no m\u00e1ximo, 72 horas, ou vacina\u00e7\u00e3o completa contra a Covid-19 antes do embarque a\u00e9reo para o estado.<\/p>\n<p>De acordo com o governo, a medida busca impedir a propaga\u00e7\u00e3o de variantes do coronav\u00edrus no Cear\u00e1 pelo fluxo de viajantes. Dados da Secretaria de Sa\u00fade do Estado (Sesa) demonstram que j\u00e1 foram confirmados 15 casos da variante delta, todos de passageiros vindos de outros estados por via a\u00e9rea.<\/p>\n<p>\u201cQueremos muito que venham ao Cear\u00e1, mas queremos que as pessoas, por precau\u00e7\u00e3o, apresentem teste negativo ou vacina\u00e7\u00e3o completa antes de chegar aqui exatamente para evitar a propaga\u00e7\u00e3o do v\u00edrus no nosso Estado\u201d, declarou o governador do Cear\u00e1, Camilo Santana (PT).<\/p>\n<p>Conforme a decis\u00e3o judicial, em tutela de urg\u00eancia, a Uni\u00e3o e a Ag\u00eancia Nacional de Avia\u00e7\u00e3o Civil (Anac) devem somente autorizar o embarque em voos provenientes de outros estados do Pa\u00eds com destino ao Cear\u00e1 e desembarque de voos particulares \u2013 quando n\u00e3o for poss\u00edvel a aferi\u00e7\u00e3o no embarque \u2013 de passageiros que apresentem uma das duas condi\u00e7\u00f5es: comprovante de esquema vacinal completo ou resultado negativo de exame de ant\u00edgeno ou RT-PCR realizado em at\u00e9 72h antes do do voo.<\/p>\n<p>O procurador-geral do Estado, Juv\u00eancio Viana, destaca que esta \u00e9 mais uma importante vit\u00f3ria na defesa dos interesses da popula\u00e7\u00e3o cearense. \u201c\u00c9 uma decis\u00e3o fundamental para este atual momento, que vem em total defesa do povo cearense. \u00c9 relevant\u00edssima para o atual contexto de enfrentamento \u00e0 pandemia\u201d.<\/p>\n<p>\u201cN\u00e3o se trata de restri\u00e7\u00e3o de livre locomo\u00e7\u00e3o pelo Pa\u00eds, nem restri\u00e7\u00e3o ao direito de liberdade, mas de prote\u00e7\u00e3o \u00e0 vida, que \u00e9 um direito de alta relev\u00e2ncia\u201d, exp\u00f5e a decis\u00e3o do juiz Lu\u00eds Praxedes Vieira da Silva.<\/p>\n<p>Fonte: Folha de Pernambuco<\/p>\n","protected":false},"excerpt":{"rendered":"<p>O Governo do Cear\u00e1 conseguiu na Justi\u00e7a Federal a exig\u00eancia de apresenta\u00e7\u00e3o de teste negativo com anteced\u00eancia de, no m\u00e1ximo, 72 horas, ou vacina\u00e7\u00e3o completa contra a Covid-19 antes do embarque a\u00e9reo para o estado. De acordo com o governo, a medida busca impedir a propaga\u00e7\u00e3o de variantes do coronav\u00edrus no Cear\u00e1 pelo fluxo de [&hellip;]<\/p>\n","protected":false},"author":1,"featured_media":0,"comment_status":"open","ping_status":"open","sticky":false,"template":"","format":"standard","meta":{"ocean_post_layout":"","ocean_both_sidebars_style":"","ocean_both_sidebars_content_width":0,"ocean_both_sidebars_sidebars_width":0,"ocean_sidebar":"","ocean_second_sidebar":"","ocean_disable_margins":"enable","ocean_add_body_class":"","ocean_shortcode_before_top_bar":"","ocean_shortcode_after_top_bar":"","ocean_shortcode_before_header":"","ocean_shortcode_after_header":"","ocean_has_shortcode":"","ocean_shortcode_after_title":"","ocean_shortcode_before_footer_widgets":"","ocean_shortcode_after_footer_widgets":"","ocean_shortcode_before_footer_bottom":"","ocean_shortcode_after_footer_bottom":"","ocean_display_top_bar":"default","ocean_display_header":"default","ocean_header_style":"","ocean_center_header_left_menu":"","ocean_custom_header_template":"","ocean_custom_logo":0,"ocean_custom_retina_logo":0,"ocean_custom_logo_max_width":0,"ocean_custom_logo_tablet_max_width":0,"ocean_custom_logo_mobile_max_width":0,"ocean_custom_logo_max_height":0,"ocean_custom_logo_tablet_max_height":0,"ocean_custom_logo_mobile_max_height":0,"ocean_header_custom_menu":"","ocean_menu_typo_font_family":"","ocean_menu_typo_font_subset":"","ocean_menu_typo_font_size":0,"ocean_menu_typo_font_size_tablet":0,"ocean_menu_typo_font_size_mobile":0,"ocean_menu_typo_font_size_unit":"px","ocean_menu_typo_font_weight":"","ocean_menu_typo_font_weight_tablet":"","ocean_menu_typo_font_weight_mobile":"","ocean_menu_typo_transform":"","ocean_menu_typo_transform_tablet":"","ocean_menu_typo_transform_mobile":"","ocean_menu_typo_line_height":0,"ocean_menu_typo_line_height_tablet":0,"ocean_menu_typo_line_height_mobile":0,"ocean_menu_typo_line_height_unit":"","ocean_menu_typo_spacing":0,"ocean_menu_typo_spacing_tablet":0,"ocean_menu_typo_spacing_mobile":0,"ocean_menu_typo_spacing_unit":"","ocean_menu_link_color":"","ocean_menu_link_color_hover":"","ocean_menu_link_color_active":"","ocean_menu_link_background":"","ocean_menu_link_hover_background":"","ocean_menu_link_active_background":"","ocean_menu_social_links_bg":"","ocean_menu_social_hover_links_bg":"","ocean_menu_social_links_color":"","ocean_menu_social_hover_links_color":"","ocean_disable_title":"default","ocean_disable_heading":"default","ocean_post_title":"","ocean_post_subheading":"","ocean_post_title_style":"","ocean_post_title_background_color":"","ocean_post_title_background":0,"ocean_post_title_bg_image_position":"","ocean_post_title_bg_image_attachment":"","ocean_post_title_bg_image_repeat":"","ocean_post_title_bg_image_size":"","ocean_post_title_height":0,"ocean_post_title_bg_overlay":0.5,"ocean_post_title_bg_overlay_color":"","ocean_disable_breadcrumbs":"default","ocean_breadcrumbs_color":"","ocean_breadcrumbs_separator_color":"","ocean_breadcrumbs_links_color":"","ocean_breadcrumbs_links_hover_color":"","ocean_display_footer_widgets":"default","ocean_display_footer_bottom":"default","ocean_custom_footer_template":"","ocean_post_oembed":"","ocean_post_self_hosted_media":"","ocean_post_video_embed":"","ocean_link_format":"","ocean_link_format_target":"self","ocean_quote_format":"","ocean_quote_format_link":"post","ocean_gallery_link_images":"on","ocean_gallery_id":[]},"categories":[9],"tags":[3847,1490,82],"acf":[],"_links":{"self":[{"href":"https:\/\/www.simepe.com.br\/novo\/wp-json\/wp\/v2\/posts\/60955"}],"collection":[{"href":"https:\/\/www.simepe.com.br\/novo\/wp-json\/wp\/v2\/posts"}],"about":[{"href":"https:\/\/www.simepe.com.br\/novo\/wp-json\/wp\/v2\/types\/post"}],"author":[{"embeddable":true,"href":"https:\/\/www.simepe.com.br\/novo\/wp-json\/wp\/v2\/users\/1"}],"replies":[{"embeddable":true,"href":"https:\/\/www.simepe.com.br\/novo\/wp-json\/wp\/v2\/comments?post=60955"}],"version-history":[{"count":1,"href":"https:\/\/www.simepe.com.br\/novo\/wp-json\/wp\/v2\/posts\/60955\/revisions"}],"predecessor-version":[{"id":60956,"href":"https:\/\/www.simepe.com.br\/novo\/wp-json\/wp\/v2\/posts\/60955\/revisions\/60956"}],"wp:attachment":[{"href":"https:\/\/www.simepe.com.br\/novo\/wp-json\/wp\/v2\/media?parent=60955"}],"wp:term":[{"taxonomy":"category","embeddable":true,"href":"https:\/\/www.simepe.com.br\/novo\/wp-json\/wp\/v2\/categories?post=60955"},{"taxonomy":"post_tag","embeddable":true,"href":"https:\/\/www.simepe.com.br\/novo\/wp-json\/wp\/v2\/tags?post=60955"}],"curies":[{"name":"wp","href":"https:\/\/api.w.org\/{rel}","templated":true}]}}