{"id":60972,"date":"2021-08-13T11:02:57","date_gmt":"2021-08-13T14:02:57","guid":{"rendered":"https:\/\/www.simepe.com.br\/novo\/?p=60972"},"modified":"2021-08-13T11:02:57","modified_gmt":"2021-08-13T14:02:57","slug":"no-recife-quase-40-da-populacao-esta-com-esquema-vacinal-contra-a-covid-19-completo","status":"publish","type":"post","link":"https:\/\/www.simepe.com.br\/novo\/no-recife-quase-40-da-populacao-esta-com-esquema-vacinal-contra-a-covid-19-completo\/","title":{"rendered":"No Recife, quase 40% da popula\u00e7\u00e3o est\u00e1 com esquema vacinal contra a Covid-19 completo"},"content":{"rendered":"<p><em>Imuniza\u00e7\u00e3o do p\u00fablico a partir de 18 anos come\u00e7ou nesta quinta (12).<\/em><\/p>\n<p>No dia em que come\u00e7ou a vacinar pessoas com 18 anos ou mais, o Recife alcan\u00e7ou a marca de 80,3% da popula\u00e7\u00e3o adulta vacinada com a primeira dose ou dose \u00fanica do imunizante contra a Covid-19. Ao todo, s\u00e3o 993.825 vacinas aplicadas, sendo 934.084 de primeira dose e 59.741 de dose \u00fanica.<\/p>\n<p>Nesta sexta-feira (13), a capital tem 15.759 agendamentos para imuniza\u00e7\u00e3o, o recorde desde o in\u00edcio da vacina\u00e7\u00e3o contra o novo coronav\u00edrus.<\/p>\n<p>O Recife tem 480.604 pessoas (38,83% da popula\u00e7\u00e3o) com o esquema vacinal completo. Al\u00e9m das 59.741 pessoas que receberam a vacina de dose \u00fanica, outras 420.863 j\u00e1 foram vacinadas com a segunda dose na capital pernambucana. A cidade tem 1.237.614 pessoas acima dos 18 anos aptas a receber o imunizante\u00a0\u00a0contra o coronav\u00edrus.<\/p>\n<div class=\"dn_noticiasRelacionadas\">A vacina\u00e7\u00e3o para todos os adultos no Recife foi liberada na \u00faltima quarta-feira (11) e iniciou j\u00e1 nesta quinta-feira (12). O cadastro e o agendamento devem ser feitos atrav\u00e9s do site minhavacina.recife.pe.gov.br ou do aplicativo Conecta Recife, que est\u00e1 dispon\u00edvel gratuitamente na PlayStore, para Android, e AppStore, para quem utiliza o sistema iOS.<\/p>\n<p>O p\u00fablico geral com 18 anos ou mais deve anexar no ato do agendamento c\u00f3pia de um documento oficial de identidade e um comprovante de resid\u00eancia no nome da pessoa que vai tomar a vacina. Essa documenta\u00e7\u00e3o tamb\u00e9m deve ser apresentada no dia agendado para vacina\u00e7\u00e3o.<\/p><\/div>\n<p>A Prefeitura do Recife disponibiliza 26 locais de vacina\u00e7\u00e3o, que funcionam de domingo a domingo, das 7h30 \u00e0s 18h30. Desse total, 12 funcionam com salas de vacina\u00e7\u00e3o. <strong>Veja os locais:\u00a0<\/strong><\/p>\n<ul>\n<li>Sest Senat, no Porto da Madeira;<\/li>\n<li>Porto Digital (Apolo 235), no bairro do Recife;<\/li>\n<li>Unicap, na Boa Vista;<\/li>\n<li>Universidade Federal Rural de Pernambuco (UFRPE), em Dois Irm\u00e3os;<\/li>\n<li>Parque de Exposi\u00e7\u00e3o de Animais, no Cordeiro;<\/li>\n<li>Unidade de Cuidados Integrais (UCIS) Guilherme Abath, no Hip\u00f3dromo;<\/li>\n<li>Compaz Ariano Suassuna, no Cordeiro;<\/li>\n<li>Gin\u00e1sio Gerald\u00e3o, na Imbiribeira;<\/li>\n<li>Departamento Nacional de Obras Contra as Secas (Dnocs), na Tamarineira;<\/li>\n<li>Parque da Macaxeira, na Macaxeira;<\/li>\n<li>UPA-E do Ibura;<\/li>\n<li>UniNassau, nas Gra\u00e7as.<\/li>\n<\/ul>\n<p><strong>Tem ainda 14 pontos de drive-thru, que est\u00e3o localizados nos seguintes locais:<\/strong><\/p>\n<ul>\n<li>Sest Senat, em Beberibe;<\/li>\n<li>Departamento Nacional de Obras Contra as Secas (Dnocs), na Tamarineira;<\/li>\n<li>Parque de Exposi\u00e7\u00e3o de Animais, no Cordeiro;<\/li>\n<li>F\u00f3rum Ministro Artur Marinho &#8211; Justi\u00e7a Federal de Pernambuco (Avenida Recife), no Jiqui\u00e1;<\/li>\n<li>Universidade Federal Rural de Pernambuco (UFRPE), em Dois Irm\u00e3os;<\/li>\n<li>Juizados Especiais do Recife, na Imbiribeira;<\/li>\n<li>Parque da Macaxeira, na Macaxeira; Gerald\u00e3o, na Imbiribeira;<\/li>\n<li>Universidade Federal de Pernambuco (UFPE), na Cidade Universit\u00e1ria;<\/li>\n<li>Tribunal Regional Federal da 5\u00aa Regi\u00e3o, no Bairro do Recife;<\/li>\n<li>BIG Bompre\u00e7o de Boa Viagem;<\/li>\n<li>BIG Bompre\u00e7o de Casa Forte;<\/li>\n<li>Unicap, na Boa Vista;<\/li>\n<li>Carrefour da Torre.<\/li>\n<\/ul>\n<p>Fonte: Folha de Pernambuco<\/p>\n","protected":false},"excerpt":{"rendered":"<p>Imuniza\u00e7\u00e3o do p\u00fablico a partir de 18 anos come\u00e7ou nesta quinta (12). No dia em que come\u00e7ou a vacinar pessoas com 18 anos ou mais, o Recife alcan\u00e7ou a marca de 80,3% da popula\u00e7\u00e3o adulta vacinada com a primeira dose ou dose \u00fanica do imunizante contra a Covid-19. Ao todo, s\u00e3o 993.825 vacinas aplicadas, sendo [&hellip;]<\/p>\n","protected":false},"author":1,"featured_media":0,"comment_status":"open","ping_status":"open","sticky":false,"template":"","format":"standard","meta":{"ocean_post_layout":"","ocean_both_sidebars_style":"","ocean_both_sidebars_content_width":0,"ocean_both_sidebars_sidebars_width":0,"ocean_sidebar":"","ocean_second_sidebar":"","ocean_disable_margins":"enable","ocean_add_body_class":"","ocean_shortcode_before_top_bar":"","ocean_shortcode_after_top_bar":"","ocean_shortcode_before_header":"","ocean_shortcode_after_header":"","ocean_has_shortcode":"","ocean_shortcode_after_title":"","ocean_shortcode_before_footer_widgets":"","ocean_shortcode_after_footer_widgets":"","ocean_shortcode_before_footer_bottom":"","ocean_shortcode_after_footer_bottom":"","ocean_display_top_bar":"default","ocean_display_header":"default","ocean_header_style":"","ocean_center_header_left_menu":"","ocean_custom_header_template":"","ocean_custom_logo":0,"ocean_custom_retina_logo":0,"ocean_custom_logo_max_width":0,"ocean_custom_logo_tablet_max_width":0,"ocean_custom_logo_mobile_max_width":0,"ocean_custom_logo_max_height":0,"ocean_custom_logo_tablet_max_height":0,"ocean_custom_logo_mobile_max_height":0,"ocean_header_custom_menu":"","ocean_menu_typo_font_family":"","ocean_menu_typo_font_subset":"","ocean_menu_typo_font_size":0,"ocean_menu_typo_font_size_tablet":0,"ocean_menu_typo_font_size_mobile":0,"ocean_menu_typo_font_size_unit":"px","ocean_menu_typo_font_weight":"","ocean_menu_typo_font_weight_tablet":"","ocean_menu_typo_font_weight_mobile":"","ocean_menu_typo_transform":"","ocean_menu_typo_transform_tablet":"","ocean_menu_typo_transform_mobile":"","ocean_menu_typo_line_height":0,"ocean_menu_typo_line_height_tablet":0,"ocean_menu_typo_line_height_mobile":0,"ocean_menu_typo_line_height_unit":"","ocean_menu_typo_spacing":0,"ocean_menu_typo_spacing_tablet":0,"ocean_menu_typo_spacing_mobile":0,"ocean_menu_typo_spacing_unit":"","ocean_menu_link_color":"","ocean_menu_link_color_hover":"","ocean_menu_link_color_active":"","ocean_menu_link_background":"","ocean_menu_link_hover_background":"","ocean_menu_link_active_background":"","ocean_menu_social_links_bg":"","ocean_menu_social_hover_links_bg":"","ocean_menu_social_links_color":"","ocean_menu_social_hover_links_color":"","ocean_disable_title":"default","ocean_disable_heading":"default","ocean_post_title":"","ocean_post_subheading":"","ocean_post_title_style":"","ocean_post_title_background_color":"","ocean_post_title_background":0,"ocean_post_title_bg_image_position":"","ocean_post_title_bg_image_attachment":"","ocean_post_title_bg_image_repeat":"","ocean_post_title_bg_image_size":"","ocean_post_title_height":0,"ocean_post_title_bg_overlay":0.5,"ocean_post_title_bg_overlay_color":"","ocean_disable_breadcrumbs":"default","ocean_breadcrumbs_color":"","ocean_breadcrumbs_separator_color":"","ocean_breadcrumbs_links_color":"","ocean_breadcrumbs_links_hover_color":"","ocean_display_footer_widgets":"default","ocean_display_footer_bottom":"default","ocean_custom_footer_template":"","ocean_post_oembed":"","ocean_post_self_hosted_media":"","ocean_post_video_embed":"","ocean_link_format":"","ocean_link_format_target":"self","ocean_quote_format":"","ocean_quote_format_link":"post","ocean_gallery_link_images":"on","ocean_gallery_id":[]},"categories":[9],"tags":[3847,1490,82,318],"acf":[],"_links":{"self":[{"href":"https:\/\/www.simepe.com.br\/novo\/wp-json\/wp\/v2\/posts\/60972"}],"collection":[{"href":"https:\/\/www.simepe.com.br\/novo\/wp-json\/wp\/v2\/posts"}],"about":[{"href":"https:\/\/www.simepe.com.br\/novo\/wp-json\/wp\/v2\/types\/post"}],"author":[{"embeddable":true,"href":"https:\/\/www.simepe.com.br\/novo\/wp-json\/wp\/v2\/users\/1"}],"replies":[{"embeddable":true,"href":"https:\/\/www.simepe.com.br\/novo\/wp-json\/wp\/v2\/comments?post=60972"}],"version-history":[{"count":1,"href":"https:\/\/www.simepe.com.br\/novo\/wp-json\/wp\/v2\/posts\/60972\/revisions"}],"predecessor-version":[{"id":60973,"href":"https:\/\/www.simepe.com.br\/novo\/wp-json\/wp\/v2\/posts\/60972\/revisions\/60973"}],"wp:attachment":[{"href":"https:\/\/www.simepe.com.br\/novo\/wp-json\/wp\/v2\/media?parent=60972"}],"wp:term":[{"taxonomy":"category","embeddable":true,"href":"https:\/\/www.simepe.com.br\/novo\/wp-json\/wp\/v2\/categories?post=60972"},{"taxonomy":"post_tag","embeddable":true,"href":"https:\/\/www.simepe.com.br\/novo\/wp-json\/wp\/v2\/tags?post=60972"}],"curies":[{"name":"wp","href":"https:\/\/api.w.org\/{rel}","templated":true}]}}