{"id":60989,"date":"2021-08-16T10:37:25","date_gmt":"2021-08-16T13:37:25","guid":{"rendered":"https:\/\/www.simepe.com.br\/novo\/?p=60989"},"modified":"2021-08-16T10:37:25","modified_gmt":"2021-08-16T13:37:25","slug":"covid-19-variante-delta-avanca-no-rio-de-janeiro","status":"publish","type":"post","link":"https:\/\/www.simepe.com.br\/novo\/covid-19-variante-delta-avanca-no-rio-de-janeiro\/","title":{"rendered":"Covid-19: variante Delta avan\u00e7a no Rio de Janeiro"},"content":{"rendered":"<p><em>A vigil\u00e2ncia gen\u00f4mica do v\u00edrus Sars-CoV-2, causador da Covid-19, na cidade do Rio de Janeiro aponta que a variante Delta (B.1 617.2), surgida na \u00cdndia, j\u00e1 \u00e9 respons\u00e1vel por 56,6% dos casos da doen\u00e7a no munic\u00edpio.<\/em><\/p>\n<p>O an\u00fancio foi feito pelo secret\u00e1rio Municipal de Sa\u00fade, Daniel Soranz, em sua conta no Twitter.<\/p>\n<p>Na sexta-feira (13), a prefeitura j\u00e1 havia anunciado que a cidade \u00e9 o epicentro da variante Delta no Brasil. A an\u00e1lise gen\u00f4mica, que identifica as variantes do novo coronav\u00edrus, \u00e9 feita por amostragem.<\/p>\n<p>Apesar do apelo do secret\u00e1rio para que as pessoas evitem aglomera\u00e7\u00f5es e exposi\u00e7\u00f5es desnecess\u00e1rias, j\u00e1 que a variante Delta \u00e9 mais transmiss\u00edvel que as outras, no fim de semana a Secretaria de Ordem P\u00fablica interditou duas festas clandestinas, uma com 2 mil pessoas e outra com 600.<\/p>\n<p><strong>Vacina\u00e7\u00e3o<\/strong><br \/>\nNesta semana, a prefeitura do Rio de Janeiro pretende concluir a aplica\u00e7\u00e3o da primeira dose da vacina contra a Covid-19 na popula\u00e7\u00e3o adulta do munic\u00edpio. Ap\u00f3s o atraso na entrega de doses na semana passada, que fez com que a imuniza\u00e7\u00e3o inicial fosse suspensa por dois dias, hoje (16) receber\u00e3o a primeira dose as pessoas de 22 anos.<\/p>\n<p>Seguindo a l\u00f3gica de imunizar uma idade por dia, a previs\u00e3o \u00e9 de que na sexta-feira (20) seja a vez das pessoas com 18 anos. Mulheres devem comparecer aos postos pela manh\u00e3 e os homens na parte da tarde.<\/p>\n<p>A repescagem ser\u00e1 feita todos os dias para pessoas com 30 anos ou mais, pessoas com defici\u00eancia e gestantes, pu\u00e9rperas e lactantes com 18 anos ou mais. A prefeitura orienta que quem estiver fora do dia previsto no calend\u00e1rio por idade, se vacine na parte da tarde.<\/p>\n<p>O Minist\u00e9rio da Sa\u00fade informou que far\u00e1 uma \u201ccompensa\u00e7\u00e3o gradual dos quantitativos de vacinas enviados de modo complementar\u201d, para que todos os estados finalizem a imuniza\u00e7\u00e3o \u201csem que haja benef\u00edcios ou preju\u00edzos a suas respectivas popula\u00e7\u00f5es\u201d.<\/p>\n<p>Segundo a pasta, na semana passada foram entregues 576,1 mil doses ao estado do Rio de Janeiro e no fim de semana mais 308,8 mil. \u201cDesde o come\u00e7o da campanha contra a Covid-19, foram entregues 17,3 milh\u00f5es de doses ao estado do Rio de Janeiro\u201d, informou o minist\u00e9rio.<\/p>\n<p>A cidade abriu hoje um novo posto de vacina\u00e7\u00e3o, no Pal\u00e1cio Pedro Ernesto, sede da C\u00e2mara Municipal, localizado na Cinel\u00e2ndia, centro do Rio de Janeiro, para refor\u00e7ar a estrutura da sa\u00fade nesse momento com grande p\u00fablico por idades, na faixa dos 22 aos 18 anos.<\/p>\n<p>Fonte: Diario de Pernambuco<\/p>\n","protected":false},"excerpt":{"rendered":"<p>A vigil\u00e2ncia gen\u00f4mica do v\u00edrus Sars-CoV-2, causador da Covid-19, na cidade do Rio de Janeiro aponta que a variante Delta (B.1 617.2), surgida na \u00cdndia, j\u00e1 \u00e9 respons\u00e1vel por 56,6% dos casos da doen\u00e7a no munic\u00edpio. O an\u00fancio foi feito pelo secret\u00e1rio Municipal de Sa\u00fade, Daniel Soranz, em sua conta no Twitter. Na sexta-feira (13), [&hellip;]<\/p>\n","protected":false},"author":1,"featured_media":0,"comment_status":"open","ping_status":"open","sticky":false,"template":"","format":"standard","meta":{"ocean_post_layout":"","ocean_both_sidebars_style":"","ocean_both_sidebars_content_width":0,"ocean_both_sidebars_sidebars_width":0,"ocean_sidebar":"","ocean_second_sidebar":"","ocean_disable_margins":"enable","ocean_add_body_class":"","ocean_shortcode_before_top_bar":"","ocean_shortcode_after_top_bar":"","ocean_shortcode_before_header":"","ocean_shortcode_after_header":"","ocean_has_shortcode":"","ocean_shortcode_after_title":"","ocean_shortcode_before_footer_widgets":"","ocean_shortcode_after_footer_widgets":"","ocean_shortcode_before_footer_bottom":"","ocean_shortcode_after_footer_bottom":"","ocean_display_top_bar":"default","ocean_display_header":"default","ocean_header_style":"","ocean_center_header_left_menu":"","ocean_custom_header_template":"","ocean_custom_logo":0,"ocean_custom_retina_logo":0,"ocean_custom_logo_max_width":0,"ocean_custom_logo_tablet_max_width":0,"ocean_custom_logo_mobile_max_width":0,"ocean_custom_logo_max_height":0,"ocean_custom_logo_tablet_max_height":0,"ocean_custom_logo_mobile_max_height":0,"ocean_header_custom_menu":"","ocean_menu_typo_font_family":"","ocean_menu_typo_font_subset":"","ocean_menu_typo_font_size":0,"ocean_menu_typo_font_size_tablet":0,"ocean_menu_typo_font_size_mobile":0,"ocean_menu_typo_font_size_unit":"px","ocean_menu_typo_font_weight":"","ocean_menu_typo_font_weight_tablet":"","ocean_menu_typo_font_weight_mobile":"","ocean_menu_typo_transform":"","ocean_menu_typo_transform_tablet":"","ocean_menu_typo_transform_mobile":"","ocean_menu_typo_line_height":0,"ocean_menu_typo_line_height_tablet":0,"ocean_menu_typo_line_height_mobile":0,"ocean_menu_typo_line_height_unit":"","ocean_menu_typo_spacing":0,"ocean_menu_typo_spacing_tablet":0,"ocean_menu_typo_spacing_mobile":0,"ocean_menu_typo_spacing_unit":"","ocean_menu_link_color":"","ocean_menu_link_color_hover":"","ocean_menu_link_color_active":"","ocean_menu_link_background":"","ocean_menu_link_hover_background":"","ocean_menu_link_active_background":"","ocean_menu_social_links_bg":"","ocean_menu_social_hover_links_bg":"","ocean_menu_social_links_color":"","ocean_menu_social_hover_links_color":"","ocean_disable_title":"default","ocean_disable_heading":"default","ocean_post_title":"","ocean_post_subheading":"","ocean_post_title_style":"","ocean_post_title_background_color":"","ocean_post_title_background":0,"ocean_post_title_bg_image_position":"","ocean_post_title_bg_image_attachment":"","ocean_post_title_bg_image_repeat":"","ocean_post_title_bg_image_size":"","ocean_post_title_height":0,"ocean_post_title_bg_overlay":0.5,"ocean_post_title_bg_overlay_color":"","ocean_disable_breadcrumbs":"default","ocean_breadcrumbs_color":"","ocean_breadcrumbs_separator_color":"","ocean_breadcrumbs_links_color":"","ocean_breadcrumbs_links_hover_color":"","ocean_display_footer_widgets":"default","ocean_display_footer_bottom":"default","ocean_custom_footer_template":"","ocean_post_oembed":"","ocean_post_self_hosted_media":"","ocean_post_video_embed":"","ocean_link_format":"","ocean_link_format_target":"self","ocean_quote_format":"","ocean_quote_format_link":"post","ocean_gallery_link_images":"on","ocean_gallery_id":[]},"categories":[9],"tags":[3847,1490,82],"acf":[],"_links":{"self":[{"href":"https:\/\/www.simepe.com.br\/novo\/wp-json\/wp\/v2\/posts\/60989"}],"collection":[{"href":"https:\/\/www.simepe.com.br\/novo\/wp-json\/wp\/v2\/posts"}],"about":[{"href":"https:\/\/www.simepe.com.br\/novo\/wp-json\/wp\/v2\/types\/post"}],"author":[{"embeddable":true,"href":"https:\/\/www.simepe.com.br\/novo\/wp-json\/wp\/v2\/users\/1"}],"replies":[{"embeddable":true,"href":"https:\/\/www.simepe.com.br\/novo\/wp-json\/wp\/v2\/comments?post=60989"}],"version-history":[{"count":2,"href":"https:\/\/www.simepe.com.br\/novo\/wp-json\/wp\/v2\/posts\/60989\/revisions"}],"predecessor-version":[{"id":60991,"href":"https:\/\/www.simepe.com.br\/novo\/wp-json\/wp\/v2\/posts\/60989\/revisions\/60991"}],"wp:attachment":[{"href":"https:\/\/www.simepe.com.br\/novo\/wp-json\/wp\/v2\/media?parent=60989"}],"wp:term":[{"taxonomy":"category","embeddable":true,"href":"https:\/\/www.simepe.com.br\/novo\/wp-json\/wp\/v2\/categories?post=60989"},{"taxonomy":"post_tag","embeddable":true,"href":"https:\/\/www.simepe.com.br\/novo\/wp-json\/wp\/v2\/tags?post=60989"}],"curies":[{"name":"wp","href":"https:\/\/api.w.org\/{rel}","templated":true}]}}