{"id":60992,"date":"2021-08-16T12:42:37","date_gmt":"2021-08-16T15:42:37","guid":{"rendered":"https:\/\/www.simepe.com.br\/novo\/?p=60992"},"modified":"2021-08-16T12:42:37","modified_gmt":"2021-08-16T15:42:37","slug":"audiencia-discute-saidas-para-destinacao-de-residuos-solidos-em-santarem","status":"publish","type":"post","link":"https:\/\/www.simepe.com.br\/novo\/audiencia-discute-saidas-para-destinacao-de-residuos-solidos-em-santarem\/","title":{"rendered":"Audi\u00eancia discute sa\u00eddas para destina\u00e7\u00e3o de res\u00edduos s\u00f3lidos em Santar\u00e9m"},"content":{"rendered":"<p style=\"text-align: justify;\">Desde julho a popula\u00e7\u00e3o de Santar\u00e9m vem sofrendo com os transtornos gerados por lix\u00f5es e aterros sanit\u00e1rios no munic\u00edpio. Ap\u00f3s as reinvindica\u00e7\u00f5es feitas pela popula\u00e7\u00e3o, representantes e entidades sociais, o Minist\u00e9rio P\u00fablico de Santar\u00e9m promoveu reuni\u00e3o, na \u00faltima segunda, 9, para tratar sobre a destina\u00e7\u00e3o final de res\u00edduos s\u00f3lidos e do funcionamento de lix\u00f5es e aterros sanit\u00e1rios na regi\u00e3o metropolitana, que inclui Moju\u00ed dos Campos e Belterra.<\/p>\n<p style=\"text-align: justify;\">A reuni\u00e3o foi convocada pela 13\u00aa Promotoria de Justi\u00e7a de Santar\u00e9m, respons\u00e1vel pelos assuntos relacionados ao meio ambiente, com objetivo de discutir alternativas para a resolu\u00e7\u00e3o do problema com os gestores e secret\u00e1rios dos tr\u00eas munic\u00edpios.<\/p>\n<p style=\"text-align: justify;\">De acordo com a promotoria, uma das maiores dificuldades que os munic\u00edpios enfrentam \u00e9 ter alternativas para solucionar a gest\u00e3o do lixo, seu tratamento e destina\u00e7\u00e3o, o que tem causado problemas como o recente apresentado no aterro de Perema, alvo de reclama\u00e7\u00f5es das comunidades do entorno devido \u00e0 fuma\u00e7a constante e o mau cheiro.<\/p>\n<p style=\"text-align: justify;\">A reuni\u00e3o definiu entre os encaminhamentos que a promotoria vai oficiar \u00e0 Sema e Secretaria de Infraestrutura de Santar\u00e9m, Belterra e Mojui dos Campos para que informem a quantidade de unidades domiciliares e comerciais, bem como as unidades do servi\u00e7o p\u00fablico que disp\u00f5em de po\u00e7os artesianos.<\/p>\n<p style=\"text-align: justify;\">O segundo encaminhamento foi para o MPPA da Pol\u00edtica de Saneamento e do Plano de Tratamento de Res\u00edduos s\u00f3lidos na perspectiva da n\u00e3o gera\u00e7\u00e3o de res\u00edduos, redu\u00e7\u00e3o e reciclagem de res\u00edduos, qual tratamento \u00e9 dado pelo munic\u00edpio para a produ\u00e7\u00e3o de gases e se h\u00e1 sistema de compostagem no munic\u00edpio.<\/p>\n<p style=\"text-align: justify;\">O Sindmepa, por meio da delegada sindical, N\u00e1stia Irina, j\u00e1 formalizou den\u00fancia contra o Lix\u00e3o do Perema ao Secret\u00e1rio Estadual de Meio Ambiente e Sustentabilidade do munic\u00edpio, representando o Movimento a favor da vida das comunidades ao entorno do Perema contra o lix\u00e3o municipal a c\u00e9u aberto. O sindicato, assim como os representantes de entidades, organiza\u00e7\u00f5es e movimentos sociais, segue acompanhando o caso at\u00e9 que a situa\u00e7\u00e3o seja solucionada.<\/p>\n<p style=\"text-align: justify;\">Fonte: Sindicato dos M\u00e9dicos do Par\u00e1 (Sindmepa)<\/p>\n","protected":false},"excerpt":{"rendered":"<p>Desde julho a popula\u00e7\u00e3o de Santar\u00e9m vem sofrendo com os transtornos gerados por lix\u00f5es e aterros sanit\u00e1rios no munic\u00edpio. Ap\u00f3s as reinvindica\u00e7\u00f5es feitas pela popula\u00e7\u00e3o, representantes e entidades sociais, o Minist\u00e9rio P\u00fablico de Santar\u00e9m promoveu reuni\u00e3o, na \u00faltima segunda, 9, para tratar sobre a destina\u00e7\u00e3o final de res\u00edduos s\u00f3lidos e do funcionamento de lix\u00f5es e [&hellip;]<\/p>\n","protected":false},"author":1,"featured_media":60993,"comment_status":"open","ping_status":"open","sticky":false,"template":"","format":"standard","meta":{"ocean_post_layout":"","ocean_both_sidebars_style":"","ocean_both_sidebars_content_width":0,"ocean_both_sidebars_sidebars_width":0,"ocean_sidebar":"","ocean_second_sidebar":"","ocean_disable_margins":"enable","ocean_add_body_class":"","ocean_shortcode_before_top_bar":"","ocean_shortcode_after_top_bar":"","ocean_shortcode_before_header":"","ocean_shortcode_after_header":"","ocean_has_shortcode":"","ocean_shortcode_after_title":"","ocean_shortcode_before_footer_widgets":"","ocean_shortcode_after_footer_widgets":"","ocean_shortcode_before_footer_bottom":"","ocean_shortcode_after_footer_bottom":"","ocean_display_top_bar":"default","ocean_display_header":"default","ocean_header_style":"","ocean_center_header_left_menu":"","ocean_custom_header_template":"","ocean_custom_logo":0,"ocean_custom_retina_logo":0,"ocean_custom_logo_max_width":0,"ocean_custom_logo_tablet_max_width":0,"ocean_custom_logo_mobile_max_width":0,"ocean_custom_logo_max_height":0,"ocean_custom_logo_tablet_max_height":0,"ocean_custom_logo_mobile_max_height":0,"ocean_header_custom_menu":"","ocean_menu_typo_font_family":"","ocean_menu_typo_font_subset":"","ocean_menu_typo_font_size":0,"ocean_menu_typo_font_size_tablet":0,"ocean_menu_typo_font_size_mobile":0,"ocean_menu_typo_font_size_unit":"px","ocean_menu_typo_font_weight":"","ocean_menu_typo_font_weight_tablet":"","ocean_menu_typo_font_weight_mobile":"","ocean_menu_typo_transform":"","ocean_menu_typo_transform_tablet":"","ocean_menu_typo_transform_mobile":"","ocean_menu_typo_line_height":0,"ocean_menu_typo_line_height_tablet":0,"ocean_menu_typo_line_height_mobile":0,"ocean_menu_typo_line_height_unit":"","ocean_menu_typo_spacing":0,"ocean_menu_typo_spacing_tablet":0,"ocean_menu_typo_spacing_mobile":0,"ocean_menu_typo_spacing_unit":"","ocean_menu_link_color":"","ocean_menu_link_color_hover":"","ocean_menu_link_color_active":"","ocean_menu_link_background":"","ocean_menu_link_hover_background":"","ocean_menu_link_active_background":"","ocean_menu_social_links_bg":"","ocean_menu_social_hover_links_bg":"","ocean_menu_social_links_color":"","ocean_menu_social_hover_links_color":"","ocean_disable_title":"default","ocean_disable_heading":"default","ocean_post_title":"","ocean_post_subheading":"","ocean_post_title_style":"","ocean_post_title_background_color":"","ocean_post_title_background":0,"ocean_post_title_bg_image_position":"","ocean_post_title_bg_image_attachment":"","ocean_post_title_bg_image_repeat":"","ocean_post_title_bg_image_size":"","ocean_post_title_height":0,"ocean_post_title_bg_overlay":0.5,"ocean_post_title_bg_overlay_color":"","ocean_disable_breadcrumbs":"default","ocean_breadcrumbs_color":"","ocean_breadcrumbs_separator_color":"","ocean_breadcrumbs_links_color":"","ocean_breadcrumbs_links_hover_color":"","ocean_display_footer_widgets":"default","ocean_display_footer_bottom":"default","ocean_custom_footer_template":"","ocean_post_oembed":"","ocean_post_self_hosted_media":"","ocean_post_video_embed":"","ocean_link_format":"","ocean_link_format_target":"self","ocean_quote_format":"","ocean_quote_format_link":"post","ocean_gallery_link_images":"on","ocean_gallery_id":[]},"categories":[1],"tags":[],"acf":[],"_links":{"self":[{"href":"https:\/\/www.simepe.com.br\/novo\/wp-json\/wp\/v2\/posts\/60992"}],"collection":[{"href":"https:\/\/www.simepe.com.br\/novo\/wp-json\/wp\/v2\/posts"}],"about":[{"href":"https:\/\/www.simepe.com.br\/novo\/wp-json\/wp\/v2\/types\/post"}],"author":[{"embeddable":true,"href":"https:\/\/www.simepe.com.br\/novo\/wp-json\/wp\/v2\/users\/1"}],"replies":[{"embeddable":true,"href":"https:\/\/www.simepe.com.br\/novo\/wp-json\/wp\/v2\/comments?post=60992"}],"version-history":[{"count":1,"href":"https:\/\/www.simepe.com.br\/novo\/wp-json\/wp\/v2\/posts\/60992\/revisions"}],"predecessor-version":[{"id":60994,"href":"https:\/\/www.simepe.com.br\/novo\/wp-json\/wp\/v2\/posts\/60992\/revisions\/60994"}],"wp:featuredmedia":[{"embeddable":true,"href":"https:\/\/www.simepe.com.br\/novo\/wp-json\/wp\/v2\/media\/60993"}],"wp:attachment":[{"href":"https:\/\/www.simepe.com.br\/novo\/wp-json\/wp\/v2\/media?parent=60992"}],"wp:term":[{"taxonomy":"category","embeddable":true,"href":"https:\/\/www.simepe.com.br\/novo\/wp-json\/wp\/v2\/categories?post=60992"},{"taxonomy":"post_tag","embeddable":true,"href":"https:\/\/www.simepe.com.br\/novo\/wp-json\/wp\/v2\/tags?post=60992"}],"curies":[{"name":"wp","href":"https:\/\/api.w.org\/{rel}","templated":true}]}}