{"id":61004,"date":"2021-08-15T09:27:08","date_gmt":"2021-08-15T12:27:08","guid":{"rendered":"https:\/\/www.simepe.com.br\/novo\/?p=61004"},"modified":"2021-08-17T09:28:20","modified_gmt":"2021-08-17T12:28:20","slug":"atencao-medico-15-08-2021","status":"publish","type":"post","link":"https:\/\/www.simepe.com.br\/novo\/atencao-medico-15-08-2021\/","title":{"rendered":"Aten\u00e7\u00e3o M\u00e9dico \u2013 15.08.2021"},"content":{"rendered":"<p style=\"text-align: center;\"><strong>Simepe e SAD discutem reivindica\u00e7\u00f5es da categoria<\/strong><\/p>\n<p style=\"text-align: justify;\">A presidente do Simepe, Claudia Beatriz Andrade, o vice-presidente, Walber Steffano, e os diretores Rodrigo Rosas e Ana Carolina Tabosa participaram da primeira reuni\u00e3o com a Secretaria de Administra\u00e7\u00e3o (SAD), na \u00faltima ter\u00e7a-feira (10), para debater sobre as delibera\u00e7\u00f5es da Assembleia Geral Extraordin\u00e1ria (AGE) dos m\u00e9dicos vinculados ao Estado. Na ocasi\u00e3o, discutiram sobre a reposi\u00e7\u00e3o inflacion\u00e1ria, a nomea\u00e7\u00e3o do concurso p\u00fablico e a valoriza\u00e7\u00e3o com gratifica\u00e7\u00e3o pelo enfrentamento \u00e0 Covid-19. Tamb\u00e9m foi pontuada a necessidade de altera\u00e7\u00f5es no Plano de Cargos, Carreira e Vencimentos (PCCV), a jornada de trabalho dos m\u00e9dicos e a nova resolu\u00e7\u00e3o do Conselho Regional de Medicina (Cremepe) que discerne sobre o dimensionamento de m\u00e9dicos, de acordo com as demandas das grandes urg\u00eancias e emerg\u00eancias do Estado.<\/p>\n<p style=\"text-align: center;\"><strong>Jaboat\u00e3o dos Guararapes: m\u00e9dicos seguem na luta por melhorias<\/strong><\/p>\n<p style=\"text-align: justify;\">Os m\u00e9dicos da rede municipal de sa\u00fade de Jaboat\u00e3o dos Guararapes reuniram-se em AGE virtual, na ter\u00e7a-feira (10) passada, com os diretores do Simepe, Malu David, Fernando J\u00fanior e Robson Miranda, al\u00e9m do advogado Diego Galdino, para informar aos m\u00e9dicos sobre as delibera\u00e7\u00f5es da reuni\u00e3o da entidade com os gestores da Secretaria de Sa\u00fade de Jaboat\u00e3o dos Guararapes. Revis\u00e3o do Plano de Cargos, Carreiras e Vencimentos (PCCV) com cria\u00e7\u00e3o do cargo de m\u00e9dico; reposi\u00e7\u00e3o dos \u00edndices inflacion\u00e1rios; incorpora\u00e7\u00e3o e indexa\u00e7\u00e3o das gratifica\u00e7\u00f5es ao sal\u00e1rio base; concurso p\u00fablico para repor as especialidades; retomada da programa\u00e7\u00e3o de f\u00e9rias; al\u00e9m da valoriza\u00e7\u00e3o da preceptoria foram as quest\u00f5es debatidas. Os diretores explicaram detalhadamente sobre cada t\u00f3pico, seus desdobramentos e esclareceram d\u00favidas dos m\u00e9dicos. O Simepe seguir\u00e1 sempre na luta pela garantia de todos os direitos para a categoria.<\/p>\n<p style=\"text-align: center;\"><strong>Problemas na rede municipal de sa\u00fade de Paulista preocupam o Simepe e a categoria<\/strong><\/p>\n<p style=\"text-align: justify;\">Diante do cen\u00e1rio ca\u00f3tico na sa\u00fade do munic\u00edpio de Paulista, os m\u00e9dicos seguem em movimento por melhorias. Os diretores do Simepe, Rodrigo Rosas e Fernando J\u00fanior, e o advogado da Defensoria M\u00e9dica, Vin\u00edcius Calado, reuniram-se com a categoria, por videoconfer\u00eancia, na segunda-feira (09\/08). No momento, discutiram sobre o fortalecimento do movimento e problemas, como a falta de medicamentos e insumos, necessidade de melhorias nas estruturas f\u00edsicas das unidades de sa\u00fade, quantitativo insuficiente de profissionais m\u00e9dicos para atender \u00e0 popula\u00e7\u00e3o, incorpora\u00e7\u00e3o da gratifica\u00e7\u00e3o ao sal\u00e1rio base, v\u00ednculos trabalhistas prec\u00e1rios e pagamento da insalubridade. Nas pr\u00f3ximas semanas, as entidades m\u00e9dicas v\u00e3o se reunir com a CAOP Sa\u00fade e a secretaria de sa\u00fade de Paulista para entender as propostas do munic\u00edpio para as adequa\u00e7\u00f5es necess\u00e1rias e o cronograma de planejamento das a\u00e7\u00f5es. A categoria e o Simepe retornam ao di\u00e1logo no pr\u00f3ximo dia 23, \u00e0s 18h, via Zoom.<\/p>\n<p style=\"text-align: center;\"><strong>SES acata reivindica\u00e7\u00f5es do Simepe e anuncia amplia\u00e7\u00e3o do servi\u00e7o de cirurgia vascular em PE<\/strong><\/p>\n<p style=\"text-align: justify;\">Na manh\u00e3 da segunda-feira (09) passada, a presidente da entidade, Claudia Beatriz Andrade, o vice-presidente, Walber Steffano, o secret\u00e1rio-geral e vereador Tadeu Calheiros e o diretor administrativo e financeiro, M\u00e1rio Jorge Lobo, reuniram-se com o secret\u00e1rio estadual de sa\u00fade, Andr\u00e9 Longo, na sede da SES, no Bongi. A entidade pontuou uma s\u00e9rie de reivindica\u00e7\u00f5es e todos os problemas apresentados pelos m\u00e9dicos vasculares do Hospital Get\u00falio Vargas (HGV). Diante das dificuldades, o representante da SES acolheu as propostas do Simepe e anunciar\u00e1 em breve a amplia\u00e7\u00e3o do servi\u00e7o de cirurgia vascular na rede p\u00fablica de sa\u00fade, com medidas em curto prazo. No pr\u00f3ximo dia 19 ser\u00e1 realizada reuni\u00e3o com o Simepe, plantonistas da cirurgia vascular do HGV e o secret\u00e1rio estadual de sa\u00fade.<\/p>\n<p style=\"text-align: center;\"><strong>Simepe e m\u00e9dicos da UPA do Curado discutem negocia\u00e7\u00f5es salariais<\/strong><\/p>\n<p style=\"text-align: justify;\">Revis\u00e3o salarial, pagamento da insalubridade e condi\u00e7\u00f5es de trabalho foram alguns dos assuntos discutidos na tarde de quinta-feira (12\/08) pelos m\u00e9dicos da UPA do Curado. A categoria reuniu-se em AGE virtual com o vice-presidente do Simepe, Walber Steffano, os diretores Fernando J\u00fanior e Rodrigo Rosas, al\u00e9m do advogado Diego Galdino. A entidade exp\u00f4s \u00e0 categoria todo o processo de negocia\u00e7\u00e3o com o Sindhospe, inclusive que o mesmo sugeriu uma proposta indecorosa de aumento aqu\u00e9m do esperado. O Sindicato n\u00e3o aceitou o acordo e vai solicitar o diss\u00eddio. Paralelo a isso, haver\u00e1 uma reuni\u00e3o nas pr\u00f3ximas semanas com a SES para dialogar sobre os itens reivindicados pela categoria e as licita\u00e7\u00f5es das novas Organiza\u00e7\u00f5es Sociais de Sa\u00fade (OSS) que est\u00e3o assumindo as UPAs em Pernambuco. Uma nova AGE ser\u00e1 realizada no pr\u00f3ximo dia 30\/08, \u00e0s 17h, por videoconfer\u00eancia.<\/p>\n","protected":false},"excerpt":{"rendered":"<p>Simepe e SAD discutem reivindica\u00e7\u00f5es da categoria A presidente do Simepe, Claudia Beatriz Andrade, o vice-presidente, Walber Steffano, e os diretores Rodrigo Rosas e Ana Carolina Tabosa participaram da primeira reuni\u00e3o com a Secretaria de Administra\u00e7\u00e3o (SAD), na \u00faltima ter\u00e7a-feira (10), para debater sobre as delibera\u00e7\u00f5es da Assembleia Geral Extraordin\u00e1ria (AGE) dos m\u00e9dicos vinculados ao [&hellip;]<\/p>\n","protected":false},"author":1,"featured_media":0,"comment_status":"open","ping_status":"open","sticky":false,"template":"","format":"standard","meta":{"ocean_post_layout":"","ocean_both_sidebars_style":"","ocean_both_sidebars_content_width":0,"ocean_both_sidebars_sidebars_width":0,"ocean_sidebar":"","ocean_second_sidebar":"","ocean_disable_margins":"enable","ocean_add_body_class":"","ocean_shortcode_before_top_bar":"","ocean_shortcode_after_top_bar":"","ocean_shortcode_before_header":"","ocean_shortcode_after_header":"","ocean_has_shortcode":"","ocean_shortcode_after_title":"","ocean_shortcode_before_footer_widgets":"","ocean_shortcode_after_footer_widgets":"","ocean_shortcode_before_footer_bottom":"","ocean_shortcode_after_footer_bottom":"","ocean_display_top_bar":"default","ocean_display_header":"default","ocean_header_style":"","ocean_center_header_left_menu":"","ocean_custom_header_template":"","ocean_custom_logo":0,"ocean_custom_retina_logo":0,"ocean_custom_logo_max_width":0,"ocean_custom_logo_tablet_max_width":0,"ocean_custom_logo_mobile_max_width":0,"ocean_custom_logo_max_height":0,"ocean_custom_logo_tablet_max_height":0,"ocean_custom_logo_mobile_max_height":0,"ocean_header_custom_menu":"","ocean_menu_typo_font_family":"","ocean_menu_typo_font_subset":"","ocean_menu_typo_font_size":0,"ocean_menu_typo_font_size_tablet":0,"ocean_menu_typo_font_size_mobile":0,"ocean_menu_typo_font_size_unit":"px","ocean_menu_typo_font_weight":"","ocean_menu_typo_font_weight_tablet":"","ocean_menu_typo_font_weight_mobile":"","ocean_menu_typo_transform":"","ocean_menu_typo_transform_tablet":"","ocean_menu_typo_transform_mobile":"","ocean_menu_typo_line_height":0,"ocean_menu_typo_line_height_tablet":0,"ocean_menu_typo_line_height_mobile":0,"ocean_menu_typo_line_height_unit":"","ocean_menu_typo_spacing":0,"ocean_menu_typo_spacing_tablet":0,"ocean_menu_typo_spacing_mobile":0,"ocean_menu_typo_spacing_unit":"","ocean_menu_link_color":"","ocean_menu_link_color_hover":"","ocean_menu_link_color_active":"","ocean_menu_link_background":"","ocean_menu_link_hover_background":"","ocean_menu_link_active_background":"","ocean_menu_social_links_bg":"","ocean_menu_social_hover_links_bg":"","ocean_menu_social_links_color":"","ocean_menu_social_hover_links_color":"","ocean_disable_title":"default","ocean_disable_heading":"default","ocean_post_title":"","ocean_post_subheading":"","ocean_post_title_style":"","ocean_post_title_background_color":"","ocean_post_title_background":0,"ocean_post_title_bg_image_position":"","ocean_post_title_bg_image_attachment":"","ocean_post_title_bg_image_repeat":"","ocean_post_title_bg_image_size":"","ocean_post_title_height":0,"ocean_post_title_bg_overlay":0.5,"ocean_post_title_bg_overlay_color":"","ocean_disable_breadcrumbs":"default","ocean_breadcrumbs_color":"","ocean_breadcrumbs_separator_color":"","ocean_breadcrumbs_links_color":"","ocean_breadcrumbs_links_hover_color":"","ocean_display_footer_widgets":"default","ocean_display_footer_bottom":"default","ocean_custom_footer_template":"","ocean_post_oembed":"","ocean_post_self_hosted_media":"","ocean_post_video_embed":"","ocean_link_format":"","ocean_link_format_target":"self","ocean_quote_format":"","ocean_quote_format_link":"post","ocean_gallery_link_images":"on","ocean_gallery_id":[]},"categories":[1],"tags":[],"acf":[],"_links":{"self":[{"href":"https:\/\/www.simepe.com.br\/novo\/wp-json\/wp\/v2\/posts\/61004"}],"collection":[{"href":"https:\/\/www.simepe.com.br\/novo\/wp-json\/wp\/v2\/posts"}],"about":[{"href":"https:\/\/www.simepe.com.br\/novo\/wp-json\/wp\/v2\/types\/post"}],"author":[{"embeddable":true,"href":"https:\/\/www.simepe.com.br\/novo\/wp-json\/wp\/v2\/users\/1"}],"replies":[{"embeddable":true,"href":"https:\/\/www.simepe.com.br\/novo\/wp-json\/wp\/v2\/comments?post=61004"}],"version-history":[{"count":1,"href":"https:\/\/www.simepe.com.br\/novo\/wp-json\/wp\/v2\/posts\/61004\/revisions"}],"predecessor-version":[{"id":61005,"href":"https:\/\/www.simepe.com.br\/novo\/wp-json\/wp\/v2\/posts\/61004\/revisions\/61005"}],"wp:attachment":[{"href":"https:\/\/www.simepe.com.br\/novo\/wp-json\/wp\/v2\/media?parent=61004"}],"wp:term":[{"taxonomy":"category","embeddable":true,"href":"https:\/\/www.simepe.com.br\/novo\/wp-json\/wp\/v2\/categories?post=61004"},{"taxonomy":"post_tag","embeddable":true,"href":"https:\/\/www.simepe.com.br\/novo\/wp-json\/wp\/v2\/tags?post=61004"}],"curies":[{"name":"wp","href":"https:\/\/api.w.org\/{rel}","templated":true}]}}