{"id":61015,"date":"2021-08-19T10:02:47","date_gmt":"2021-08-19T13:02:47","guid":{"rendered":"https:\/\/www.simepe.com.br\/novo\/?p=61015"},"modified":"2021-08-19T10:02:47","modified_gmt":"2021-08-19T13:02:47","slug":"ministerio-da-saude-apresenta-metodologia-para-distribuicao-de-vacinas-covid-19-por-faixa-etaria-decrescente","status":"publish","type":"post","link":"https:\/\/www.simepe.com.br\/novo\/ministerio-da-saude-apresenta-metodologia-para-distribuicao-de-vacinas-covid-19-por-faixa-etaria-decrescente\/","title":{"rendered":"Minist\u00e9rio da Sa\u00fade apresenta metodologia para distribui\u00e7\u00e3o de vacinas Covid-19 por faixa et\u00e1ria decrescente"},"content":{"rendered":"<div class=\"documentDescription\"><em>A medida visa equiparar a vacina\u00e7\u00e3o por faixa et\u00e1ria em todo o pa\u00eds.<\/em><\/div>\n<div class=\"documentDescription\"><\/div>\n<div class=\"documentDescription\">\n<p>Com o intuito de garantir igualdade no envio de vacinas Covid-19 para todo o pa\u00eds, o Minist\u00e9rio da Sa\u00fade apresenta nesta quarta-feira (18) a metodologia de distribui\u00e7\u00e3o de doses para os estados e Distrito Federal por faixa et\u00e1ria decrescente. As doses s\u00e3o enviadas levando em considera\u00e7\u00e3o a popula\u00e7\u00e3o, acima de 18 anos, que ainda n\u00e3o foi vacinada em cada unidade da Federa\u00e7\u00e3o.<\/p>\n<p>Com essa medida, o objetivo do Minist\u00e9rio da Sa\u00fade \u00e9 equiparar a vacina\u00e7\u00e3o, por faixa et\u00e1ria, em todos os estados e no Distrito Federal. Assim, todas as localidades ir\u00e3o imunizar, com a primeira dose, brasileiros e brasileiras maiores de 18 anos, sem preju\u00edzos para a popula\u00e7\u00e3o e de forma equ\u00e2nime.<\/p>\n<p>&#8220;Vamos fazer o poss\u00edvel para que essa distribui\u00e7\u00e3o ajustada garanta uma maior homogeneidade na vacina\u00e7\u00e3o em todas as unidades da Federa\u00e7\u00e3o. O compromisso que o governo federal tem \u00e9 com cada um dos 210 milh\u00f5es de brasileiros. Se imunizarmos a popula\u00e7\u00e3o vacin\u00e1vel, todos v\u00e3o se beneficiar com a imunidade que ser\u00e1 proporcionada&#8221;, afirmou o ministro da Sa\u00fade, Marcelo Queiroga.<\/p>\n<p>Para enviar as doses nesse formato, o Minist\u00e9rio da Sa\u00fade fez um levantamento com base em dois crit\u00e9rios: as vacinas para a primeira dose j\u00e1 enviadas para cada estado, desde o come\u00e7o da campanha de vacina\u00e7\u00e3o, e a estimativa da popula\u00e7\u00e3o acima de 18 anos de cada unidade da Federa\u00e7\u00e3o.<\/p>\n<p>Essa \u00e9 a estimativa de cobertura vacinal atual, usada para basear o c\u00e1lculo de distribui\u00e7\u00e3o de doses. \u00c9 com essa metodologia que as unidades da Federa\u00e7\u00e3o v\u00e3o receber o quantitativo de doses para pessoas, acima de 18 anos, que ainda precisam se vacinar, considerando a quantidade de doses entregues pelos laborat\u00f3rios a cada nova distribui\u00e7\u00e3o.<\/p>\n<p>\u201cO Minist\u00e9rio da Sa\u00fade, em momento nenhum, mudou a metodologia. A diferen\u00e7a \u00e9 que temos que obedecer um princ\u00edpio maior, que rege toda a gest\u00e3o do SUS, que se chama equidade. Ela tem que ser sempre buscada e preservada. O Minist\u00e9rio da Sa\u00fade tem a obriga\u00e7\u00e3o de olhar para todos os brasileiros da mesma forma, independentemente da unidade federativa&#8221;, disse a secret\u00e1ria de Enfrentamento \u00e0 Covid-19 do Minist\u00e9rio da Sa\u00fade, Rosana Leite de Melo.<\/p>\n<p>A medida foi acordada entre representantes da Uni\u00e3o, estados pelo Conselho Nacional de Secret\u00e1rios de Sa\u00fade (Conass) e munic\u00edpios pelo Conselho Nacional de Secretarias Municipais de Sa\u00fade (Conasems), ap\u00f3s a conclus\u00e3o do envio de vacinas para imunizar todos os 29 grupos priorit\u00e1rios definidos pelo Plano Nacional de Operacionaliza\u00e7\u00e3o da Vacina\u00e7\u00e3o contra a Covid-19 (PNO).<\/p>\n<p>&#8220;O PNO foi constru\u00eddo sob uma \u00f3tica de grupos priorit\u00e1rios. Nosso trabalho \u00e9 tentar, neste momento, equilibrar e deixar mais harm\u00f4nica a vacina\u00e7\u00e3o, para que todos os estados tenham a mesma oportunidade para avan\u00e7ar na imuniza\u00e7\u00e3o dos adultos acima de 18 anos, com a primeira dose&#8221;, refor\u00e7ou o secret\u00e1rio Executivo do Minist\u00e9rio da Sa\u00fade, Rodrigo Cruz.<\/p>\n<p>O ajuste na distribui\u00e7\u00e3o n\u00e3o impactar\u00e1 na distribui\u00e7\u00e3o das vacinas para a segunda dose, j\u00e1 que todos os estados continuar\u00e3o recebendo o quantitativo necess\u00e1rio para completar todos os esquemas vacinais.<\/p>\n<p><strong>Vacina\u00e7\u00e3o pelo pa\u00eds<\/strong><\/p>\n<p>A prioridade do Minist\u00e9rio da Sa\u00fade \u00e9 acelerar a campanha de vacina\u00e7\u00e3o at\u00e9 que todos os 160 milh\u00f5es de brasileiros acima de 18 anos estejam completamente imunizados. A primeira dose da vacina Covid-19 j\u00e1 chegou para mais de 117 milh\u00f5es de brasileiros, o que representa cerca de 73% do p\u00fablico-alvo. Mais de 51 milh\u00f5es de brasileiros j\u00e1 tomaram a segunda dose ou a dose \u00fanica, ou seja, 31,9% completaram o ciclo vacinal. At\u00e9 agora, mais de 207 milh\u00f5es de doses j\u00e1 foram enviadas para todo o pa\u00eds.<\/p>\n<\/div>\n<p>Fonte: Minist\u00e9rio da Sa\u00fade<\/p>\n","protected":false},"excerpt":{"rendered":"<p>A medida visa equiparar a vacina\u00e7\u00e3o por faixa et\u00e1ria em todo o pa\u00eds. Com o intuito de garantir igualdade no envio de vacinas Covid-19 para todo o pa\u00eds, o Minist\u00e9rio da Sa\u00fade apresenta nesta quarta-feira (18) a metodologia de distribui\u00e7\u00e3o de doses para os estados e Distrito Federal por faixa et\u00e1ria decrescente. As doses s\u00e3o [&hellip;]<\/p>\n","protected":false},"author":1,"featured_media":0,"comment_status":"open","ping_status":"open","sticky":false,"template":"","format":"standard","meta":{"ocean_post_layout":"","ocean_both_sidebars_style":"","ocean_both_sidebars_content_width":0,"ocean_both_sidebars_sidebars_width":0,"ocean_sidebar":"","ocean_second_sidebar":"","ocean_disable_margins":"enable","ocean_add_body_class":"","ocean_shortcode_before_top_bar":"","ocean_shortcode_after_top_bar":"","ocean_shortcode_before_header":"","ocean_shortcode_after_header":"","ocean_has_shortcode":"","ocean_shortcode_after_title":"","ocean_shortcode_before_footer_widgets":"","ocean_shortcode_after_footer_widgets":"","ocean_shortcode_before_footer_bottom":"","ocean_shortcode_after_footer_bottom":"","ocean_display_top_bar":"default","ocean_display_header":"default","ocean_header_style":"","ocean_center_header_left_menu":"","ocean_custom_header_template":"","ocean_custom_logo":0,"ocean_custom_retina_logo":0,"ocean_custom_logo_max_width":0,"ocean_custom_logo_tablet_max_width":0,"ocean_custom_logo_mobile_max_width":0,"ocean_custom_logo_max_height":0,"ocean_custom_logo_tablet_max_height":0,"ocean_custom_logo_mobile_max_height":0,"ocean_header_custom_menu":"","ocean_menu_typo_font_family":"","ocean_menu_typo_font_subset":"","ocean_menu_typo_font_size":0,"ocean_menu_typo_font_size_tablet":0,"ocean_menu_typo_font_size_mobile":0,"ocean_menu_typo_font_size_unit":"px","ocean_menu_typo_font_weight":"","ocean_menu_typo_font_weight_tablet":"","ocean_menu_typo_font_weight_mobile":"","ocean_menu_typo_transform":"","ocean_menu_typo_transform_tablet":"","ocean_menu_typo_transform_mobile":"","ocean_menu_typo_line_height":0,"ocean_menu_typo_line_height_tablet":0,"ocean_menu_typo_line_height_mobile":0,"ocean_menu_typo_line_height_unit":"","ocean_menu_typo_spacing":0,"ocean_menu_typo_spacing_tablet":0,"ocean_menu_typo_spacing_mobile":0,"ocean_menu_typo_spacing_unit":"","ocean_menu_link_color":"","ocean_menu_link_color_hover":"","ocean_menu_link_color_active":"","ocean_menu_link_background":"","ocean_menu_link_hover_background":"","ocean_menu_link_active_background":"","ocean_menu_social_links_bg":"","ocean_menu_social_hover_links_bg":"","ocean_menu_social_links_color":"","ocean_menu_social_hover_links_color":"","ocean_disable_title":"default","ocean_disable_heading":"default","ocean_post_title":"","ocean_post_subheading":"","ocean_post_title_style":"","ocean_post_title_background_color":"","ocean_post_title_background":0,"ocean_post_title_bg_image_position":"","ocean_post_title_bg_image_attachment":"","ocean_post_title_bg_image_repeat":"","ocean_post_title_bg_image_size":"","ocean_post_title_height":0,"ocean_post_title_bg_overlay":0.5,"ocean_post_title_bg_overlay_color":"","ocean_disable_breadcrumbs":"default","ocean_breadcrumbs_color":"","ocean_breadcrumbs_separator_color":"","ocean_breadcrumbs_links_color":"","ocean_breadcrumbs_links_hover_color":"","ocean_display_footer_widgets":"default","ocean_display_footer_bottom":"default","ocean_custom_footer_template":"","ocean_post_oembed":"","ocean_post_self_hosted_media":"","ocean_post_video_embed":"","ocean_link_format":"","ocean_link_format_target":"self","ocean_quote_format":"","ocean_quote_format_link":"post","ocean_gallery_link_images":"on","ocean_gallery_id":[]},"categories":[9],"tags":[3847,1490,82,318],"acf":[],"_links":{"self":[{"href":"https:\/\/www.simepe.com.br\/novo\/wp-json\/wp\/v2\/posts\/61015"}],"collection":[{"href":"https:\/\/www.simepe.com.br\/novo\/wp-json\/wp\/v2\/posts"}],"about":[{"href":"https:\/\/www.simepe.com.br\/novo\/wp-json\/wp\/v2\/types\/post"}],"author":[{"embeddable":true,"href":"https:\/\/www.simepe.com.br\/novo\/wp-json\/wp\/v2\/users\/1"}],"replies":[{"embeddable":true,"href":"https:\/\/www.simepe.com.br\/novo\/wp-json\/wp\/v2\/comments?post=61015"}],"version-history":[{"count":1,"href":"https:\/\/www.simepe.com.br\/novo\/wp-json\/wp\/v2\/posts\/61015\/revisions"}],"predecessor-version":[{"id":61021,"href":"https:\/\/www.simepe.com.br\/novo\/wp-json\/wp\/v2\/posts\/61015\/revisions\/61021"}],"wp:attachment":[{"href":"https:\/\/www.simepe.com.br\/novo\/wp-json\/wp\/v2\/media?parent=61015"}],"wp:term":[{"taxonomy":"category","embeddable":true,"href":"https:\/\/www.simepe.com.br\/novo\/wp-json\/wp\/v2\/categories?post=61015"},{"taxonomy":"post_tag","embeddable":true,"href":"https:\/\/www.simepe.com.br\/novo\/wp-json\/wp\/v2\/tags?post=61015"}],"curies":[{"name":"wp","href":"https:\/\/api.w.org\/{rel}","templated":true}]}}