{"id":61024,"date":"2021-08-19T10:31:37","date_gmt":"2021-08-19T13:31:37","guid":{"rendered":"https:\/\/www.simepe.com.br\/novo\/?p=61024"},"modified":"2021-08-19T10:31:37","modified_gmt":"2021-08-19T13:31:37","slug":"ministerio-da-saude-ajusta-distribuicao-de-vacinas-para-priorizar-estados-atrasados","status":"publish","type":"post","link":"https:\/\/www.simepe.com.br\/novo\/ministerio-da-saude-ajusta-distribuicao-de-vacinas-para-priorizar-estados-atrasados\/","title":{"rendered":"Minist\u00e9rio da Sa\u00fade ajusta distribui\u00e7\u00e3o de vacinas para priorizar estados atrasados"},"content":{"rendered":"<p><em>Estimativa da pasta para Pernambuco \u00e9 de mais de 1,6 milh\u00e3o de adultos ainda sem a primeira doseEstimativa da pasta para Pernambuco \u00e9 de mais de 1,6 milh\u00e3o de adultos ainda sem a primeira dose.<\/em><\/p>\n<p>O Minist\u00e9rio da Sa\u00fade anunciou, nessa quarta-feira (18), um ajuste na estrat\u00e9gia de distribui\u00e7\u00e3o das doses de vacinas contra a Covid-19 para priorizar estados atrasados.\u00a0Agora, cada unidade da federa\u00e7\u00e3o receber\u00e1 os lotes de acordo com o tamanho da popula\u00e7\u00e3o de 18 anos que ainda n\u00e3o foi vacinada.<\/p>\n<p>Em Pernambuco, a estimativa do Minist\u00e9rio da Sa\u00fade, segundo o <a href=\"https:\/\/www.gov.br\/saude\/pt-br\/assuntos\/noticias\/ministerio-da-saude-distribui-mais-10-4-milhoes-de-doses-de-vacinas-covid-19-neste-fim-de-semana\/Pauta40Informe38b.pdf\" target=\"_blank\"><strong>\u00faltimo informe t\u00e9cnico sobre repasse das vacinas<\/strong><\/a>,\u00a0\u00e9 que faltem cerca de 1,6 milh\u00e3o de doses para completar a primeira aplica\u00e7\u00e3o, de acordo com o que j\u00e1 foi enviado pela pasta.<\/p>\n<p>Esse n\u00famero posiciona o Estado em 11\u00ba no ranking nacional &#8211; em porcentagem, o total \u00e9 de 23,43% dos adultos ainda n\u00e3o vacinados. O Acre tem a vacina\u00e7\u00e3o mais avan\u00e7ada, com 8,59%; o Cear\u00e1 \u00e9 o mais atrasado, com 29,59% ainda em falta.<\/p>\n<p>Dados da Secretaria Estadual de Sa\u00fade (SES-PE) indicam 4.952.341 j\u00e1 adultos vacinados no Estado com a dose inicial. A popula\u00e7\u00e3o adulta de Pernambuco \u00e9 estimada em 7,2 milh\u00f5es.<\/p>\n<p>No in\u00edcio de agosto, o secret\u00e1rio estadual de Sa\u00fade de Pernambuco, Andr\u00e9 Longo, informou que o Estado passar\u00e1 a receber mais vacinas para que seja alcan\u00e7ada essa compensa\u00e7\u00e3o gradual entre as unidades federativas.<\/p>\n<p>&#8220;A partir das pr\u00f3ximas entregas, dever\u00e3o ser equiparadas as coberturas vacinais entre os estados de acordo com a popula\u00e7\u00e3o, sendo, ent\u00e3o, compensados aqueles que vinham recebendo menos doses proporcionalmente, como era o caso de Pernambuco\u201d, pontuou o gestor.<\/p>\n<p>De acordo com fala do ministro da Sa\u00fade, Marcelo Queiroga, no in\u00edcio de agosto, o crit\u00e9rio at\u00e9 ent\u00e3o adotado era o de distribui\u00e7\u00e3o por p\u00fablico-alvo de idosos, profissionais de sa\u00fade e pessoas com comorbidades, o que levava a um maior repasse de vacinas para estados com mais indiv\u00edduos desses grupos priorit\u00e1rios, como S\u00e3o Paulo, que tem a terceira campanha mais avan\u00e7ada do Pa\u00eds, com a falta de 17,23% de vacina\u00e7\u00e3o dos adultos.<\/p>\n<p>&#8220;J\u00e1 atingimos essa popula\u00e7\u00e3o [priorit\u00e1ria]. A partir da\u00ed, se mudou a metodologia, passou-se a vacinar por faixa et\u00e1ria. Em fun\u00e7\u00e3o disso, esses denominadores mudaram e \u00e9 por isso que h\u00e1 essa diverg\u00eancia&#8221;, explicou Queiroga.<\/p>\n<p>Essa diferen\u00e7a entre os estados \u00e9 sentida pela popula\u00e7\u00e3o. Enquanto o Recife, por exemplo, j\u00e1 abriu agendamento para adolescentes priorit\u00e1rios a partir dos 12 anos, <a href=\"https:\/\/www.folhape.com.br\/noticia\/capitais-ainda-vacinam-adultos-com-mais-de-30-anos-contra-a-covid\/194129\/\" target=\"_blank\"><strong>capitais como Teresina e Cuiab\u00e1 ainda atendem apenas o p\u00fablico com mais de 30 anos<\/strong><\/a>.<\/p>\n<p>A nova estrat\u00e9gia do minist\u00e9rio prev\u00ea que todas as localidades ir\u00e3o imunizar, com a primeira dose, brasileiros maiores de 18 anos, &#8220;sem preju\u00edzos para a popula\u00e7\u00e3o e de forma equ\u00e2nime&#8221;. O governo espera concluir a vacina\u00e7\u00e3o de todos os adultos com a primeira dose at\u00e9 setembro.<\/p>\n<p>&#8220;Vamos fazer o poss\u00edvel para que essa distribui\u00e7\u00e3o ajustada garanta uma maior homogeneidade na vacina\u00e7\u00e3o em todas as unidades da federa\u00e7\u00e3o.\u00a0Se imunizarmos a popula\u00e7\u00e3o vacin\u00e1vel, todos v\u00e3o se beneficiar com a imunidade que ser\u00e1 proporcionada&#8221;, afirmou o ministro da Sa\u00fade, em coletiva de imprensa na quarta-feira.<\/p>\n<p>Para enviar as doses nesse formato, o Minist\u00e9rio da Sa\u00fade fez um levantamento com base em dois crit\u00e9rios:\u00a0as vacinas para a primeira dose j\u00e1 enviadas para cada estado, desde o come\u00e7o da campanha de vacina\u00e7\u00e3o;\u00a0e a estimativa da popula\u00e7\u00e3o acima de 18 anos de cada unidade da federa\u00e7\u00e3o.<\/p>\n<p>Essa \u00e9 a estimativa de cobertura vacinal atual usada para basear o c\u00e1lculo de distribui\u00e7\u00e3o de doses. \u00c9 com essa metodologia que os estados v\u00e3o receber o quantitativo de doses para pessoas, acima de 18 anos, que ainda precisam se vacinar, considerando a quantidade de doses entregues pelos laborat\u00f3rios a cada nova distribui\u00e7\u00e3o.<\/p>\n<p>\u201cTemos que obedecer um princ\u00edpio maior, que rege toda a gest\u00e3o do SUS, que se chama equidade. Ela tem que ser sempre buscada e preservada. O Minist\u00e9rio da Sa\u00fade tem a obriga\u00e7\u00e3o de olhar para todos os brasileiros da mesma forma, independentemente da unidade federativa&#8221;, disse a secret\u00e1ria de Enfrentamento \u00e0 Covid-19 do Minist\u00e9rio da Sa\u00fade, Rosana Leite de Melo.<\/p>\n<p>O ajuste foi acordado entre representantes da Uni\u00e3o, estados pelo Conselho Nacional de Secret\u00e1rios de Sa\u00fade (Conass) e munic\u00edpios pelo Conselho Nacional de Secretarias Municipais de Sa\u00fade (Conasems), ap\u00f3s a conclus\u00e3o do envio de vacinas para imunizar todos os 29 grupos priorit\u00e1rios definidos pelo Plano Nacional de Operacionaliza\u00e7\u00e3o da Vacina\u00e7\u00e3o contra a Covid-19 (PNO).<\/p>\n<p>&#8220;O PNO foi constru\u00eddo sob uma \u00f3tica de grupos priorit\u00e1rios. Nosso trabalho \u00e9 tentar, neste momento, equilibrar e deixar mais harm\u00f4nica a vacina\u00e7\u00e3o, para que todos os estados tenham a mesma oportunidade para avan\u00e7ar na imuniza\u00e7\u00e3o dos adultos acima de 18 anos, com a primeira dose&#8221;, refor\u00e7ou o secret\u00e1rio Executivo do Minist\u00e9rio da Sa\u00fade, Rodrigo Cruz.<\/p>\n<p>O Minist\u00e9rio da Sa\u00fade refor\u00e7a que ajuste na distribui\u00e7\u00e3o n\u00e3o impactar\u00e1 no envio das vacinas para a segunda dose, j\u00e1 que todos os estados continuar\u00e3o recebendo o quantitativo necess\u00e1rio para completar todos os esquemas vacinais.<\/p>\n<p><strong>Vacina\u00e7\u00e3o em Pernambuco<\/strong><\/p>\n<p>Desde o in\u00edcio da campanha de vacina\u00e7\u00e3o, em 18 de janeiro, 8.689.830 doses foram disponibilizadas aos pernambucanos, sendo 3.906.770 da Astrazeneca\/Oxford\/Fiocruz, 2.892.080 da Coronavac\/Butantan, 1.718.730 da Pfizer\/BioNTech e 172.250 da Janssen.<\/p>\n<p>Pernambuco aplicou 7.064.104 doses de vacinas contra a Covid-19 na sua popula\u00e7\u00e3o. Desse total, 2.111.763 pernambucanos completaram seus esquemas vacinais, sendo 1.939.968 pessoas que foram vacinadas com imunizantes aplicados em duas doses e outros 171.795 pernambucanos que foram contemplados com vacina aplicada em dose \u00fanica.<\/p>\n<p>Fonte: Folha de Pernambuco<\/p>\n<p>&nbsp;<\/p>\n","protected":false},"excerpt":{"rendered":"<p>Estimativa da pasta para Pernambuco \u00e9 de mais de 1,6 milh\u00e3o de adultos ainda sem a primeira doseEstimativa da pasta para Pernambuco \u00e9 de mais de 1,6 milh\u00e3o de adultos ainda sem a primeira dose. O Minist\u00e9rio da Sa\u00fade anunciou, nessa quarta-feira (18), um ajuste na estrat\u00e9gia de distribui\u00e7\u00e3o das doses de vacinas contra a [&hellip;]<\/p>\n","protected":false},"author":1,"featured_media":0,"comment_status":"open","ping_status":"open","sticky":false,"template":"","format":"standard","meta":{"ocean_post_layout":"","ocean_both_sidebars_style":"","ocean_both_sidebars_content_width":0,"ocean_both_sidebars_sidebars_width":0,"ocean_sidebar":"","ocean_second_sidebar":"","ocean_disable_margins":"enable","ocean_add_body_class":"","ocean_shortcode_before_top_bar":"","ocean_shortcode_after_top_bar":"","ocean_shortcode_before_header":"","ocean_shortcode_after_header":"","ocean_has_shortcode":"","ocean_shortcode_after_title":"","ocean_shortcode_before_footer_widgets":"","ocean_shortcode_after_footer_widgets":"","ocean_shortcode_before_footer_bottom":"","ocean_shortcode_after_footer_bottom":"","ocean_display_top_bar":"default","ocean_display_header":"default","ocean_header_style":"","ocean_center_header_left_menu":"","ocean_custom_header_template":"","ocean_custom_logo":0,"ocean_custom_retina_logo":0,"ocean_custom_logo_max_width":0,"ocean_custom_logo_tablet_max_width":0,"ocean_custom_logo_mobile_max_width":0,"ocean_custom_logo_max_height":0,"ocean_custom_logo_tablet_max_height":0,"ocean_custom_logo_mobile_max_height":0,"ocean_header_custom_menu":"","ocean_menu_typo_font_family":"","ocean_menu_typo_font_subset":"","ocean_menu_typo_font_size":0,"ocean_menu_typo_font_size_tablet":0,"ocean_menu_typo_font_size_mobile":0,"ocean_menu_typo_font_size_unit":"px","ocean_menu_typo_font_weight":"","ocean_menu_typo_font_weight_tablet":"","ocean_menu_typo_font_weight_mobile":"","ocean_menu_typo_transform":"","ocean_menu_typo_transform_tablet":"","ocean_menu_typo_transform_mobile":"","ocean_menu_typo_line_height":0,"ocean_menu_typo_line_height_tablet":0,"ocean_menu_typo_line_height_mobile":0,"ocean_menu_typo_line_height_unit":"","ocean_menu_typo_spacing":0,"ocean_menu_typo_spacing_tablet":0,"ocean_menu_typo_spacing_mobile":0,"ocean_menu_typo_spacing_unit":"","ocean_menu_link_color":"","ocean_menu_link_color_hover":"","ocean_menu_link_color_active":"","ocean_menu_link_background":"","ocean_menu_link_hover_background":"","ocean_menu_link_active_background":"","ocean_menu_social_links_bg":"","ocean_menu_social_hover_links_bg":"","ocean_menu_social_links_color":"","ocean_menu_social_hover_links_color":"","ocean_disable_title":"default","ocean_disable_heading":"default","ocean_post_title":"","ocean_post_subheading":"","ocean_post_title_style":"","ocean_post_title_background_color":"","ocean_post_title_background":0,"ocean_post_title_bg_image_position":"","ocean_post_title_bg_image_attachment":"","ocean_post_title_bg_image_repeat":"","ocean_post_title_bg_image_size":"","ocean_post_title_height":0,"ocean_post_title_bg_overlay":0.5,"ocean_post_title_bg_overlay_color":"","ocean_disable_breadcrumbs":"default","ocean_breadcrumbs_color":"","ocean_breadcrumbs_separator_color":"","ocean_breadcrumbs_links_color":"","ocean_breadcrumbs_links_hover_color":"","ocean_display_footer_widgets":"default","ocean_display_footer_bottom":"default","ocean_custom_footer_template":"","ocean_post_oembed":"","ocean_post_self_hosted_media":"","ocean_post_video_embed":"","ocean_link_format":"","ocean_link_format_target":"self","ocean_quote_format":"","ocean_quote_format_link":"post","ocean_gallery_link_images":"on","ocean_gallery_id":[]},"categories":[9],"tags":[3847,1490,82,318],"acf":[],"_links":{"self":[{"href":"https:\/\/www.simepe.com.br\/novo\/wp-json\/wp\/v2\/posts\/61024"}],"collection":[{"href":"https:\/\/www.simepe.com.br\/novo\/wp-json\/wp\/v2\/posts"}],"about":[{"href":"https:\/\/www.simepe.com.br\/novo\/wp-json\/wp\/v2\/types\/post"}],"author":[{"embeddable":true,"href":"https:\/\/www.simepe.com.br\/novo\/wp-json\/wp\/v2\/users\/1"}],"replies":[{"embeddable":true,"href":"https:\/\/www.simepe.com.br\/novo\/wp-json\/wp\/v2\/comments?post=61024"}],"version-history":[{"count":1,"href":"https:\/\/www.simepe.com.br\/novo\/wp-json\/wp\/v2\/posts\/61024\/revisions"}],"predecessor-version":[{"id":61025,"href":"https:\/\/www.simepe.com.br\/novo\/wp-json\/wp\/v2\/posts\/61024\/revisions\/61025"}],"wp:attachment":[{"href":"https:\/\/www.simepe.com.br\/novo\/wp-json\/wp\/v2\/media?parent=61024"}],"wp:term":[{"taxonomy":"category","embeddable":true,"href":"https:\/\/www.simepe.com.br\/novo\/wp-json\/wp\/v2\/categories?post=61024"},{"taxonomy":"post_tag","embeddable":true,"href":"https:\/\/www.simepe.com.br\/novo\/wp-json\/wp\/v2\/tags?post=61024"}],"curies":[{"name":"wp","href":"https:\/\/api.w.org\/{rel}","templated":true}]}}