{"id":61026,"date":"2021-08-19T10:33:01","date_gmt":"2021-08-19T13:33:01","guid":{"rendered":"https:\/\/www.simepe.com.br\/novo\/?p=61026"},"modified":"2021-08-19T10:33:01","modified_gmt":"2021-08-19T13:33:01","slug":"entenda-o-que-ja-se-sabe-sobre-vacinacao-de-criancas-e-adolescentes-contra-a-covid-19","status":"publish","type":"post","link":"https:\/\/www.simepe.com.br\/novo\/entenda-o-que-ja-se-sabe-sobre-vacinacao-de-criancas-e-adolescentes-contra-a-covid-19\/","title":{"rendered":"Entenda o que j\u00e1 se sabe sobre vacina\u00e7\u00e3o de crian\u00e7as e adolescentes contra a Covid-19"},"content":{"rendered":"<p><em>In\u00edcio da vacina\u00e7\u00e3o em menores de 18 anos coincide com o aumento de casos de infec\u00e7\u00e3o pela variante delta.<\/em><\/p>\n<p>Com o avan\u00e7o da vacina\u00e7\u00e3o contra a Covid em adultos em partes do Brasil, os adolescentes j\u00e1 come\u00e7aram a ser vacinados em alguns estados.<\/p>\n<p>Em S\u00e3o Paulo, por exemplo, a vacina\u00e7\u00e3o contra Covid em pessoas de 12 a 17 anos come\u00e7ou na quarta-feira (18).<\/p>\n<p>A vacina\u00e7\u00e3o brasileira dos mais novos ocorre no momento em que a variante delta do Sars-CoV-2 provoca aumento de infec\u00e7\u00f5es em todo o mundo, inclusive no Brasil. A cepa \u00e9 mais transmiss\u00edvel e possui escape vacinal.<\/p>\n<p>Estudos apontam que, mesmo as vacinas continuando a funcionar contra a delta, somente a primeira dose dos imunizantes n\u00e3o tem consider\u00e1vel efeito contra a cepa. Por isso, o esquema vacinal completo -que j\u00e1 era essencial antes- se tornou ainda mais importante. Pensando em frear a variante, j\u00e1 h\u00e1 planos, em S\u00e3o Paulo, por exemplo, para adiantar a segunda dose da vacina da Pfizer, que passaria de tr\u00eas meses para 21 dias, como consta na bula do imunizante.<\/p>\n<p>Com o avan\u00e7o da delta, os EUA t\u00eam visto dezenas de milhares de contamina\u00e7\u00f5es em crian\u00e7as.<\/p>\n<p>Ao mesmo tempo, diversos pa\u00edses no mundo, entre eles o Brasil, observam sinais de queda de prote\u00e7\u00e3o contra a Covid em vacinados e planejam -ou j\u00e1 est\u00e3o aplicando- doses de refor\u00e7o nos grupos de pessoas mais velhas e em profissionais de sa\u00fade, os primeiros a receber os imunizantes.<\/p>\n<p><strong>Quais vacinas podem ser usadas para crian\u00e7as e adolescentes no Brasil?<\/strong><br \/>\nAt\u00e9 o momento, no Brasil, somente a farmac\u00eautica Pfizer recebeu autoriza\u00e7\u00e3o para mudar a bula de sua vacina e incluir os adolescentes acima de 12 anos. A autoriza\u00e7\u00e3o pela Anvisa (Ag\u00eancia Nacional de Vigil\u00e2ncia Saniat\u00e1ria) ocorreu em junho.<\/p>\n<p>Fora a Pfizer, o Instituto Butantan foi o \u00fanico a pedir autoriza\u00e7\u00e3o para uso da Coronavac em popula\u00e7\u00f5es abaixo de 18 anos. Por\u00e9m, ap\u00f3s a an\u00e1lise das informa\u00e7\u00f5es enviadas pelo instituto, a Anvisa negou o aval para aplica\u00e7\u00e3o do imunizante em pessoas de 3 a 17 anos.<\/p>\n<p>Segundo os t\u00e9cnicos da ag\u00eancia, ainda faltam dados para confirmar seguran\u00e7a e efic\u00e1cia da aplica\u00e7\u00e3o das doses neste grupo. Os documentados apresentados pelo Butantan apresentavam relativamente poucas crian\u00e7as e adolescentes para uma faixa et\u00e1ria muito ampla.<\/p>\n<p>A Janssen est\u00e1 conduzindo um estudo, autorizado pela Anvisa, para ampliar a indica\u00e7\u00e3o de idade de seu imunizante.<\/p>\n<p>At\u00e9 o momento, est\u00e3o autorizados para uso em adultos no Brasil os imunizantes da Pfizer, da Janssen, a Coronavac e a Covishield, imunizante de Oxford\/Astrazeneca.<\/p>\n<p><strong>Outros pa\u00edses j\u00e1 est\u00e3o vacinando crian\u00e7as e adolescentes?<\/strong><br \/>\nA expans\u00e3o de idade para aplica\u00e7\u00e3o da vacina contra a Covid j\u00e1 vem acontecendo nos \u00faltimos meses pelo mundo.<\/p>\n<p>Nos Estados Unidos, o CDC (Centro de Controle de Doen\u00e7as) recomenda que toda a popula\u00e7\u00e3o a partir de 12 anos deve se imunizar contra a Covid. No pa\u00eds, o imunizante da Pfizer recebeu, em maio, autoriza\u00e7\u00e3o da FDA (ag\u00eancia americana de regula\u00e7\u00e3o de drogas) para uso em adolescentes.<\/p>\n<p>Israel, em maio, foi no mesmo caminho ao autorizar a expans\u00e3o et\u00e1ria para uso da vacina. Com o crescimento de casos no pa\u00eds associado \u00e0 variante delta, em junho, o ministro da Sa\u00fade recomendou que todos de 12 a 15 anos se vacinassem contra a Covid.<\/p>\n<p>A Uni\u00e3o Europeia, em 28 de maio, tamb\u00e9m aprovou o uso da vacina da Pfizer e, em julho, o da Moderna para pessoas de 12 a 15 anos.<\/p>\n<p>No in\u00edcio de agosto, jovens com menos de 18 anos de algumas regi\u00f5es da Espanha come\u00e7aram a ser imunizados contra a Covid.<\/p>\n<p>No Reino Unido, jovens de 16 e 17 anos devem come\u00e7ar a receber doses de vacina.<\/p>\n<p>Na Alemanha, h\u00e1 um plano do governo para incentivar a vacina\u00e7\u00e3o de adolescentes. A preocupa\u00e7\u00e3o, mais uma vez, \u00e9 com a variante delta.<\/p>\n<p>O governo da China anunciou h\u00e1 pouco mis de um m\u00eas que iria come\u00e7ar a aplicar a vacina Coronavac em crian\u00e7as a partir de 3 anos.<\/p>\n<p><strong>O que diz a OMS?<\/strong><\/p>\n<p>Os planos de usar imunizantes em adolescentes e para doses de refor\u00e7o levou a uma manifesta\u00e7\u00e3o da OMS (Organiza\u00e7\u00e3o Mundial da Sa\u00fade) contr\u00e1ria \u00e0s ideias.<\/p>\n<p>Em maio, Tedros Adhanom Ghebreyesus, diretor-geral da OMS (Organiza\u00e7\u00e3o Mundial da Sa\u00fade), pediu para que os pa\u00edses que planejavam imunizar crian\u00e7as e adolescentes destinassem essas doses ao cons\u00f3rcio Covax, coaliz\u00e3o para distrui\u00e7\u00e3o mundial de vacinas.<\/p>\n<p>&#8220;Em pa\u00edses de renda baixa e m\u00e9dia-baixa, o fornecimento de vacinas n\u00e3o tem sido suficiente para imunizar nem mesmo profissionais de sa\u00fade&#8221;, afirmou Adhanom Ghebreyesus.<\/p>\n<p><strong>As vacinas aprovadas para pessoas menores de 18 anos s\u00e3o seguras?<\/strong><\/p>\n<p>Sim, as vacinas aprovadas contra a Covid para crian\u00e7as e adolescentes, como a da Pfizer, s\u00e3o seguras para essa faixa da popula\u00e7\u00e3o, assim como para as demais idades.<\/p>\n<p>H\u00e1 alguns meses, autoridades de sa\u00fade americanas e israelenses alertaram para casos raros e leves de miocardite (inflama\u00e7\u00e3o no m\u00fasculo card\u00edaco) e pericardite (inflama\u00e7\u00e3o da membrana que cerca o cora\u00e7\u00e3o) associados a vacinas que usam tecnologia de RNA mensageiro, como a Pfizer\/BioNTech e Moderna. Os casos eram concentrados em jovens e adolescentes, principalmente homens, ap\u00f3s a segunda dose.<\/p>\n<p>O CDC tamb\u00e9m apontou que os benef\u00edcios da imuniza\u00e7\u00e3o para maiores de 12 anos superam muito os poss\u00edveis riscos.<\/p>\n<p>Em julho, o estudo que mostra a seguran\u00e7a, a imunogenicidade e a efetividade em adolescentes da vacina da Pfizer foi publicado no respeitado peri\u00f3dico cient\u00edfico The New England Journal of Medicine.<\/p>\n<p>A pesquisa, randomizada, com grupo controle e com os pesquisadores cegados, foi feita com 2.260 pessoas de 12 a 15 anos, das quais 1.131 receberam a vacina e 1.129, o placebo. Os efeitos adversos observados foram transit\u00f3rios e de leves a moderados, como dor no local da inje\u00e7\u00e3o, fadiga e dor de cabe\u00e7a.<\/p>\n<p>No fim de junho, um estudo de fases 1\/2 publicado na importante revista cient\u00edfica The Lancet Infectious Diseases demonstrou que a Coronavac \u00e9 segura e produz resposta imune em crian\u00e7as de 3 a 17 anos.<br \/>\nO estudo observou 550 crian\u00e7as e adolescentes em busca de dados de seguran\u00e7a, tolerabilidade e imunogenicidade (capacidade de gerar resposta imune) de duas doses da Coronavac, com intervalo de 28 dias entre elas, assim como ocorre para outras faixas et\u00e1rias. A pesquisa foi randomizada, controlada e com duplo-cego.<\/p>\n<p><strong>H\u00e1 outros estudos sobre esse uso da vacina?<\/strong><\/p>\n<p>Novos estudos com adolescentes e com crian\u00e7as -e at\u00e9 beb\u00eas- continuam em desenvolvimento e devem crescer, para aprofundar o perfil de seguran\u00e7a dos imunizantes nessas faixas de idade.<\/p>\n<p>Neste ano, a Pfizer\/BioNTech iniciou um estudo de fase 1\/2\/3 que pretende observar 4.500 crian\u00e7as de 6 meses a 11 anos. A pesquisa, desenvolvida nos Estados Unidos, Finl\u00e2ndia, Pol\u00f4nia e Espanha, visa descobrir se a vacina \u00e9 segura e gera resposta imune nessa popula\u00e7\u00e3o. A farmac\u00eautica pode expandir o estudo para idades ainda menores de 6 meses, dependendo da seguran\u00e7a observada.<\/p>\n<p>A farmac\u00eautica planejava apresentar dados sobre crian\u00e7as de 5 a 11 anos para aprova\u00e7\u00e3o de uso emergencial nos EUA entre setembro e outubro.<br \/>\nA farmac\u00eautica Moderna tamb\u00e9m deve ampliar os seus estudos em faixas et\u00e1rias mais jovens.<\/p>\n<p><strong>Por que s\u00e3o necess\u00e1rios novos estudos espec\u00edficos em crian\u00e7as?<\/strong><br \/>\nComo as vacinas s\u00e3o direcionadas, nesse caso, para um grupo que, em teoria, tem menores risco de adoecimento, hospitaliza\u00e7\u00e3o, quadros graves e morte por Covid, \u00e9 importante ter dados robustos de seguran\u00e7a dos imunizantes.<br \/>\nAl\u00e9m disso, as crian\u00e7as costumam ter respostas imunes muito mais intensas \u00e0s vacinas, o que pode possibilitar usos diferentes, como na quantidade de doses, concentra\u00e7\u00e3o etc, em rela\u00e7\u00e3o ao indicado para adultos.<\/p>\n<p>Fonte: Folha de Pernambuco<\/p>\n","protected":false},"excerpt":{"rendered":"<p>In\u00edcio da vacina\u00e7\u00e3o em menores de 18 anos coincide com o aumento de casos de infec\u00e7\u00e3o pela variante delta. Com o avan\u00e7o da vacina\u00e7\u00e3o contra a Covid em adultos em partes do Brasil, os adolescentes j\u00e1 come\u00e7aram a ser vacinados em alguns estados. Em S\u00e3o Paulo, por exemplo, a vacina\u00e7\u00e3o contra Covid em pessoas de [&hellip;]<\/p>\n","protected":false},"author":1,"featured_media":0,"comment_status":"open","ping_status":"open","sticky":false,"template":"","format":"standard","meta":{"ocean_post_layout":"","ocean_both_sidebars_style":"","ocean_both_sidebars_content_width":0,"ocean_both_sidebars_sidebars_width":0,"ocean_sidebar":"","ocean_second_sidebar":"","ocean_disable_margins":"enable","ocean_add_body_class":"","ocean_shortcode_before_top_bar":"","ocean_shortcode_after_top_bar":"","ocean_shortcode_before_header":"","ocean_shortcode_after_header":"","ocean_has_shortcode":"","ocean_shortcode_after_title":"","ocean_shortcode_before_footer_widgets":"","ocean_shortcode_after_footer_widgets":"","ocean_shortcode_before_footer_bottom":"","ocean_shortcode_after_footer_bottom":"","ocean_display_top_bar":"default","ocean_display_header":"default","ocean_header_style":"","ocean_center_header_left_menu":"","ocean_custom_header_template":"","ocean_custom_logo":0,"ocean_custom_retina_logo":0,"ocean_custom_logo_max_width":0,"ocean_custom_logo_tablet_max_width":0,"ocean_custom_logo_mobile_max_width":0,"ocean_custom_logo_max_height":0,"ocean_custom_logo_tablet_max_height":0,"ocean_custom_logo_mobile_max_height":0,"ocean_header_custom_menu":"","ocean_menu_typo_font_family":"","ocean_menu_typo_font_subset":"","ocean_menu_typo_font_size":0,"ocean_menu_typo_font_size_tablet":0,"ocean_menu_typo_font_size_mobile":0,"ocean_menu_typo_font_size_unit":"px","ocean_menu_typo_font_weight":"","ocean_menu_typo_font_weight_tablet":"","ocean_menu_typo_font_weight_mobile":"","ocean_menu_typo_transform":"","ocean_menu_typo_transform_tablet":"","ocean_menu_typo_transform_mobile":"","ocean_menu_typo_line_height":0,"ocean_menu_typo_line_height_tablet":0,"ocean_menu_typo_line_height_mobile":0,"ocean_menu_typo_line_height_unit":"","ocean_menu_typo_spacing":0,"ocean_menu_typo_spacing_tablet":0,"ocean_menu_typo_spacing_mobile":0,"ocean_menu_typo_spacing_unit":"","ocean_menu_link_color":"","ocean_menu_link_color_hover":"","ocean_menu_link_color_active":"","ocean_menu_link_background":"","ocean_menu_link_hover_background":"","ocean_menu_link_active_background":"","ocean_menu_social_links_bg":"","ocean_menu_social_hover_links_bg":"","ocean_menu_social_links_color":"","ocean_menu_social_hover_links_color":"","ocean_disable_title":"default","ocean_disable_heading":"default","ocean_post_title":"","ocean_post_subheading":"","ocean_post_title_style":"","ocean_post_title_background_color":"","ocean_post_title_background":0,"ocean_post_title_bg_image_position":"","ocean_post_title_bg_image_attachment":"","ocean_post_title_bg_image_repeat":"","ocean_post_title_bg_image_size":"","ocean_post_title_height":0,"ocean_post_title_bg_overlay":0.5,"ocean_post_title_bg_overlay_color":"","ocean_disable_breadcrumbs":"default","ocean_breadcrumbs_color":"","ocean_breadcrumbs_separator_color":"","ocean_breadcrumbs_links_color":"","ocean_breadcrumbs_links_hover_color":"","ocean_display_footer_widgets":"default","ocean_display_footer_bottom":"default","ocean_custom_footer_template":"","ocean_post_oembed":"","ocean_post_self_hosted_media":"","ocean_post_video_embed":"","ocean_link_format":"","ocean_link_format_target":"self","ocean_quote_format":"","ocean_quote_format_link":"post","ocean_gallery_link_images":"on","ocean_gallery_id":[]},"categories":[9],"tags":[3847,1490,82,318],"acf":[],"_links":{"self":[{"href":"https:\/\/www.simepe.com.br\/novo\/wp-json\/wp\/v2\/posts\/61026"}],"collection":[{"href":"https:\/\/www.simepe.com.br\/novo\/wp-json\/wp\/v2\/posts"}],"about":[{"href":"https:\/\/www.simepe.com.br\/novo\/wp-json\/wp\/v2\/types\/post"}],"author":[{"embeddable":true,"href":"https:\/\/www.simepe.com.br\/novo\/wp-json\/wp\/v2\/users\/1"}],"replies":[{"embeddable":true,"href":"https:\/\/www.simepe.com.br\/novo\/wp-json\/wp\/v2\/comments?post=61026"}],"version-history":[{"count":1,"href":"https:\/\/www.simepe.com.br\/novo\/wp-json\/wp\/v2\/posts\/61026\/revisions"}],"predecessor-version":[{"id":61027,"href":"https:\/\/www.simepe.com.br\/novo\/wp-json\/wp\/v2\/posts\/61026\/revisions\/61027"}],"wp:attachment":[{"href":"https:\/\/www.simepe.com.br\/novo\/wp-json\/wp\/v2\/media?parent=61026"}],"wp:term":[{"taxonomy":"category","embeddable":true,"href":"https:\/\/www.simepe.com.br\/novo\/wp-json\/wp\/v2\/categories?post=61026"},{"taxonomy":"post_tag","embeddable":true,"href":"https:\/\/www.simepe.com.br\/novo\/wp-json\/wp\/v2\/tags?post=61026"}],"curies":[{"name":"wp","href":"https:\/\/api.w.org\/{rel}","templated":true}]}}