{"id":61035,"date":"2021-08-20T12:48:45","date_gmt":"2021-08-20T15:48:45","guid":{"rendered":"https:\/\/www.simepe.com.br\/novo\/?p=61035"},"modified":"2021-08-24T14:20:50","modified_gmt":"2021-08-24T17:20:50","slug":"simepe-debate-reivindicacoes-da-categoria-com-a-secretaria-de-saude-de-olinda","status":"publish","type":"post","link":"https:\/\/www.simepe.com.br\/novo\/simepe-debate-reivindicacoes-da-categoria-com-a-secretaria-de-saude-de-olinda\/","title":{"rendered":"Simepe debate reivindica\u00e7\u00f5es da categoria com a secretaria de sa\u00fade de Olinda"},"content":{"rendered":"<p style=\"text-align: justify;\">O Servi\u00e7o de Pronto Atendimento (SPA) de Olinda, localizado no bairro de Peixinhos, foi o tema da reuni\u00e3o que aconteceu na tarde desta quinta-feira (19) entre o Sindicato dos M\u00e9dicos de Pernambuco (Simepe) e a Secretaria de Sa\u00fade de Olinda. A presidente da entidade, Claudia Beatriz Andrade, e o diretor Rodrigo Rosas conversaram com a secret\u00e1ria de sa\u00fade do munic\u00edpio, Suzana Ribeiro, o secret\u00e1rio executivo de sa\u00fade, Izaldo Andrade de Lima, e o diretor da rede de urg\u00eancia e emerg\u00eancia, Bruno Costa.<a href=\"https:\/\/www.simepe.com.br\/novo\/wp-content\/uploads\/2021\/08\/Simepe-17.png\" rel=\"attachment wp-att-61037\"><br \/>\n<\/a><\/p>\n<p style=\"text-align: justify;\"><a href=\"https:\/\/www.simepe.com.br\/novo\/wp-content\/uploads\/2021\/08\/Simepe-18.png\" rel=\"attachment wp-att-61039\"><img fetchpriority=\"high\" class=\"aligncenter size-full wp-image-61039\" src=\"https:\/\/www.simepe.com.br\/novo\/wp-content\/uploads\/2021\/08\/Simepe-18.png\" alt=\"Simepe (18)\" width=\"1920\" height=\"1080\" srcset=\"https:\/\/www.simepe.com.br\/novo\/wp-content\/uploads\/2021\/08\/Simepe-18.png 1920w, https:\/\/www.simepe.com.br\/novo\/wp-content\/uploads\/2021\/08\/Simepe-18-300x169.png 300w, https:\/\/www.simepe.com.br\/novo\/wp-content\/uploads\/2021\/08\/Simepe-18-768x432.png 768w, https:\/\/www.simepe.com.br\/novo\/wp-content\/uploads\/2021\/08\/Simepe-18-1024x576.png 1024w, https:\/\/www.simepe.com.br\/novo\/wp-content\/uploads\/2021\/08\/Simepe-18-1140x641.png 1140w\" sizes=\"(max-width: 1920px) 100vw, 1920px\" \/><\/a><\/p>\n<p style=\"text-align: justify;\">A diretoria do Simepe apontou as reivindica\u00e7\u00f5es da categoria que envolviam as escalas de plant\u00f5es incompletas, sobrecarga de atendimentos, necessidade de adequa\u00e7\u00f5es nos fluxos de pacientes com sintomas de Covid-19 e assintom\u00e1ticos respirat\u00f3rios, al\u00e9m da falta de medicamentos, insumos e equipamentos.<\/p>\n<p style=\"text-align: justify;\">A secret\u00e1ria de sa\u00fade e sua equipe se comprometeram em sanar todos os problemas apresentados pelo Simepe e enviar\u00e3o at\u00e9 a pr\u00f3xima segunda-feira (23) um cronograma pol\u00edtico\u00a0para realiza\u00e7\u00e3o dessas a\u00e7\u00f5es. A entidade seguir\u00e1 acompanhando a implanta\u00e7\u00e3o de todas as medidas propostas.<\/p>\n<p style=\"text-align: justify;\">O Sindicato dos M\u00e9dicos de Pernambuco continuar\u00e1 sempre atento e acompanhando quinzenalmente o cronograma que aguarda receber por parte da Secretaria de Sa\u00fade.<\/p>\n<p style=\"text-align: justify;\"><a href=\"https:\/\/www.simepe.com.br\/novo\/wp-content\/uploads\/2021\/08\/Simepe-16-1.png\" rel=\"attachment wp-att-61038\"><img class=\"aligncenter size-full wp-image-61038\" src=\"https:\/\/www.simepe.com.br\/novo\/wp-content\/uploads\/2021\/08\/Simepe-16-1.png\" alt=\"Simepe (16)\" width=\"1920\" height=\"1080\" srcset=\"https:\/\/www.simepe.com.br\/novo\/wp-content\/uploads\/2021\/08\/Simepe-16-1.png 1920w, https:\/\/www.simepe.com.br\/novo\/wp-content\/uploads\/2021\/08\/Simepe-16-1-300x169.png 300w, https:\/\/www.simepe.com.br\/novo\/wp-content\/uploads\/2021\/08\/Simepe-16-1-768x432.png 768w, https:\/\/www.simepe.com.br\/novo\/wp-content\/uploads\/2021\/08\/Simepe-16-1-1024x576.png 1024w, https:\/\/www.simepe.com.br\/novo\/wp-content\/uploads\/2021\/08\/Simepe-16-1-1140x641.png 1140w\" sizes=\"(max-width: 1920px) 100vw, 1920px\" \/><\/a><a href=\"https:\/\/www.simepe.com.br\/novo\/wp-content\/uploads\/2021\/08\/Simepe-18.png\" rel=\"attachment wp-att-61039\"><br \/>\n<\/a><\/p>\n","protected":false},"excerpt":{"rendered":"<p>O Servi\u00e7o de Pronto Atendimento (SPA) de Olinda, localizado no bairro de Peixinhos, foi o tema da reuni\u00e3o que aconteceu na tarde desta quinta-feira (19) entre o Sindicato dos M\u00e9dicos de Pernambuco (Simepe) e a Secretaria de Sa\u00fade de Olinda. A presidente da entidade, Claudia Beatriz Andrade, e o diretor Rodrigo Rosas conversaram com a [&hellip;]<\/p>\n","protected":false},"author":1,"featured_media":61037,"comment_status":"open","ping_status":"open","sticky":false,"template":"","format":"standard","meta":{"ocean_post_layout":"","ocean_both_sidebars_style":"","ocean_both_sidebars_content_width":0,"ocean_both_sidebars_sidebars_width":0,"ocean_sidebar":"","ocean_second_sidebar":"","ocean_disable_margins":"enable","ocean_add_body_class":"","ocean_shortcode_before_top_bar":"","ocean_shortcode_after_top_bar":"","ocean_shortcode_before_header":"","ocean_shortcode_after_header":"","ocean_has_shortcode":"","ocean_shortcode_after_title":"","ocean_shortcode_before_footer_widgets":"","ocean_shortcode_after_footer_widgets":"","ocean_shortcode_before_footer_bottom":"","ocean_shortcode_after_footer_bottom":"","ocean_display_top_bar":"default","ocean_display_header":"default","ocean_header_style":"","ocean_center_header_left_menu":"","ocean_custom_header_template":"","ocean_custom_logo":0,"ocean_custom_retina_logo":0,"ocean_custom_logo_max_width":0,"ocean_custom_logo_tablet_max_width":0,"ocean_custom_logo_mobile_max_width":0,"ocean_custom_logo_max_height":0,"ocean_custom_logo_tablet_max_height":0,"ocean_custom_logo_mobile_max_height":0,"ocean_header_custom_menu":"","ocean_menu_typo_font_family":"","ocean_menu_typo_font_subset":"","ocean_menu_typo_font_size":0,"ocean_menu_typo_font_size_tablet":0,"ocean_menu_typo_font_size_mobile":0,"ocean_menu_typo_font_size_unit":"px","ocean_menu_typo_font_weight":"","ocean_menu_typo_font_weight_tablet":"","ocean_menu_typo_font_weight_mobile":"","ocean_menu_typo_transform":"","ocean_menu_typo_transform_tablet":"","ocean_menu_typo_transform_mobile":"","ocean_menu_typo_line_height":0,"ocean_menu_typo_line_height_tablet":0,"ocean_menu_typo_line_height_mobile":0,"ocean_menu_typo_line_height_unit":"","ocean_menu_typo_spacing":0,"ocean_menu_typo_spacing_tablet":0,"ocean_menu_typo_spacing_mobile":0,"ocean_menu_typo_spacing_unit":"","ocean_menu_link_color":"","ocean_menu_link_color_hover":"","ocean_menu_link_color_active":"","ocean_menu_link_background":"","ocean_menu_link_hover_background":"","ocean_menu_link_active_background":"","ocean_menu_social_links_bg":"","ocean_menu_social_hover_links_bg":"","ocean_menu_social_links_color":"","ocean_menu_social_hover_links_color":"","ocean_disable_title":"default","ocean_disable_heading":"default","ocean_post_title":"","ocean_post_subheading":"","ocean_post_title_style":"","ocean_post_title_background_color":"","ocean_post_title_background":0,"ocean_post_title_bg_image_position":"","ocean_post_title_bg_image_attachment":"","ocean_post_title_bg_image_repeat":"","ocean_post_title_bg_image_size":"","ocean_post_title_height":0,"ocean_post_title_bg_overlay":0.5,"ocean_post_title_bg_overlay_color":"","ocean_disable_breadcrumbs":"default","ocean_breadcrumbs_color":"","ocean_breadcrumbs_separator_color":"","ocean_breadcrumbs_links_color":"","ocean_breadcrumbs_links_hover_color":"","ocean_display_footer_widgets":"default","ocean_display_footer_bottom":"default","ocean_custom_footer_template":"","ocean_post_oembed":"","ocean_post_self_hosted_media":"","ocean_post_video_embed":"","ocean_link_format":"","ocean_link_format_target":"self","ocean_quote_format":"","ocean_quote_format_link":"post","ocean_gallery_link_images":"on","ocean_gallery_id":[]},"categories":[1],"tags":[],"acf":[],"_links":{"self":[{"href":"https:\/\/www.simepe.com.br\/novo\/wp-json\/wp\/v2\/posts\/61035"}],"collection":[{"href":"https:\/\/www.simepe.com.br\/novo\/wp-json\/wp\/v2\/posts"}],"about":[{"href":"https:\/\/www.simepe.com.br\/novo\/wp-json\/wp\/v2\/types\/post"}],"author":[{"embeddable":true,"href":"https:\/\/www.simepe.com.br\/novo\/wp-json\/wp\/v2\/users\/1"}],"replies":[{"embeddable":true,"href":"https:\/\/www.simepe.com.br\/novo\/wp-json\/wp\/v2\/comments?post=61035"}],"version-history":[{"count":4,"href":"https:\/\/www.simepe.com.br\/novo\/wp-json\/wp\/v2\/posts\/61035\/revisions"}],"predecessor-version":[{"id":61044,"href":"https:\/\/www.simepe.com.br\/novo\/wp-json\/wp\/v2\/posts\/61035\/revisions\/61044"}],"wp:featuredmedia":[{"embeddable":true,"href":"https:\/\/www.simepe.com.br\/novo\/wp-json\/wp\/v2\/media\/61037"}],"wp:attachment":[{"href":"https:\/\/www.simepe.com.br\/novo\/wp-json\/wp\/v2\/media?parent=61035"}],"wp:term":[{"taxonomy":"category","embeddable":true,"href":"https:\/\/www.simepe.com.br\/novo\/wp-json\/wp\/v2\/categories?post=61035"},{"taxonomy":"post_tag","embeddable":true,"href":"https:\/\/www.simepe.com.br\/novo\/wp-json\/wp\/v2\/tags?post=61035"}],"curies":[{"name":"wp","href":"https:\/\/api.w.org\/{rel}","templated":true}]}}