{"id":61059,"date":"2021-08-23T11:28:09","date_gmt":"2021-08-23T14:28:09","guid":{"rendered":"https:\/\/www.simepe.com.br\/novo\/?p=61059"},"modified":"2021-08-23T11:28:09","modified_gmt":"2021-08-23T14:28:09","slug":"veja-como-acessar-2a-via-do-comprovante-de-vacina-contra-covid-19","status":"publish","type":"post","link":"https:\/\/www.simepe.com.br\/novo\/veja-como-acessar-2a-via-do-comprovante-de-vacina-contra-covid-19\/","title":{"rendered":"Veja como acessar 2\u00aa via do comprovante de vacina contra Covid-19"},"content":{"rendered":"<p><em>Aplicativo Conecte SUS \u00e9 alternativa para obter dados.<\/em><\/p>\n<p>Mais de 75% dos brasileiros adultos tomaram a primeira dose da vacina contra a Covid-19, segundo dados do Minist\u00e9rio da Sa\u00fade. Para completar a imuniza\u00e7\u00e3o \u00e9 necess\u00e1rio ficar atento ao per\u00edodo de receb\u00ea-la. Cerca de 107 milh\u00f5es de brasileiros aguardam esse refor\u00e7o.<\/p>\n<p>Para saber o dia previsto para a segunda dose e o fabricante da vacina tomada, o usu\u00e1rio do Sistema \u00danico de Sa\u00fade (SUS) pode olhar no comprovante recebido no dia da imuniza\u00e7\u00e3o. Mas o que fazer se voc\u00ea n\u00e3o tem o cart\u00e3o? Em caso de perda, roubo ou furto do comprovante, o aplicativo Conecte SUS, do Minist\u00e9rio da Sa\u00fade, \u00e9 uma das maneiras de obter os dados e confirmar as informa\u00e7\u00f5es.<\/p>\n<p>A plataforma pode ser acessada diretamente na internet, por meio do <a href=\"http:\/\/conectesus-paciente.saude.gov.br\/\" target=\"_blank\"><strong>site do Conecte SUS<\/strong><\/a>, ou baixando o aplicativo nas lojas de app do celular. Ele est\u00e1 dispon\u00edvel nos sistemas Android e IOS. Para o primeiro acesso, ser\u00e1 necess\u00e1rio fazer um cadastro e, nos demais, basta inserir o CPF e uma senha.<\/p>\n<p>Algumas prefeituras disponibilizam a possibilidade de retirar a segunda via presencialmente. A Ag\u00eancia Brasil apresenta os procedimentos espec\u00edficos para adquirir o comprovante de vacina\u00e7\u00e3o em dez capitais:<\/p>\n<p><strong>S\u00e3o Paulo<\/strong><\/p>\n<p>O comprovante de vacina\u00e7\u00e3o pode ser acessado na vers\u00e3o digital por meio do aplicativo Poupatempo Digital. Na plataforma, est\u00e3o dispon\u00edveis tr\u00eas funcionalidades da vacina\u00e7\u00e3o contra a covid-19: o pr\u00e9-cadastro, a carteira de vacina\u00e7\u00e3o digital e a valida\u00e7\u00e3o do certificado de vacina\u00e7\u00e3o.<\/p>\n<p>Podem ser acessadas informa\u00e7\u00f5es como: doses, data da vacina\u00e7\u00e3o, profissional vacinador, nome e registro do local, fabricante e o n\u00famero do lote da vacina aplicada. \u00c9 poss\u00edvel baixar e fazer a impress\u00e3o da carteira digital, caso seja necess\u00e1rio. O documento vem com um QR Code, que comprova os dados do cidad\u00e3o.<\/p>\n<p><strong>Rio de Janeiro<\/strong><br \/>\nNa capital fluminense, quem perdeu o cart\u00e3o com o registro da primeira dose deve se dirigir ao posto em que se vacinou para pegar a segunda via. A prefeitura orienta que essas informa\u00e7\u00f5es tamb\u00e9m podem ser acessadas por meio do aplicativo Conecte SUS.<\/p>\n<p><strong>Distrito Federal<\/strong><br \/>\nO usu\u00e1rio pode entrar em contato com a Ouvidoria do governo do Distrito Federal ou procurar a UBS \u00e0 qual esteja vinculado, para que seja feita uma consulta no Sistema de Informa\u00e7\u00f5es do Programa Nacional de Imuniza\u00e7\u00f5es (SI-PNI).<\/p>\n<p>Em geral, os dados podem ser resgatados no sistema. Caso as informa\u00e7\u00f5es n\u00e3o estejam lan\u00e7adas no SI-PNI, o usu\u00e1rio deve procurar o coordenador do posto de vacina\u00e7\u00e3o em que tomou a primeira dose e relatar a situa\u00e7\u00e3o.<\/p>\n<p><strong>Fortaleza<\/strong><br \/>\nNa capital cearense, os dados est\u00e3o dispon\u00edveis no <a href=\"http:\/\/vacineja.sepog.fortaleza.ce.gov.br\/\" target=\"_blank\"><strong>site Vacine J\u00e1<\/strong><\/a>, na aba \u201cConsultar cadastro\u201d. Tamb\u00e9m \u00e9 poss\u00edvel buscar as informa\u00e7\u00f5es no aplicativo Mais Sa\u00fade Fortaleza, na aba \u201cVacinas\u201d.<\/p>\n<p><strong>Manaus<\/strong><br \/>\nAs informa\u00e7\u00f5es e comprova\u00e7\u00e3o da vacina\u00e7\u00e3o est\u00e3o dispon\u00edveis no aplicativo Conecte SUS.<\/p>\n<p><strong>Recife<\/strong><br \/>\nOs recifenses podem tirar todas as d\u00favidas relacionadas \u00e0 vacina\u00e7\u00e3o da covid-19 no site <a href=\"http:\/\/conectarecife.recife.pe.gov.br\" target=\"_blank\"><strong>conectarecife.recife.pe.gov.br<\/strong><\/a>.<\/p>\n<p><strong>Goi\u00e2nia<\/strong><br \/>\nEm caso de perda do comprovante de vacina\u00e7\u00e3o em Goi\u00e2nia, o usu\u00e1rio deve comparecer a uma unidade de sa\u00fade em que haja vacina\u00e7\u00e3o contra a Covid-19 para emitir novo cart\u00e3o.<\/p>\n<p><strong>S\u00e3o Lu\u00eds<\/strong><br \/>\nO usu\u00e1rio deve se dirigir a um Centro Municipal de Vacina\u00e7\u00e3o com documentos pessoais de identifica\u00e7\u00e3o. Em caso de perda ou roubo\/furto, a Secretaria Municipal de Sa\u00fade de S\u00e3o Lu\u00eds aplica a vacina sem exigir a apresenta\u00e7\u00e3o do cart\u00e3o f\u00edsico, apenas checando os dados armazenados da primeira dose. O governo municipal tamb\u00e9m destaca que \u00e9 poss\u00edvel acessar essas informa\u00e7\u00f5es no aplicativo Conecte SUS.<\/p>\n<p><strong>Macei\u00f3<\/strong><br \/>\nA Secretaria de Sa\u00fade de Macei\u00f3 informa que os dados sobre a vacina\u00e7\u00e3o de cada usu\u00e1rio s\u00e3o registradas pelo CPF da pessoa vacinada, no Sistema do Programa Nacional de Imuniza\u00e7\u00e3o (SI-PNI) do Minist\u00e9rio da Sa\u00fade. A pessoa vacinada tem acesso \u00e0s informa\u00e7\u00f5es por meio do site ou aplicativo do Conecte SUS.<\/p>\n<p>Tamb\u00e9m \u00e9 poss\u00edvel se dirigir a um dos pontos de vacina\u00e7\u00e3o e solicitar a segunda via do cart\u00e3o. Pelo n\u00famero do CPF, o atendente no ponto de vacina\u00e7\u00e3o tem acesso \u00e0s mesmas informa\u00e7\u00f5es e emite a segunda via do cart\u00e3o de vacina\u00e7\u00e3o.<\/p>\n<p><strong>Palmas<\/strong><br \/>\nEm Palmas, a popula\u00e7\u00e3o pode obter um novo cart\u00e3o de vacina na Unidade de Sa\u00fade da Fam\u00edlia (USFs) que aplicou a primeira dose contra a covid-19. \u00a0O novo cart\u00e3o informar\u00e1 o fabricante da primeira dose administrada. A Secretaria de Sa\u00fade do munic\u00edpio lembra a possibilidade de acessar os dados por meio do aplicativo Conecte SUS.<\/p>\n<p>Fonte: Folha de Pernambuco<\/p>\n","protected":false},"excerpt":{"rendered":"<p>Aplicativo Conecte SUS \u00e9 alternativa para obter dados. Mais de 75% dos brasileiros adultos tomaram a primeira dose da vacina contra a Covid-19, segundo dados do Minist\u00e9rio da Sa\u00fade. Para completar a imuniza\u00e7\u00e3o \u00e9 necess\u00e1rio ficar atento ao per\u00edodo de receb\u00ea-la. Cerca de 107 milh\u00f5es de brasileiros aguardam esse refor\u00e7o. Para saber o dia previsto [&hellip;]<\/p>\n","protected":false},"author":1,"featured_media":0,"comment_status":"open","ping_status":"open","sticky":false,"template":"","format":"standard","meta":{"ocean_post_layout":"","ocean_both_sidebars_style":"","ocean_both_sidebars_content_width":0,"ocean_both_sidebars_sidebars_width":0,"ocean_sidebar":"","ocean_second_sidebar":"","ocean_disable_margins":"enable","ocean_add_body_class":"","ocean_shortcode_before_top_bar":"","ocean_shortcode_after_top_bar":"","ocean_shortcode_before_header":"","ocean_shortcode_after_header":"","ocean_has_shortcode":"","ocean_shortcode_after_title":"","ocean_shortcode_before_footer_widgets":"","ocean_shortcode_after_footer_widgets":"","ocean_shortcode_before_footer_bottom":"","ocean_shortcode_after_footer_bottom":"","ocean_display_top_bar":"default","ocean_display_header":"default","ocean_header_style":"","ocean_center_header_left_menu":"","ocean_custom_header_template":"","ocean_custom_logo":0,"ocean_custom_retina_logo":0,"ocean_custom_logo_max_width":0,"ocean_custom_logo_tablet_max_width":0,"ocean_custom_logo_mobile_max_width":0,"ocean_custom_logo_max_height":0,"ocean_custom_logo_tablet_max_height":0,"ocean_custom_logo_mobile_max_height":0,"ocean_header_custom_menu":"","ocean_menu_typo_font_family":"","ocean_menu_typo_font_subset":"","ocean_menu_typo_font_size":0,"ocean_menu_typo_font_size_tablet":0,"ocean_menu_typo_font_size_mobile":0,"ocean_menu_typo_font_size_unit":"px","ocean_menu_typo_font_weight":"","ocean_menu_typo_font_weight_tablet":"","ocean_menu_typo_font_weight_mobile":"","ocean_menu_typo_transform":"","ocean_menu_typo_transform_tablet":"","ocean_menu_typo_transform_mobile":"","ocean_menu_typo_line_height":0,"ocean_menu_typo_line_height_tablet":0,"ocean_menu_typo_line_height_mobile":0,"ocean_menu_typo_line_height_unit":"","ocean_menu_typo_spacing":0,"ocean_menu_typo_spacing_tablet":0,"ocean_menu_typo_spacing_mobile":0,"ocean_menu_typo_spacing_unit":"","ocean_menu_link_color":"","ocean_menu_link_color_hover":"","ocean_menu_link_color_active":"","ocean_menu_link_background":"","ocean_menu_link_hover_background":"","ocean_menu_link_active_background":"","ocean_menu_social_links_bg":"","ocean_menu_social_hover_links_bg":"","ocean_menu_social_links_color":"","ocean_menu_social_hover_links_color":"","ocean_disable_title":"default","ocean_disable_heading":"default","ocean_post_title":"","ocean_post_subheading":"","ocean_post_title_style":"","ocean_post_title_background_color":"","ocean_post_title_background":0,"ocean_post_title_bg_image_position":"","ocean_post_title_bg_image_attachment":"","ocean_post_title_bg_image_repeat":"","ocean_post_title_bg_image_size":"","ocean_post_title_height":0,"ocean_post_title_bg_overlay":0.5,"ocean_post_title_bg_overlay_color":"","ocean_disable_breadcrumbs":"default","ocean_breadcrumbs_color":"","ocean_breadcrumbs_separator_color":"","ocean_breadcrumbs_links_color":"","ocean_breadcrumbs_links_hover_color":"","ocean_display_footer_widgets":"default","ocean_display_footer_bottom":"default","ocean_custom_footer_template":"","ocean_post_oembed":"","ocean_post_self_hosted_media":"","ocean_post_video_embed":"","ocean_link_format":"","ocean_link_format_target":"self","ocean_quote_format":"","ocean_quote_format_link":"post","ocean_gallery_link_images":"on","ocean_gallery_id":[]},"categories":[9],"tags":[3847,1490,82],"acf":[],"_links":{"self":[{"href":"https:\/\/www.simepe.com.br\/novo\/wp-json\/wp\/v2\/posts\/61059"}],"collection":[{"href":"https:\/\/www.simepe.com.br\/novo\/wp-json\/wp\/v2\/posts"}],"about":[{"href":"https:\/\/www.simepe.com.br\/novo\/wp-json\/wp\/v2\/types\/post"}],"author":[{"embeddable":true,"href":"https:\/\/www.simepe.com.br\/novo\/wp-json\/wp\/v2\/users\/1"}],"replies":[{"embeddable":true,"href":"https:\/\/www.simepe.com.br\/novo\/wp-json\/wp\/v2\/comments?post=61059"}],"version-history":[{"count":1,"href":"https:\/\/www.simepe.com.br\/novo\/wp-json\/wp\/v2\/posts\/61059\/revisions"}],"predecessor-version":[{"id":61060,"href":"https:\/\/www.simepe.com.br\/novo\/wp-json\/wp\/v2\/posts\/61059\/revisions\/61060"}],"wp:attachment":[{"href":"https:\/\/www.simepe.com.br\/novo\/wp-json\/wp\/v2\/media?parent=61059"}],"wp:term":[{"taxonomy":"category","embeddable":true,"href":"https:\/\/www.simepe.com.br\/novo\/wp-json\/wp\/v2\/categories?post=61059"},{"taxonomy":"post_tag","embeddable":true,"href":"https:\/\/www.simepe.com.br\/novo\/wp-json\/wp\/v2\/tags?post=61059"}],"curies":[{"name":"wp","href":"https:\/\/api.w.org\/{rel}","templated":true}]}}