{"id":61067,"date":"2021-08-23T11:47:26","date_gmt":"2021-08-23T14:47:26","guid":{"rendered":"https:\/\/www.simepe.com.br\/novo\/?p=61067"},"modified":"2021-08-23T11:47:26","modified_gmt":"2021-08-23T14:47:26","slug":"ipojuca-realiza-mutirao-de-imunizacao-com-mais-de-5-mil-pessoas-vacinadas","status":"publish","type":"post","link":"https:\/\/www.simepe.com.br\/novo\/ipojuca-realiza-mutirao-de-imunizacao-com-mais-de-5-mil-pessoas-vacinadas\/","title":{"rendered":"Ipojuca realiza mutir\u00e3o de imuniza\u00e7\u00e3o com mais de 5 mil pessoas vacinadas"},"content":{"rendered":"<p>O mutir\u00e3o de vacina\u00e7\u00e3o contra Covid-19 realizado no domingo (22), em Ipojuca, imunizou cerca de 5.378 pessoas, somando a primeira com a segunda dose. O munic\u00edpio iniciou no domingo a vacina\u00e7\u00e3o para a faixa et\u00e1ria dos 25 anos ou mais, al\u00e9m de come\u00e7ar a imuniza\u00e7\u00e3o de alguns grupos priorit\u00e1rios como pr\u00e9-adolescentes e jovens de 12 a 17 anos com comorbidades ou defici\u00eancias permanentes, como tamb\u00e9m gestantes e mulheres cujos filhos tenham at\u00e9 um ano de idade. A a\u00e7\u00e3o de imuniza\u00e7\u00e3o ocorreu em cinco polos de Ipojuca: Complexo de Sa\u00fade de Ipojuca, Policl\u00ednicas de Nossa Senhora do \u00d3 e de Porto de Galinhas, USF de Serrambi e Quadra da Escola Jarbas Passarinho, em Camela.<\/p>\n<p>Renata da Silva Lira, dom\u00e9stica, de 32 anos, s\u00f3 pode tomar sua primeira dose da vacina contra o coronav\u00edrus neste domingo, mas j\u00e1 est\u00e1 atenta ao dia de tomar a segunda dose para completar a imuniza\u00e7\u00e3o. \u201cTenho uma filhinha e tomando a vacina sei que tamb\u00e9m estou protegendo ela\u201d, comentou.<\/p>\n<p>Pessoas que tomaram a primeira dose de AstraZeneca nos meses de maio e junho tamb\u00e9m puderam se vacinar. O taxista Ipojucano, Jos\u00e9 Otom\u00e1rio da Rocha, foi at\u00e9 a USF de Serrambi completar a sua imuniza\u00e7\u00e3o. Durou um pouco menos de cinco minutos entre a chegada dele na unidade de sa\u00fade at\u00e9 sua sa\u00edda com o cart\u00e3o de vacina\u00e7\u00e3o nas m\u00e3os. De acordo com ele, tomar a vacina hoje \u00e9 ter um pouco de tranquilidade no exerc\u00edcio do seu trabalho. \u201cOs cuidados n\u00e3o v\u00e3o mudar. No meu t\u00e1xi, s\u00f3 entra quem usa m\u00e1scara e eu ofere\u00e7o logo \u00e1lcool em gel. Todo mundo precisa fazer a sua parte para que a gente saia logo disso\u201d, afirmou Rocha.<\/p>\n<p><strong>TestaPE<\/strong><\/p>\n<p>Tamb\u00e9m foram realizados neste domingo os testes de Covid-19 (RT-PCR) em dois pontos: Hospital de Campanha em Nossa Senhora do \u00d3 e no Centro de Testagem em Ipojuca Centro. A indica\u00e7\u00e3o \u00e9 que o exame seja feito em at\u00e9 10 dias ap\u00f3s o in\u00edcio dos sintomas, de prefer\u00eancia entre o 5\u00ba e o 7\u00ba dia. Os novos testes tamb\u00e9m est\u00e3o buscando identificar a variante Delta.<\/p>\n<p>Nesta segunda-feira (23), os testes permanecem nos mesmos locais e podem ser feitos das 8h \u00e0s 13h. J\u00e1 a vacina\u00e7\u00e3o para 25 anos ou mais continua s\u00f3 que em dois polos apenas: Creche Professora Jusete Barbosa (Centro de Ipojuca) e na Escola Maria das Dores (Nossa Senhora do \u00d3), das 8h \u00e0s 12h. N\u00e3o \u00e9 preciso agendar, apenas levar os documentos de identifica\u00e7\u00e3o: RG, CPF e comprovante de resid\u00eancia.<\/p>\n<p>Fonte: Diario de Pernambuco<\/p>\n","protected":false},"excerpt":{"rendered":"<p>O mutir\u00e3o de vacina\u00e7\u00e3o contra Covid-19 realizado no domingo (22), em Ipojuca, imunizou cerca de 5.378 pessoas, somando a primeira com a segunda dose. O munic\u00edpio iniciou no domingo a vacina\u00e7\u00e3o para a faixa et\u00e1ria dos 25 anos ou mais, al\u00e9m de come\u00e7ar a imuniza\u00e7\u00e3o de alguns grupos priorit\u00e1rios como pr\u00e9-adolescentes e jovens de 12 [&hellip;]<\/p>\n","protected":false},"author":1,"featured_media":0,"comment_status":"open","ping_status":"open","sticky":false,"template":"","format":"standard","meta":{"ocean_post_layout":"","ocean_both_sidebars_style":"","ocean_both_sidebars_content_width":0,"ocean_both_sidebars_sidebars_width":0,"ocean_sidebar":"","ocean_second_sidebar":"","ocean_disable_margins":"enable","ocean_add_body_class":"","ocean_shortcode_before_top_bar":"","ocean_shortcode_after_top_bar":"","ocean_shortcode_before_header":"","ocean_shortcode_after_header":"","ocean_has_shortcode":"","ocean_shortcode_after_title":"","ocean_shortcode_before_footer_widgets":"","ocean_shortcode_after_footer_widgets":"","ocean_shortcode_before_footer_bottom":"","ocean_shortcode_after_footer_bottom":"","ocean_display_top_bar":"default","ocean_display_header":"default","ocean_header_style":"","ocean_center_header_left_menu":"","ocean_custom_header_template":"","ocean_custom_logo":0,"ocean_custom_retina_logo":0,"ocean_custom_logo_max_width":0,"ocean_custom_logo_tablet_max_width":0,"ocean_custom_logo_mobile_max_width":0,"ocean_custom_logo_max_height":0,"ocean_custom_logo_tablet_max_height":0,"ocean_custom_logo_mobile_max_height":0,"ocean_header_custom_menu":"","ocean_menu_typo_font_family":"","ocean_menu_typo_font_subset":"","ocean_menu_typo_font_size":0,"ocean_menu_typo_font_size_tablet":0,"ocean_menu_typo_font_size_mobile":0,"ocean_menu_typo_font_size_unit":"px","ocean_menu_typo_font_weight":"","ocean_menu_typo_font_weight_tablet":"","ocean_menu_typo_font_weight_mobile":"","ocean_menu_typo_transform":"","ocean_menu_typo_transform_tablet":"","ocean_menu_typo_transform_mobile":"","ocean_menu_typo_line_height":0,"ocean_menu_typo_line_height_tablet":0,"ocean_menu_typo_line_height_mobile":0,"ocean_menu_typo_line_height_unit":"","ocean_menu_typo_spacing":0,"ocean_menu_typo_spacing_tablet":0,"ocean_menu_typo_spacing_mobile":0,"ocean_menu_typo_spacing_unit":"","ocean_menu_link_color":"","ocean_menu_link_color_hover":"","ocean_menu_link_color_active":"","ocean_menu_link_background":"","ocean_menu_link_hover_background":"","ocean_menu_link_active_background":"","ocean_menu_social_links_bg":"","ocean_menu_social_hover_links_bg":"","ocean_menu_social_links_color":"","ocean_menu_social_hover_links_color":"","ocean_disable_title":"default","ocean_disable_heading":"default","ocean_post_title":"","ocean_post_subheading":"","ocean_post_title_style":"","ocean_post_title_background_color":"","ocean_post_title_background":0,"ocean_post_title_bg_image_position":"","ocean_post_title_bg_image_attachment":"","ocean_post_title_bg_image_repeat":"","ocean_post_title_bg_image_size":"","ocean_post_title_height":0,"ocean_post_title_bg_overlay":0.5,"ocean_post_title_bg_overlay_color":"","ocean_disable_breadcrumbs":"default","ocean_breadcrumbs_color":"","ocean_breadcrumbs_separator_color":"","ocean_breadcrumbs_links_color":"","ocean_breadcrumbs_links_hover_color":"","ocean_display_footer_widgets":"default","ocean_display_footer_bottom":"default","ocean_custom_footer_template":"","ocean_post_oembed":"","ocean_post_self_hosted_media":"","ocean_post_video_embed":"","ocean_link_format":"","ocean_link_format_target":"self","ocean_quote_format":"","ocean_quote_format_link":"post","ocean_gallery_link_images":"on","ocean_gallery_id":[]},"categories":[9],"tags":[3847,1490,82,318],"acf":[],"_links":{"self":[{"href":"https:\/\/www.simepe.com.br\/novo\/wp-json\/wp\/v2\/posts\/61067"}],"collection":[{"href":"https:\/\/www.simepe.com.br\/novo\/wp-json\/wp\/v2\/posts"}],"about":[{"href":"https:\/\/www.simepe.com.br\/novo\/wp-json\/wp\/v2\/types\/post"}],"author":[{"embeddable":true,"href":"https:\/\/www.simepe.com.br\/novo\/wp-json\/wp\/v2\/users\/1"}],"replies":[{"embeddable":true,"href":"https:\/\/www.simepe.com.br\/novo\/wp-json\/wp\/v2\/comments?post=61067"}],"version-history":[{"count":1,"href":"https:\/\/www.simepe.com.br\/novo\/wp-json\/wp\/v2\/posts\/61067\/revisions"}],"predecessor-version":[{"id":61068,"href":"https:\/\/www.simepe.com.br\/novo\/wp-json\/wp\/v2\/posts\/61067\/revisions\/61068"}],"wp:attachment":[{"href":"https:\/\/www.simepe.com.br\/novo\/wp-json\/wp\/v2\/media?parent=61067"}],"wp:term":[{"taxonomy":"category","embeddable":true,"href":"https:\/\/www.simepe.com.br\/novo\/wp-json\/wp\/v2\/categories?post=61067"},{"taxonomy":"post_tag","embeddable":true,"href":"https:\/\/www.simepe.com.br\/novo\/wp-json\/wp\/v2\/tags?post=61067"}],"curies":[{"name":"wp","href":"https:\/\/api.w.org\/{rel}","templated":true}]}}