{"id":61070,"date":"2021-08-23T13:32:56","date_gmt":"2021-08-23T16:32:56","guid":{"rendered":"https:\/\/www.simepe.com.br\/novo\/?p=61070"},"modified":"2021-08-23T13:32:56","modified_gmt":"2021-08-23T16:32:56","slug":"bem-parana-casos-novos-ativos-e-obitos-por-covid-19-sobem-novamente-em-curitiba","status":"publish","type":"post","link":"https:\/\/www.simepe.com.br\/novo\/bem-parana-casos-novos-ativos-e-obitos-por-covid-19-sobem-novamente-em-curitiba\/","title":{"rendered":"BEM PARAN\u00c1: Casos novos, ativos e \u00f3bitos por Covid-19 sobem novamente em Curitiba"},"content":{"rendered":"<p style=\"text-align: justify;\">A semana pand\u00eamica 75, que se encerrou no \u00faltimo s\u00e1bado (21 de agosto), deixa sinais preocupantes para Curitiba. \u00c9 que a capital paranaense registrou um aumento no n\u00famero de diagn\u00f3sticos positivos para a Covid-19, no de \u00f3bitos causados pela doen\u00e7a pand\u00eamica e tamb\u00e9m no quantitativo de casos ativos, ou seja, o n\u00famero de pessoas atualmente infectadas e, possivelmente, transmitindo o coronav\u00edrus.<\/p>\n<p style=\"text-align: justify;\">Trata-se, ainda, da segunda semana consecutiva com piora em todos esses \u00edndices pand\u00eamicos no munic\u00edpio.<\/p>\n<p style=\"text-align: justify;\">A m\u00e9dia semanal da Covid-19 na capital paranaense \u00e9 um levantamento feito pelo Bem Paran\u00e1 desde o in\u00edcio da pandemia do novo coronav\u00edrus e tem como base os boletins epidemiol\u00f3gicos divulgados pela Secretaria Municipal da Sa\u00fade (SMS) da Prefeitura de Curitiba. Diferentemente das m\u00e9dias m\u00f3veis, que consideram os dados dos \u00faltimos sete dias, essa m\u00e9dia semanal tem uma base fixa, sempre considerando o per\u00edodo fechado entre um domingo e outro s\u00e1bado.<\/p>\n<p style=\"text-align: justify;\"><strong>Casos novos<\/strong><br \/>\nAo longo da \u00faltima semana, entre os dias 15 e 21 de agosto, foram divulgados um total de 4.684 casos novos de Covid-19 entre os curitibanos. Na compara\u00e7\u00e3o com a semana anterior, verifica-se um aumento de 8,15% no n\u00famero de registros, que desde a semana 72 sobem consecutivamente.<\/p>\n<p style=\"text-align: justify;\">Com isso, o n\u00famero de diagn\u00f3sticos divulgados na semana 75 \u00e9 o maior para a cidade desde a semana 70, entre os dias 11 e 17 de julho, quando foram registrados 5.063 casos novos no munic\u00edpio. J\u00e1 a semana com mais registros, em toda a s\u00e9rie hist\u00f3rica, foi a semana 37 (entre os dias 22 e 28 de novembro), com 9.717.<\/p>\n<p style=\"text-align: justify;\"><strong>\u00d3bitos<\/strong><br \/>\nOs falecimentos por complica\u00e7\u00f5es causadas pela infec\u00e7\u00e3o do novo coronav\u00edrus, por sua vez, tiveram aumento ainda mais expressivo, de 12,15%. Na \u00faltima semana foram divulgados 120 \u00f3bitos de curitibanos, enquanto na semana anterior haviam sido registrados 107 falecimentos.<\/p>\n<p style=\"text-align: justify;\">Trata-se, mais uma vez, do maior n\u00famero de registros na cidade desde a semana 70 (quando 122 vidas foram ceifadas pela Covid-19), enquanto em toda a s\u00e9rie hist\u00f3rica a semana com mais mortes foi a 53 (entre os dias 14 e 20 de mar\u00e7o), com 258 falecimentos.<\/p>\n<p style=\"text-align: justify;\"><strong>Casos ativos<\/strong><br \/>\nPor fim, no que diz respeito aos casos ativos, na \u00faltima semana a capital paranaense voltou a superar a marca de 7 mil pessoas atualmente contaminadas, o que n\u00e3o se verificava na cidade desde o dia 21 de julho. Isso aconteceu depois de a cidade, nos \u00faltimos 17 dias, registrar 16 aumentos no quantitativo de pessoas contaminadas.<\/p>\n<p style=\"text-align: justify;\">No s\u00e1bado (21) j\u00e1 eram 7.258 casos ativos na cidade, o que significa um aumento de 26,18% na compara\u00e7\u00e3o com o dia 4 de agosto, quando se verificou o menor n\u00famero de pessoas contaminadas na cidade desde fevereiro \u00faltimo.<\/p>\n<p style=\"text-align: justify;\"><strong>OS N\u00daMEROS DA EVOLU\u00c7\u00c3O DA PANDEMIA<\/strong><\/p>\n<p style=\"text-align: justify;\">Evolu\u00e7\u00e3o da pandemia em Curitiba, semana a semana<\/p>\n<p style=\"text-align: justify;\">Semana 75<br \/>\n(entre os dias 15 e 21 de agosto)<br \/>\nCasos novos: 4.684<br \/>\n\u00d3bitos: 120<\/p>\n<p style=\"text-align: justify;\">Semana 74<br \/>\n(entre os dias 8 e 14 de agosto)<br \/>\nCasos novos: 4.331<br \/>\n\u00d3bitos: 107<\/p>\n<p style=\"text-align: justify;\">Semana 73<br \/>\n(entre os dias 1\u00ba e 7 de agosto)<br \/>\nCasos novos: 3.314<br \/>\n\u00d3bitos: 91<\/p>\n<p style=\"text-align: justify;\">Semana 72<br \/>\n(entre os dias 25 e 31 de julho)<br \/>\nCasos novos: 3.007<br \/>\n\u00d3bitos: 111<\/p>\n<p style=\"text-align: justify;\">Semana 71<br \/>\n(entre os dias 18 e 24 de julho)<br \/>\nCasos novos: 3.757<br \/>\n\u00d3bitos: 98<\/p>\n<p style=\"text-align: justify;\">Semana 70<br \/>\n(entre os dias 11 e 17 de julho)<br \/>\nCasos novos: 5.063<br \/>\n\u00d3bitos: 122<\/p>\n<p style=\"text-align: justify;\">Evolu\u00e7\u00e3o no n\u00famero de casos ativos na cidade, diariamente<br \/>\n21 de agosto: 7.258<br \/>\n20 de agosto: 7.179<br \/>\n19 de agosto: 7.252<br \/>\n18 de agosto: 7.243<br \/>\n17 de agosto: 7.160<br \/>\n16 de agosto: 7.121<br \/>\n15 de agosto: 6.905<br \/>\n14 de agosto: 6.655<br \/>\n13 de agosto: 6.585<br \/>\n12 de agosto: 6.476<br \/>\n11 de agosto: 6.425<br \/>\n10 de agosto: 6.227<br \/>\n9 de agosto: 6.077<br \/>\n8 de agosto: 6.054<br \/>\n7 de agosto: 5.920<br \/>\n6 de agosto: 5.812<br \/>\n5 de agosto: 5.798<br \/>\n4 de agosto: 5.752<br \/>\n3 de agosto: 5.877<br \/>\n2 de agosto: 5.943<br \/>\n1 de agosto: 6.088<\/p>\n<p style=\"text-align: justify;\">Fonte: Levantamento do Bem Paran\u00e1 com base nos boletins divulgados diariamente pela Secretaria Municipal de Sa\u00fade da Prefeitura de Curitiba<\/p>\n<p style=\"text-align: justify;\"><strong>Boletins<\/strong><br \/>\nA Secretaria de Estado da Sa\u00fade divulgou ontem mais 1.694 casos confirmados e 52 mortes \u2014 referentes aos meses ou semanas anteriores e n\u00e3o representam a notifica\u00e7\u00e3o das \u00faltimas 24 horas \u2014 em decorr\u00eancia da infec\u00e7\u00e3o causada pelo novo coronav\u00edrus.<\/p>\n<p style=\"text-align: justify;\">Os dados acumulados do monitoramento da Covid-19 mostram que o Paran\u00e1 soma 1.435.683 casos confirmados e 36.747 mortes em decorr\u00eancia da doen\u00e7a.<\/p>\n<p style=\"text-align: justify;\">Brasil \u2014 O Brasil registrou ontem 14.404 novos casos e 318 mortes por Covid-19, totalizando 20.570.891 de casos e 574.527 \u00f3bitos desde o in\u00edcio da pandemia do novo coronav\u00edrus, em mar\u00e7o de 2020. Os dados s\u00e3o do Minist\u00e9rio da Sa\u00fade.<\/p>\n<p style=\"text-align: justify;\">Curitiba \u2014 Curitiba n\u00e3o divulga boletim aos domingos. Os n\u00fameros de s\u00e1bado foram 691 novos casos e 14 mortes, e o total foi para 272.257 casos e 7.005 \u00f3bitos.<\/p>\n<p style=\"text-align: justify;\">Mat\u00e9ria do Portal Bem Paran\u00e1.<\/p>\n<p style=\"text-align: justify;\">Fonte: Sindicato dos M\u00e9dicos no Estado do Paran\u00e1 (Simepar)<\/p>\n","protected":false},"excerpt":{"rendered":"<p>A semana pand\u00eamica 75, que se encerrou no \u00faltimo s\u00e1bado (21 de agosto), deixa sinais preocupantes para Curitiba. \u00c9 que a capital paranaense registrou um aumento no n\u00famero de diagn\u00f3sticos positivos para a Covid-19, no de \u00f3bitos causados pela doen\u00e7a pand\u00eamica e tamb\u00e9m no quantitativo de casos ativos, ou seja, o n\u00famero de pessoas atualmente [&hellip;]<\/p>\n","protected":false},"author":1,"featured_media":0,"comment_status":"open","ping_status":"open","sticky":false,"template":"","format":"standard","meta":{"ocean_post_layout":"","ocean_both_sidebars_style":"","ocean_both_sidebars_content_width":0,"ocean_both_sidebars_sidebars_width":0,"ocean_sidebar":"","ocean_second_sidebar":"","ocean_disable_margins":"enable","ocean_add_body_class":"","ocean_shortcode_before_top_bar":"","ocean_shortcode_after_top_bar":"","ocean_shortcode_before_header":"","ocean_shortcode_after_header":"","ocean_has_shortcode":"","ocean_shortcode_after_title":"","ocean_shortcode_before_footer_widgets":"","ocean_shortcode_after_footer_widgets":"","ocean_shortcode_before_footer_bottom":"","ocean_shortcode_after_footer_bottom":"","ocean_display_top_bar":"default","ocean_display_header":"default","ocean_header_style":"","ocean_center_header_left_menu":"","ocean_custom_header_template":"","ocean_custom_logo":0,"ocean_custom_retina_logo":0,"ocean_custom_logo_max_width":0,"ocean_custom_logo_tablet_max_width":0,"ocean_custom_logo_mobile_max_width":0,"ocean_custom_logo_max_height":0,"ocean_custom_logo_tablet_max_height":0,"ocean_custom_logo_mobile_max_height":0,"ocean_header_custom_menu":"","ocean_menu_typo_font_family":"","ocean_menu_typo_font_subset":"","ocean_menu_typo_font_size":0,"ocean_menu_typo_font_size_tablet":0,"ocean_menu_typo_font_size_mobile":0,"ocean_menu_typo_font_size_unit":"px","ocean_menu_typo_font_weight":"","ocean_menu_typo_font_weight_tablet":"","ocean_menu_typo_font_weight_mobile":"","ocean_menu_typo_transform":"","ocean_menu_typo_transform_tablet":"","ocean_menu_typo_transform_mobile":"","ocean_menu_typo_line_height":0,"ocean_menu_typo_line_height_tablet":0,"ocean_menu_typo_line_height_mobile":0,"ocean_menu_typo_line_height_unit":"","ocean_menu_typo_spacing":0,"ocean_menu_typo_spacing_tablet":0,"ocean_menu_typo_spacing_mobile":0,"ocean_menu_typo_spacing_unit":"","ocean_menu_link_color":"","ocean_menu_link_color_hover":"","ocean_menu_link_color_active":"","ocean_menu_link_background":"","ocean_menu_link_hover_background":"","ocean_menu_link_active_background":"","ocean_menu_social_links_bg":"","ocean_menu_social_hover_links_bg":"","ocean_menu_social_links_color":"","ocean_menu_social_hover_links_color":"","ocean_disable_title":"default","ocean_disable_heading":"default","ocean_post_title":"","ocean_post_subheading":"","ocean_post_title_style":"","ocean_post_title_background_color":"","ocean_post_title_background":0,"ocean_post_title_bg_image_position":"","ocean_post_title_bg_image_attachment":"","ocean_post_title_bg_image_repeat":"","ocean_post_title_bg_image_size":"","ocean_post_title_height":0,"ocean_post_title_bg_overlay":0.5,"ocean_post_title_bg_overlay_color":"","ocean_disable_breadcrumbs":"default","ocean_breadcrumbs_color":"","ocean_breadcrumbs_separator_color":"","ocean_breadcrumbs_links_color":"","ocean_breadcrumbs_links_hover_color":"","ocean_display_footer_widgets":"default","ocean_display_footer_bottom":"default","ocean_custom_footer_template":"","ocean_post_oembed":"","ocean_post_self_hosted_media":"","ocean_post_video_embed":"","ocean_link_format":"","ocean_link_format_target":"self","ocean_quote_format":"","ocean_quote_format_link":"post","ocean_gallery_link_images":"on","ocean_gallery_id":[]},"categories":[1],"tags":[],"acf":[],"_links":{"self":[{"href":"https:\/\/www.simepe.com.br\/novo\/wp-json\/wp\/v2\/posts\/61070"}],"collection":[{"href":"https:\/\/www.simepe.com.br\/novo\/wp-json\/wp\/v2\/posts"}],"about":[{"href":"https:\/\/www.simepe.com.br\/novo\/wp-json\/wp\/v2\/types\/post"}],"author":[{"embeddable":true,"href":"https:\/\/www.simepe.com.br\/novo\/wp-json\/wp\/v2\/users\/1"}],"replies":[{"embeddable":true,"href":"https:\/\/www.simepe.com.br\/novo\/wp-json\/wp\/v2\/comments?post=61070"}],"version-history":[{"count":1,"href":"https:\/\/www.simepe.com.br\/novo\/wp-json\/wp\/v2\/posts\/61070\/revisions"}],"predecessor-version":[{"id":61071,"href":"https:\/\/www.simepe.com.br\/novo\/wp-json\/wp\/v2\/posts\/61070\/revisions\/61071"}],"wp:attachment":[{"href":"https:\/\/www.simepe.com.br\/novo\/wp-json\/wp\/v2\/media?parent=61070"}],"wp:term":[{"taxonomy":"category","embeddable":true,"href":"https:\/\/www.simepe.com.br\/novo\/wp-json\/wp\/v2\/categories?post=61070"},{"taxonomy":"post_tag","embeddable":true,"href":"https:\/\/www.simepe.com.br\/novo\/wp-json\/wp\/v2\/tags?post=61070"}],"curies":[{"name":"wp","href":"https:\/\/api.w.org\/{rel}","templated":true}]}}