{"id":61072,"date":"2021-08-22T13:56:27","date_gmt":"2021-08-22T16:56:27","guid":{"rendered":"https:\/\/www.simepe.com.br\/novo\/?p=61072"},"modified":"2021-08-23T13:57:26","modified_gmt":"2021-08-23T16:57:26","slug":"atencao-medico-22-08-2020","status":"publish","type":"post","link":"https:\/\/www.simepe.com.br\/novo\/atencao-medico-22-08-2020\/","title":{"rendered":"Aten\u00e7\u00e3o M\u00e9dico &#8211; 22.08.2020"},"content":{"rendered":"<p style=\"text-align: center;\"><strong>Simepe e SES discutem superlota\u00e7\u00e3o no HGV<\/strong><\/p>\n<p style=\"text-align: justify;\">Para debater a\u00e7\u00f5es de curto e m\u00e9dio prazo sobre a superlota\u00e7\u00e3o do Hospital Get\u00falio Vargas (HGV), o Simepe participou de reuni\u00e3o, na \u00faltima quarta-feira (18), na sede da Secretaria Estadual de Sa\u00fade (SES-PE). A presidente da entidade, Claudia Beatriz, o diretor Eraldo Arraes, a representante da cirurgia vascular do HGV, Maria Luiza, o presidente e o conselheiro do Cremepe, Maur\u00edcio Matos e Carlos Eduardo Cunha, compareceram ao encontro com o secret\u00e1rio de sa\u00fade do Estado, Andr\u00e9 Longo, e sua equipe. A SES informou que j\u00e1 existem medidas para desafogar a quantidade de pacientes na unidade, al\u00e9m da amplia\u00e7\u00e3o de leitos de retaguarda. Tamb\u00e9m foi criado um grupo de trabalho para acompanhar os desdobramentos das opera\u00e7\u00f5es.<\/p>\n<p style=\"text-align: center;\"><strong>M\u00e9dicos radiologistas seguem na luta pela nomea\u00e7\u00e3o do concurso p\u00fablico<\/strong><\/p>\n<p style=\"text-align: justify;\">Dando continuidade ao di\u00e1logo pela nomea\u00e7\u00e3o do concurso p\u00fablico, os m\u00e9dicos radiologistas e representantes do Simepe reuniram-se, na segunda-feira (16) passada, por videoconfer\u00eancia. Participaram do encontro os diretores \u00c1lvaro Campos, Fernando J\u00fanior, Robson Miranda e Rodrigo Rosas, al\u00e9m do advogado da Defensoria M\u00e9dica, Ricardo Santos. A entidade segue vigilante e atuante em defesa da garantia das condi\u00e7\u00f5es adequadas para o digno exerc\u00edcio da medicina.<\/p>\n<p style=\"text-align: center;\"><strong>M\u00e9dicos do Hospital De \u00c1vila reivindicam os pagamentos dos sal\u00e1rios atrasados<\/strong><\/p>\n<p style=\"text-align: justify;\">Na tarde da segunda-feira (16), o diretor do Simepe, Rodrigo Rosas, participou de reuni\u00e3o virtual com os m\u00e9dicos da UTI geral do Hospital De \u00c1vila. A categoria reivindica os pagamentos dos sal\u00e1rios atrasados dos meses de abril, maio e junho. Na ocasi\u00e3o, os m\u00e9dicos apontaram que j\u00e1 tentaram negociar diversas vezes com a gest\u00e3o da unidade, mas n\u00e3o houve nenhuma resolutividade. Diante do problema, foi deliberado envio de of\u00edcio para dire\u00e7\u00e3o do hospital, visando cobrar a resolu\u00e7\u00e3o dessa d\u00edvida e garantir os sal\u00e1rios dos profissionais m\u00e9dicos, inclusive com proposta de cronograma para quita\u00e7\u00e3o. O Simepe seguir\u00e1 na luta para garantir que a categoria receba seus vencimentos o mais r\u00e1pido poss\u00edvel.<\/p>\n<p style=\"text-align: center;\"><strong>Simepe apresenta reivindica\u00e7\u00f5es dos residentes de Jaboat\u00e3o dos Guararapes para a Secretaria Municipal de Sa\u00fade<\/strong><\/p>\n<p style=\"text-align: justify;\">O programa de resid\u00eancia m\u00e9dica de Jaboat\u00e3o dos Guararapes foi pauta da reuni\u00e3o da quarta-feira (18) entre o Simepe e a Secretaria de Sa\u00fade do munic\u00edpio. Participaram do encontro o vice-presidente da entidade, Walber Steffano, o diretor Rodrigo Rosas, a secret\u00e1ria de sa\u00fade, Zelma Pessoa, e sua equipe gestora, na sede do \u00f3rg\u00e3o. O Simepe apresentou as demandas, que foram acolhidas pelos representantes da sa\u00fade local, que tamb\u00e9m informaram que j\u00e1 estavam cientes dos problemas e est\u00e3o tomando as medidas necess\u00e1rias para resolver todas as quest\u00f5es citadas.<\/p>\n<p style=\"text-align: center;\"><strong>Simepe e secretaria de sa\u00fade de Olinda discutem problemas do SPA Olinda<\/strong><\/p>\n<p style=\"text-align: justify;\">O SPA de Olinda, localizado no bairro de Peixinhos, foi o tema da reuni\u00e3o que aconteceu na tarde da quinta-feira (19) passada entre o Simepe e a Secretaria de Sa\u00fade de Olinda. A presidente da entidade, Claudia Beatriz Andrade, e o diretor Rodrigo Rosas conversaram com a secret\u00e1ria de sa\u00fade do munic\u00edpio, Suzana Ribeiro, o secret\u00e1rio executivo de sa\u00fade, Izaldo Andrade de Lima, e o diretor da rede de urg\u00eancia e emerg\u00eancia, Bruno Costa. A diretoria do Simepe apontou as reivindica\u00e7\u00f5es da categoria e a secret\u00e1ria de sa\u00fade e sua equipe se comprometeram em sanar todos os problemas apresentados e enviar\u00e3o at\u00e9 a pr\u00f3xima segunda-feira (23) um cronograma pol\u00edtico para p\u00f4r em pr\u00e1tica todas as a\u00e7\u00f5es.<\/p>\n","protected":false},"excerpt":{"rendered":"<p>Simepe e SES discutem superlota\u00e7\u00e3o no HGV Para debater a\u00e7\u00f5es de curto e m\u00e9dio prazo sobre a superlota\u00e7\u00e3o do Hospital Get\u00falio Vargas (HGV), o Simepe participou de reuni\u00e3o, na \u00faltima quarta-feira (18), na sede da Secretaria Estadual de Sa\u00fade (SES-PE). A presidente da entidade, Claudia Beatriz, o diretor Eraldo Arraes, a representante da cirurgia vascular [&hellip;]<\/p>\n","protected":false},"author":1,"featured_media":0,"comment_status":"open","ping_status":"open","sticky":false,"template":"","format":"standard","meta":{"ocean_post_layout":"","ocean_both_sidebars_style":"","ocean_both_sidebars_content_width":0,"ocean_both_sidebars_sidebars_width":0,"ocean_sidebar":"","ocean_second_sidebar":"","ocean_disable_margins":"enable","ocean_add_body_class":"","ocean_shortcode_before_top_bar":"","ocean_shortcode_after_top_bar":"","ocean_shortcode_before_header":"","ocean_shortcode_after_header":"","ocean_has_shortcode":"","ocean_shortcode_after_title":"","ocean_shortcode_before_footer_widgets":"","ocean_shortcode_after_footer_widgets":"","ocean_shortcode_before_footer_bottom":"","ocean_shortcode_after_footer_bottom":"","ocean_display_top_bar":"default","ocean_display_header":"default","ocean_header_style":"","ocean_center_header_left_menu":"","ocean_custom_header_template":"","ocean_custom_logo":0,"ocean_custom_retina_logo":0,"ocean_custom_logo_max_width":0,"ocean_custom_logo_tablet_max_width":0,"ocean_custom_logo_mobile_max_width":0,"ocean_custom_logo_max_height":0,"ocean_custom_logo_tablet_max_height":0,"ocean_custom_logo_mobile_max_height":0,"ocean_header_custom_menu":"","ocean_menu_typo_font_family":"","ocean_menu_typo_font_subset":"","ocean_menu_typo_font_size":0,"ocean_menu_typo_font_size_tablet":0,"ocean_menu_typo_font_size_mobile":0,"ocean_menu_typo_font_size_unit":"px","ocean_menu_typo_font_weight":"","ocean_menu_typo_font_weight_tablet":"","ocean_menu_typo_font_weight_mobile":"","ocean_menu_typo_transform":"","ocean_menu_typo_transform_tablet":"","ocean_menu_typo_transform_mobile":"","ocean_menu_typo_line_height":0,"ocean_menu_typo_line_height_tablet":0,"ocean_menu_typo_line_height_mobile":0,"ocean_menu_typo_line_height_unit":"","ocean_menu_typo_spacing":0,"ocean_menu_typo_spacing_tablet":0,"ocean_menu_typo_spacing_mobile":0,"ocean_menu_typo_spacing_unit":"","ocean_menu_link_color":"","ocean_menu_link_color_hover":"","ocean_menu_link_color_active":"","ocean_menu_link_background":"","ocean_menu_link_hover_background":"","ocean_menu_link_active_background":"","ocean_menu_social_links_bg":"","ocean_menu_social_hover_links_bg":"","ocean_menu_social_links_color":"","ocean_menu_social_hover_links_color":"","ocean_disable_title":"default","ocean_disable_heading":"default","ocean_post_title":"","ocean_post_subheading":"","ocean_post_title_style":"","ocean_post_title_background_color":"","ocean_post_title_background":0,"ocean_post_title_bg_image_position":"","ocean_post_title_bg_image_attachment":"","ocean_post_title_bg_image_repeat":"","ocean_post_title_bg_image_size":"","ocean_post_title_height":0,"ocean_post_title_bg_overlay":0.5,"ocean_post_title_bg_overlay_color":"","ocean_disable_breadcrumbs":"default","ocean_breadcrumbs_color":"","ocean_breadcrumbs_separator_color":"","ocean_breadcrumbs_links_color":"","ocean_breadcrumbs_links_hover_color":"","ocean_display_footer_widgets":"default","ocean_display_footer_bottom":"default","ocean_custom_footer_template":"","ocean_post_oembed":"","ocean_post_self_hosted_media":"","ocean_post_video_embed":"","ocean_link_format":"","ocean_link_format_target":"self","ocean_quote_format":"","ocean_quote_format_link":"post","ocean_gallery_link_images":"on","ocean_gallery_id":[]},"categories":[1],"tags":[],"acf":[],"_links":{"self":[{"href":"https:\/\/www.simepe.com.br\/novo\/wp-json\/wp\/v2\/posts\/61072"}],"collection":[{"href":"https:\/\/www.simepe.com.br\/novo\/wp-json\/wp\/v2\/posts"}],"about":[{"href":"https:\/\/www.simepe.com.br\/novo\/wp-json\/wp\/v2\/types\/post"}],"author":[{"embeddable":true,"href":"https:\/\/www.simepe.com.br\/novo\/wp-json\/wp\/v2\/users\/1"}],"replies":[{"embeddable":true,"href":"https:\/\/www.simepe.com.br\/novo\/wp-json\/wp\/v2\/comments?post=61072"}],"version-history":[{"count":1,"href":"https:\/\/www.simepe.com.br\/novo\/wp-json\/wp\/v2\/posts\/61072\/revisions"}],"predecessor-version":[{"id":61073,"href":"https:\/\/www.simepe.com.br\/novo\/wp-json\/wp\/v2\/posts\/61072\/revisions\/61073"}],"wp:attachment":[{"href":"https:\/\/www.simepe.com.br\/novo\/wp-json\/wp\/v2\/media?parent=61072"}],"wp:term":[{"taxonomy":"category","embeddable":true,"href":"https:\/\/www.simepe.com.br\/novo\/wp-json\/wp\/v2\/categories?post=61072"},{"taxonomy":"post_tag","embeddable":true,"href":"https:\/\/www.simepe.com.br\/novo\/wp-json\/wp\/v2\/tags?post=61072"}],"curies":[{"name":"wp","href":"https:\/\/api.w.org\/{rel}","templated":true}]}}