{"id":61099,"date":"2021-08-25T09:51:57","date_gmt":"2021-08-25T12:51:57","guid":{"rendered":"https:\/\/www.simepe.com.br\/novo\/?p=61099"},"modified":"2021-08-25T09:51:57","modified_gmt":"2021-08-25T12:51:57","slug":"pe-recebe-1525-mil-vacinas-da-astrazeneca","status":"publish","type":"post","link":"https:\/\/www.simepe.com.br\/novo\/pe-recebe-1525-mil-vacinas-da-astrazeneca\/","title":{"rendered":"PE recebe 152,5 mil vacinas da Astrazeneca"},"content":{"rendered":"<p>Por volta das 20h50 desta segunda-feira (23.08), um novo lote de vacinas da Astrazeneca\/Oxford\/Fiocruz contra a Covid-19 chegou a Pernambuco. As 152.500 unidades foram descarregadas no Aeroporto Internacional do Recife\/Guararapes &#8211; Gilberto Freyre e foram encaminhadas \u00e0 sede do Programa Estadual de Imuniza\u00e7\u00e3o (PNI-PE) para checagem e armazenamento. Na manh\u00e3 de hoje, 105.300 doses da Pfizer\/BioNTech j\u00e1 haviam sido recebidas para refor\u00e7ar a campanha de vacina\u00e7\u00e3o.<\/p>\n<p>\u201cEstamos satisfeitos com os avan\u00e7os na vacina\u00e7\u00e3o da nossa popula\u00e7\u00e3o. Nos \u00faltimos trinta dias, Pernambuco recebeu ao todo mais de tr\u00eas milh\u00f5es de doses de vacinas contra o novo coronav\u00edrus. Isso representa quase um ter\u00e7o do total de imunizantes que chegaram ao Estado desde janeiro, quando come\u00e7amos a nossa campanha de vacina\u00e7\u00e3o. Mas vamos continuar empenhados e avan\u00e7ando cada vez mais\u201d, afirmou o governador Paulo C\u00e2mara.<\/p>\n<p>A distribui\u00e7\u00e3o dos dois novos lotes \u00e0s Ger\u00eancias Regionais de Sa\u00fade (Geres) ser\u00e1 feita na madrugada desta ter\u00e7a-feira (24.08), juntamente outras 107.300 unidades da vacina Coronavac\/Butantan que foram recebidas ontem (22.08). \u201cTodas essas vacinas nos permitiram ofertar a imuniza\u00e7\u00e3o \u00e0 popula\u00e7\u00e3o adulta e iniciar a vacina\u00e7\u00e3o dos adolescentes previstos em lei federal publicada em julho. Vamos continuar empenhados na prote\u00e7\u00e3o de todos os pernambucanos, inclusive com a segunda dose, para que possamos superar essa que \u00e9 a maior crise sanit\u00e1ria mundial dos \u00faltimos 100 anos&#8221;, disse o secret\u00e1rio estadual de Sa\u00fade, Andr\u00e9 Longo.<\/p>\n<p>Na entrega aos munic\u00edpios, a orienta\u00e7\u00e3o \u00e9 que as doses da Coronavac sejam destinadas ao esquema completo da popula\u00e7\u00e3o em geral. As da Astrazeneca ser\u00e3o exclusivamente para segundas doses das pessoas com comorbidades e defici\u00eancia. J\u00e1 as da Pfizer garantir\u00e3o a primeira dose da popula\u00e7\u00e3o em geral e dos adolescentes entre 12 e 17 anos com defici\u00eancia permanente, comorbidades, gestantes, pu\u00e9rperas (no puerp\u00e9rio remoto \u2013 at\u00e9 um ano) ou privados de liberdade. O insumo da Pfizer ainda ir\u00e1 para a conclus\u00e3o do esquema vacinal de gestantes e pu\u00e9rperas a partir dos 18 anos.<\/p>\n<p>Em rela\u00e7\u00e3o \u00e0 vacina\u00e7\u00e3o dos adolescentes inclusos no Plano Nacional de Operacionaliza\u00e7\u00e3o, o Programa Estadual de Imuniza\u00e7\u00e3o refor\u00e7a que divulgou, na \u00faltima semana, nota t\u00e9cnica explicando essa imuniza\u00e7\u00e3o e informando a lista das comorbidades elencadas. O material foi repassado \u00e0s secretarias municipais de Sa\u00fade e tamb\u00e9m est\u00e1 dispon\u00edvel no <a href=\"https:\/\/cutt.ly\/HQ7TojJ\">https:\/\/cutt.ly\/HQ7TojJ<\/a>.<\/p>\n<p>Com as vacinas que chegaram nesta segunda-feira, Pernambuco totaliza 9.456.260 doses, sendo 4.059.270 da Astrazeneca\/Oxford\/Fiocruz, 3.214.680 da Coronavac\/Butantan, 2.010.060 da Pfizer\/BioNTech e 172.250 da Janssen.<\/p>\n<p>Fonte: Secretaria Estadual de Sa\u00fade (SES)<\/p>\n","protected":false},"excerpt":{"rendered":"<p>Por volta das 20h50 desta segunda-feira (23.08), um novo lote de vacinas da Astrazeneca\/Oxford\/Fiocruz contra a Covid-19 chegou a Pernambuco. As 152.500 unidades foram descarregadas no Aeroporto Internacional do Recife\/Guararapes &#8211; Gilberto Freyre e foram encaminhadas \u00e0 sede do Programa Estadual de Imuniza\u00e7\u00e3o (PNI-PE) para checagem e armazenamento. Na manh\u00e3 de hoje, 105.300 doses da [&hellip;]<\/p>\n","protected":false},"author":1,"featured_media":0,"comment_status":"open","ping_status":"open","sticky":false,"template":"","format":"standard","meta":{"ocean_post_layout":"","ocean_both_sidebars_style":"","ocean_both_sidebars_content_width":0,"ocean_both_sidebars_sidebars_width":0,"ocean_sidebar":"","ocean_second_sidebar":"","ocean_disable_margins":"enable","ocean_add_body_class":"","ocean_shortcode_before_top_bar":"","ocean_shortcode_after_top_bar":"","ocean_shortcode_before_header":"","ocean_shortcode_after_header":"","ocean_has_shortcode":"","ocean_shortcode_after_title":"","ocean_shortcode_before_footer_widgets":"","ocean_shortcode_after_footer_widgets":"","ocean_shortcode_before_footer_bottom":"","ocean_shortcode_after_footer_bottom":"","ocean_display_top_bar":"default","ocean_display_header":"default","ocean_header_style":"","ocean_center_header_left_menu":"","ocean_custom_header_template":"","ocean_custom_logo":0,"ocean_custom_retina_logo":0,"ocean_custom_logo_max_width":0,"ocean_custom_logo_tablet_max_width":0,"ocean_custom_logo_mobile_max_width":0,"ocean_custom_logo_max_height":0,"ocean_custom_logo_tablet_max_height":0,"ocean_custom_logo_mobile_max_height":0,"ocean_header_custom_menu":"","ocean_menu_typo_font_family":"","ocean_menu_typo_font_subset":"","ocean_menu_typo_font_size":0,"ocean_menu_typo_font_size_tablet":0,"ocean_menu_typo_font_size_mobile":0,"ocean_menu_typo_font_size_unit":"px","ocean_menu_typo_font_weight":"","ocean_menu_typo_font_weight_tablet":"","ocean_menu_typo_font_weight_mobile":"","ocean_menu_typo_transform":"","ocean_menu_typo_transform_tablet":"","ocean_menu_typo_transform_mobile":"","ocean_menu_typo_line_height":0,"ocean_menu_typo_line_height_tablet":0,"ocean_menu_typo_line_height_mobile":0,"ocean_menu_typo_line_height_unit":"","ocean_menu_typo_spacing":0,"ocean_menu_typo_spacing_tablet":0,"ocean_menu_typo_spacing_mobile":0,"ocean_menu_typo_spacing_unit":"","ocean_menu_link_color":"","ocean_menu_link_color_hover":"","ocean_menu_link_color_active":"","ocean_menu_link_background":"","ocean_menu_link_hover_background":"","ocean_menu_link_active_background":"","ocean_menu_social_links_bg":"","ocean_menu_social_hover_links_bg":"","ocean_menu_social_links_color":"","ocean_menu_social_hover_links_color":"","ocean_disable_title":"default","ocean_disable_heading":"default","ocean_post_title":"","ocean_post_subheading":"","ocean_post_title_style":"","ocean_post_title_background_color":"","ocean_post_title_background":0,"ocean_post_title_bg_image_position":"","ocean_post_title_bg_image_attachment":"","ocean_post_title_bg_image_repeat":"","ocean_post_title_bg_image_size":"","ocean_post_title_height":0,"ocean_post_title_bg_overlay":0.5,"ocean_post_title_bg_overlay_color":"","ocean_disable_breadcrumbs":"default","ocean_breadcrumbs_color":"","ocean_breadcrumbs_separator_color":"","ocean_breadcrumbs_links_color":"","ocean_breadcrumbs_links_hover_color":"","ocean_display_footer_widgets":"default","ocean_display_footer_bottom":"default","ocean_custom_footer_template":"","ocean_post_oembed":"","ocean_post_self_hosted_media":"","ocean_post_video_embed":"","ocean_link_format":"","ocean_link_format_target":"self","ocean_quote_format":"","ocean_quote_format_link":"post","ocean_gallery_link_images":"on","ocean_gallery_id":[]},"categories":[9],"tags":[3847,1490,82,318],"acf":[],"_links":{"self":[{"href":"https:\/\/www.simepe.com.br\/novo\/wp-json\/wp\/v2\/posts\/61099"}],"collection":[{"href":"https:\/\/www.simepe.com.br\/novo\/wp-json\/wp\/v2\/posts"}],"about":[{"href":"https:\/\/www.simepe.com.br\/novo\/wp-json\/wp\/v2\/types\/post"}],"author":[{"embeddable":true,"href":"https:\/\/www.simepe.com.br\/novo\/wp-json\/wp\/v2\/users\/1"}],"replies":[{"embeddable":true,"href":"https:\/\/www.simepe.com.br\/novo\/wp-json\/wp\/v2\/comments?post=61099"}],"version-history":[{"count":1,"href":"https:\/\/www.simepe.com.br\/novo\/wp-json\/wp\/v2\/posts\/61099\/revisions"}],"predecessor-version":[{"id":61100,"href":"https:\/\/www.simepe.com.br\/novo\/wp-json\/wp\/v2\/posts\/61099\/revisions\/61100"}],"wp:attachment":[{"href":"https:\/\/www.simepe.com.br\/novo\/wp-json\/wp\/v2\/media?parent=61099"}],"wp:term":[{"taxonomy":"category","embeddable":true,"href":"https:\/\/www.simepe.com.br\/novo\/wp-json\/wp\/v2\/categories?post=61099"},{"taxonomy":"post_tag","embeddable":true,"href":"https:\/\/www.simepe.com.br\/novo\/wp-json\/wp\/v2\/tags?post=61099"}],"curies":[{"name":"wp","href":"https:\/\/api.w.org\/{rel}","templated":true}]}}