{"id":61120,"date":"2021-08-27T10:29:51","date_gmt":"2021-08-27T13:29:51","guid":{"rendered":"https:\/\/www.simepe.com.br\/novo\/?p=61120"},"modified":"2021-08-27T10:29:51","modified_gmt":"2021-08-27T13:29:51","slug":"100-milhoes-de-doses-por-ano-brasil-tera-producao-nacional-de-vacinas-covid-19-da-pfizer","status":"publish","type":"post","link":"https:\/\/www.simepe.com.br\/novo\/100-milhoes-de-doses-por-ano-brasil-tera-producao-nacional-de-vacinas-covid-19-da-pfizer\/","title":{"rendered":"100 milh\u00f5es de doses por ano: Brasil ter\u00e1 produ\u00e7\u00e3o nacional de vacinas Covid-19 da Pfizer"},"content":{"rendered":"<p><em>An\u00fancio da parceria com a farmac\u00eautica brasileira Eurofarma \u00e9 mais um passo para refor\u00e7ar o complexo industrial de sa\u00fade no pa\u00eds.<\/em><\/p>\n<p>Mais de 100 milh\u00f5es de doses de vacinas Covid-19 produzidas no Brasil por ano: essa \u00e9 a capacidade que ter\u00e1 a f\u00e1brica da Pfizer\/BioNTech em parceria com a farmac\u00eautica Eurofarma. O an\u00fancio da assinatura da carta de inten\u00e7\u00e3o entre as duas empresas foi feito nesta quinta-feira (26) e os detalhes foram divulgados durante uma coletiva no Minist\u00e9rio da Sa\u00fade.<\/p>\n<p>A produ\u00e7\u00e3o nacional de vacinas \u00e9 um passo importante para o fortalecimento do complexo industrial de sa\u00fade e vai refor\u00e7ar ainda mais o Programa Nacional de Imuniza\u00e7\u00f5es (PNI). A expectativa dos laborat\u00f3rios \u00e9 que a produ\u00e7\u00e3o comece em 2022.<\/p>\n<p>&#8220;Hoje \u00e9 um dia hist\u00f3rico para n\u00f3s. Isso representa uma esperan\u00e7a para o povo brasileiro. Essa iniciativa vai refor\u00e7ar ainda mais o nosso Programa Nacional de Imuniza\u00e7\u00f5es que j\u00e1 vem vacinando milh\u00f5es de brasileiros por dia, al\u00e9m de fortalecer o complexo industrial da sa\u00fade no Brasil. Seguiremos sendo um bom exemplo para o mundo no enfrentamento \u00e0 Covid-19&#8221;, refor\u00e7ou o ministro da Sa\u00fade, Marcelo Queiroga.<\/p>\n<p>Para agilizar a produ\u00e7\u00e3o, as atividades de transfer\u00eancia de tecnologia, o desenvolvimento no local e a instala\u00e7\u00e3o de equipamentos come\u00e7am de forma imediata. A farmac\u00eautica realizar\u00e1 as atividades seguindo os padr\u00f5es globais da Pfizer e da BioNTech para produ\u00e7\u00e3o de vacinas Covid-19, que se estende por quatro continentes e inclui mais de 20 instala\u00e7\u00f5es pelo mundo.<\/p>\n<p>&#8220;At\u00e9 esta semana, entregamos mais de 50 milh\u00f5es de vacinas Pfizer ao Programa Nacional de Imuniza\u00e7\u00f5es (PNI). E at\u00e9 o final de setembro mais 50 milh\u00f5es. E, hoje, mais um passo importante. Esperamos que por meio dessa iniciativa podemos ampliar o nosso trabalho no combate \u00e0 pandemia. Com a produ\u00e7\u00e3o no Brasil, conseguiremos produzir mais de 100 milh\u00f5es de doses por ano. Estamos honrados em colocar a nossa expertise nesse projeto&#8221;, afirmou a presidente da Pfizer Brasil, Marta D\u00edez.<\/p>\n<p>Entre os requisitos exigidos pela Pfizer e BioNTech para a escolha de farmac\u00eauticas, como a Eurofarma, est\u00e3o a qualidade, conformidade, hist\u00f3rico de seguran\u00e7a, capacidade t\u00e9cnica, disponibilidade de capacidade, funcion\u00e1rios altamente treinados, habilidades de gerenciamento de projeto e compromisso em trabalhar com flexibilidade por meio de um programa acelerado.<\/p>\n<p>At\u00e9 o momento, a Pfizer\/BioNTech enviou mais de 1,3 bilh\u00e3o de doses da vacina Covid-19 para mais de 120 pa\u00edses e territ\u00f3rios em todas as regi\u00f5es do mundo. Desde o come\u00e7o da campanha nacional de vacina\u00e7\u00e3o, 45,9 milh\u00f5es de doses j\u00e1 foram entregues e distribu\u00eddas pelo Minist\u00e9rio da Sa\u00fade para o todo o Brasil.<\/p>\n<p>&#8220;Nosso prop\u00f3sito sempre foi buscar o acesso justo e equitativo para a nossa vacina. Acreditamos que essa \u00e9 uma responsabilidade coletiva. \u00c9 atrav\u00e9s da colabora\u00e7\u00e3o que vamos conseguir isso. Essa carta de inten\u00e7\u00e3o vai nos permitir o acesso justo e equitativo \u00e0 vacina tanto para a popula\u00e7\u00e3o brasileira como para a popula\u00e7\u00e3o da Am\u00e9rica Latina&#8221;, ressaltou o presidente da Pfizer na Am\u00e9rica Latina, Carlos Murillo.<\/p>\n<p>Na previs\u00e3o de entregas divulgada nesta quinta-feira (26), a Pfizer deve fechar o m\u00eas de agosto com 26,2 milh\u00f5es de doses e mais 44,5 milh\u00f5es em setembro entregues ao Minist\u00e9rio da Sa\u00fade, acelerando ainda mais a campanha de imuniza\u00e7\u00e3o contra a Covid-19 que j\u00e1 vacinou mais de 126 milh\u00f5es de brasileiros com a primeira dose.<\/p>\n<p>&#8220;Hoje, estamos chegando a 223 milh\u00f5es de doses distribu\u00eddas e 184 milh\u00f5es de doses aplicadas. Isso demonstra a vontade do presidente Jair Bolsonaro de levar imuniza\u00e7\u00e3o para todos os brasileiros. Toda a popula\u00e7\u00e3o que foi imunizada at\u00e9 o momento foi fruto do trabalho do Minist\u00e9rio da Sa\u00fade e da determina\u00e7\u00e3o do nosso Presidente. Quero agradecer ainda \u00e0 Eurofarma e \u00e0 Pfizer\/BioNTech por confiar no Brasil para produ\u00e7\u00e3o de vacinas e, posteriormente, a distribui\u00e7\u00e3o de doses aos pa\u00edses da Am\u00e9rica Latina&#8221;, afirmou o ministro da Casa Civil, Ciro Nogueira.<\/p>\n<p>Fonte: Minist\u00e9rio da Sa\u00fade<\/p>\n","protected":false},"excerpt":{"rendered":"<p>An\u00fancio da parceria com a farmac\u00eautica brasileira Eurofarma \u00e9 mais um passo para refor\u00e7ar o complexo industrial de sa\u00fade no pa\u00eds. Mais de 100 milh\u00f5es de doses de vacinas Covid-19 produzidas no Brasil por ano: essa \u00e9 a capacidade que ter\u00e1 a f\u00e1brica da Pfizer\/BioNTech em parceria com a farmac\u00eautica Eurofarma. O an\u00fancio da assinatura [&hellip;]<\/p>\n","protected":false},"author":1,"featured_media":0,"comment_status":"open","ping_status":"open","sticky":false,"template":"","format":"standard","meta":{"ocean_post_layout":"","ocean_both_sidebars_style":"","ocean_both_sidebars_content_width":0,"ocean_both_sidebars_sidebars_width":0,"ocean_sidebar":"","ocean_second_sidebar":"","ocean_disable_margins":"enable","ocean_add_body_class":"","ocean_shortcode_before_top_bar":"","ocean_shortcode_after_top_bar":"","ocean_shortcode_before_header":"","ocean_shortcode_after_header":"","ocean_has_shortcode":"","ocean_shortcode_after_title":"","ocean_shortcode_before_footer_widgets":"","ocean_shortcode_after_footer_widgets":"","ocean_shortcode_before_footer_bottom":"","ocean_shortcode_after_footer_bottom":"","ocean_display_top_bar":"default","ocean_display_header":"default","ocean_header_style":"","ocean_center_header_left_menu":"","ocean_custom_header_template":"","ocean_custom_logo":0,"ocean_custom_retina_logo":0,"ocean_custom_logo_max_width":0,"ocean_custom_logo_tablet_max_width":0,"ocean_custom_logo_mobile_max_width":0,"ocean_custom_logo_max_height":0,"ocean_custom_logo_tablet_max_height":0,"ocean_custom_logo_mobile_max_height":0,"ocean_header_custom_menu":"","ocean_menu_typo_font_family":"","ocean_menu_typo_font_subset":"","ocean_menu_typo_font_size":0,"ocean_menu_typo_font_size_tablet":0,"ocean_menu_typo_font_size_mobile":0,"ocean_menu_typo_font_size_unit":"px","ocean_menu_typo_font_weight":"","ocean_menu_typo_font_weight_tablet":"","ocean_menu_typo_font_weight_mobile":"","ocean_menu_typo_transform":"","ocean_menu_typo_transform_tablet":"","ocean_menu_typo_transform_mobile":"","ocean_menu_typo_line_height":0,"ocean_menu_typo_line_height_tablet":0,"ocean_menu_typo_line_height_mobile":0,"ocean_menu_typo_line_height_unit":"","ocean_menu_typo_spacing":0,"ocean_menu_typo_spacing_tablet":0,"ocean_menu_typo_spacing_mobile":0,"ocean_menu_typo_spacing_unit":"","ocean_menu_link_color":"","ocean_menu_link_color_hover":"","ocean_menu_link_color_active":"","ocean_menu_link_background":"","ocean_menu_link_hover_background":"","ocean_menu_link_active_background":"","ocean_menu_social_links_bg":"","ocean_menu_social_hover_links_bg":"","ocean_menu_social_links_color":"","ocean_menu_social_hover_links_color":"","ocean_disable_title":"default","ocean_disable_heading":"default","ocean_post_title":"","ocean_post_subheading":"","ocean_post_title_style":"","ocean_post_title_background_color":"","ocean_post_title_background":0,"ocean_post_title_bg_image_position":"","ocean_post_title_bg_image_attachment":"","ocean_post_title_bg_image_repeat":"","ocean_post_title_bg_image_size":"","ocean_post_title_height":0,"ocean_post_title_bg_overlay":0.5,"ocean_post_title_bg_overlay_color":"","ocean_disable_breadcrumbs":"default","ocean_breadcrumbs_color":"","ocean_breadcrumbs_separator_color":"","ocean_breadcrumbs_links_color":"","ocean_breadcrumbs_links_hover_color":"","ocean_display_footer_widgets":"default","ocean_display_footer_bottom":"default","ocean_custom_footer_template":"","ocean_post_oembed":"","ocean_post_self_hosted_media":"","ocean_post_video_embed":"","ocean_link_format":"","ocean_link_format_target":"self","ocean_quote_format":"","ocean_quote_format_link":"post","ocean_gallery_link_images":"on","ocean_gallery_id":[]},"categories":[9],"tags":[3847,1490,3881,82,318],"acf":[],"_links":{"self":[{"href":"https:\/\/www.simepe.com.br\/novo\/wp-json\/wp\/v2\/posts\/61120"}],"collection":[{"href":"https:\/\/www.simepe.com.br\/novo\/wp-json\/wp\/v2\/posts"}],"about":[{"href":"https:\/\/www.simepe.com.br\/novo\/wp-json\/wp\/v2\/types\/post"}],"author":[{"embeddable":true,"href":"https:\/\/www.simepe.com.br\/novo\/wp-json\/wp\/v2\/users\/1"}],"replies":[{"embeddable":true,"href":"https:\/\/www.simepe.com.br\/novo\/wp-json\/wp\/v2\/comments?post=61120"}],"version-history":[{"count":1,"href":"https:\/\/www.simepe.com.br\/novo\/wp-json\/wp\/v2\/posts\/61120\/revisions"}],"predecessor-version":[{"id":61121,"href":"https:\/\/www.simepe.com.br\/novo\/wp-json\/wp\/v2\/posts\/61120\/revisions\/61121"}],"wp:attachment":[{"href":"https:\/\/www.simepe.com.br\/novo\/wp-json\/wp\/v2\/media?parent=61120"}],"wp:term":[{"taxonomy":"category","embeddable":true,"href":"https:\/\/www.simepe.com.br\/novo\/wp-json\/wp\/v2\/categories?post=61120"},{"taxonomy":"post_tag","embeddable":true,"href":"https:\/\/www.simepe.com.br\/novo\/wp-json\/wp\/v2\/tags?post=61120"}],"curies":[{"name":"wp","href":"https:\/\/api.w.org\/{rel}","templated":true}]}}