{"id":61126,"date":"2021-08-27T10:51:29","date_gmt":"2021-08-27T13:51:29","guid":{"rendered":"https:\/\/www.simepe.com.br\/novo\/?p=61126"},"modified":"2021-08-27T10:51:29","modified_gmt":"2021-08-27T13:51:29","slug":"pernambuco-busca-equilibrar-entrega-de-primeiras-doses-a-municipios-com-novo-calculo-de-distribuicao","status":"publish","type":"post","link":"https:\/\/www.simepe.com.br\/novo\/pernambuco-busca-equilibrar-entrega-de-primeiras-doses-a-municipios-com-novo-calculo-de-distribuicao\/","title":{"rendered":"Pernambuco busca equilibrar entrega de primeiras doses a munic\u00edpios com novo c\u00e1lculo de distribui\u00e7\u00e3o"},"content":{"rendered":"<p><em>Rateio n\u00e3o leRateio n\u00e3o levar\u00e1 mais em conta o crit\u00e9rio de faixa et\u00e1ria e sim o quanto falta de pessoas a serem vacinadas em cada cidadevar\u00e1 mais em conta o crit\u00e9rio de faixa et\u00e1ria e sim o quanto falta de pessoas a serem vacinadas em cada cidade.<\/em><\/p>\n<p>Com o objetivo de equilibrar o envio de primeiras doses de vacinas contra a Covid-19 para os munic\u00edpios pernambucanos, o Governo do Estado passar\u00e1 a distribuir as remessas de forma proporcional ao que falta para cidade completar a sua campanha de vacina\u00e7\u00e3o.<\/p>\n<p>A iniciativa, que segue <a href=\"https:\/\/www.folhape.com.br\/noticias\/ministerio-da-saude-ajusta-distribuicao-de-vacinas-para-priorizar\/194417\/\" target=\"_blank\"><strong>o que foi ajustado pelo Governo Federal entre os estados<\/strong><\/a>, foi pactuada em reuni\u00e3o da Comiss\u00e3o Intergestora Bipartite (CIB), nessa quinta-feira (26).<\/p>\n<p>De acordo com o Governo de Pernambuco, o Programa Estadual de Imuniza\u00e7\u00e3o (PNI-PE), com aux\u00edlio da c\u00e2mara t\u00e9cnica do Conselho de Secretarias Municipais de Sa\u00fade (Cosems-PE), tomou como base o total de pessoas de 18 a 59 anos e de grupos priorit\u00e1rios, excluindo os idosos, de cada cidade e quanto cada uma falta receber de doses.<\/p>\n<p>A partir desse c\u00e1lculo, verificou-se quanto a popula\u00e7\u00e3o que restava de cada munic\u00edpio representa percentualmente no total de pessoas a serem vacinadas no Estado, para que as pr\u00f3ximas entregas sejam realizadas a partir desse percentual.<\/p>\n<p>&#8220;Se determinado munic\u00edpio representa 1% da popula\u00e7\u00e3o do Estado que ainda falta receber a primeira dose, por exemplo, ele receber\u00e1 esse percentual nas pr\u00f3ximas entregas de dose 1, at\u00e9 zerar o quantitativo. Se outra cidade representa 12%, ela receber\u00e1 esse percentual do total de dose recebida para primeira dose pelo Estado a partir de agora&#8221;, explicou o Governo de Pernambuco por meio de nota enviada \u00e0 imprensa.<\/p>\n<p>Na pr\u00e1tica, a medida tenta equilibrar os avan\u00e7os nas campanhas de vacina\u00e7\u00e3o entre os munic\u00edpios. H\u00e1 cidades no Estado que j\u00e1 come\u00e7aram a vacina\u00e7\u00e3o de adolescentes com 15 anos como Olinda, por exemplo. Por outro lado, Ipojuca, na Regi\u00e3o Metropolitana do Recife, ainda aplica primeiras doses em adultos com 25 anos e mais.<\/p>\n<p>At\u00e9 ent\u00e3o, todas as cidades pernambucanas recebiam o mesmo percentual de vacinas nas entregas feitas a partir do Minist\u00e9rio da Sa\u00fade.<\/p>\n<p>Se a distribui\u00e7\u00e3o era de 10% das doses para determinado grupo, todas as cidades recebiam 10% daquela popula\u00e7\u00e3o do seu territ\u00f3rio.<\/p>\n<p>Finalizadas as entregas dos grupos priorit\u00e1rios da campanha, e feita a corre\u00e7\u00e3o na base populacional \u00a0dos adultos de 18 a 59 anos, come\u00e7a-se a ser feito esse equil\u00edbrio nas entregas, permitindo que todos alcancem a cobertura de 18 aos 59 anos em tempo similar.<\/p>\n<p>Na an\u00e1lise das estimativas populacionais, tamb\u00e9m foi verificado que alguns munic\u00edpios j\u00e1 teriam recebido doses a mais, segundo o Governo de Pernambuco.<\/p>\n<p>Com isso, foi solicitado que todos analisem sua solicita\u00e7\u00e3o e oficializem ao PNI-PE e ao Cosems-PE, para que as doses possam ser redistribu\u00eddas entre os demais.<\/p>\n<p>&#8220;Desde o in\u00edcio, n\u00f3s estamos trabalhando para fazer a entrega das vacinas de forma equ\u00e2nime entre os munic\u00edpios. Trabalhamos assim nos envios dos grupos priorit\u00e1rios e atuamos para corrigir, junto ao Minist\u00e9rio da Sa\u00fade, as estimativas populacionais dos adultos entre 18 e 59 anos. Agora, com essa nova forma de distribui\u00e7\u00e3o, vamos conseguir ser mais justos e pagaremos as doses aos munic\u00edpios que tiveram atualiza\u00e7\u00e3o na estimativa populacional, permitindo que todos avancem de forma igualit\u00e1ria nesta campanha&#8221;, disse a superintendente de Imuniza\u00e7\u00f5es da Secretaria Estadual de Sa\u00fade (SES-PE), Ana Catarina de Melo.<\/p>\n<p>A gestora ainda lembra que as segundas doses ser\u00e3o distribu\u00eddas de acordo com o que j\u00e1 foi encaminhado de primeira dose.<\/p>\n<p>Fonte: Folha de Pernambuco<\/p>\n","protected":false},"excerpt":{"rendered":"<p>Rateio n\u00e3o leRateio n\u00e3o levar\u00e1 mais em conta o crit\u00e9rio de faixa et\u00e1ria e sim o quanto falta de pessoas a serem vacinadas em cada cidadevar\u00e1 mais em conta o crit\u00e9rio de faixa et\u00e1ria e sim o quanto falta de pessoas a serem vacinadas em cada cidade. Com o objetivo de equilibrar o envio de [&hellip;]<\/p>\n","protected":false},"author":1,"featured_media":0,"comment_status":"open","ping_status":"open","sticky":false,"template":"","format":"standard","meta":{"ocean_post_layout":"","ocean_both_sidebars_style":"","ocean_both_sidebars_content_width":0,"ocean_both_sidebars_sidebars_width":0,"ocean_sidebar":"","ocean_second_sidebar":"","ocean_disable_margins":"enable","ocean_add_body_class":"","ocean_shortcode_before_top_bar":"","ocean_shortcode_after_top_bar":"","ocean_shortcode_before_header":"","ocean_shortcode_after_header":"","ocean_has_shortcode":"","ocean_shortcode_after_title":"","ocean_shortcode_before_footer_widgets":"","ocean_shortcode_after_footer_widgets":"","ocean_shortcode_before_footer_bottom":"","ocean_shortcode_after_footer_bottom":"","ocean_display_top_bar":"default","ocean_display_header":"default","ocean_header_style":"","ocean_center_header_left_menu":"","ocean_custom_header_template":"","ocean_custom_logo":0,"ocean_custom_retina_logo":0,"ocean_custom_logo_max_width":0,"ocean_custom_logo_tablet_max_width":0,"ocean_custom_logo_mobile_max_width":0,"ocean_custom_logo_max_height":0,"ocean_custom_logo_tablet_max_height":0,"ocean_custom_logo_mobile_max_height":0,"ocean_header_custom_menu":"","ocean_menu_typo_font_family":"","ocean_menu_typo_font_subset":"","ocean_menu_typo_font_size":0,"ocean_menu_typo_font_size_tablet":0,"ocean_menu_typo_font_size_mobile":0,"ocean_menu_typo_font_size_unit":"px","ocean_menu_typo_font_weight":"","ocean_menu_typo_font_weight_tablet":"","ocean_menu_typo_font_weight_mobile":"","ocean_menu_typo_transform":"","ocean_menu_typo_transform_tablet":"","ocean_menu_typo_transform_mobile":"","ocean_menu_typo_line_height":0,"ocean_menu_typo_line_height_tablet":0,"ocean_menu_typo_line_height_mobile":0,"ocean_menu_typo_line_height_unit":"","ocean_menu_typo_spacing":0,"ocean_menu_typo_spacing_tablet":0,"ocean_menu_typo_spacing_mobile":0,"ocean_menu_typo_spacing_unit":"","ocean_menu_link_color":"","ocean_menu_link_color_hover":"","ocean_menu_link_color_active":"","ocean_menu_link_background":"","ocean_menu_link_hover_background":"","ocean_menu_link_active_background":"","ocean_menu_social_links_bg":"","ocean_menu_social_hover_links_bg":"","ocean_menu_social_links_color":"","ocean_menu_social_hover_links_color":"","ocean_disable_title":"default","ocean_disable_heading":"default","ocean_post_title":"","ocean_post_subheading":"","ocean_post_title_style":"","ocean_post_title_background_color":"","ocean_post_title_background":0,"ocean_post_title_bg_image_position":"","ocean_post_title_bg_image_attachment":"","ocean_post_title_bg_image_repeat":"","ocean_post_title_bg_image_size":"","ocean_post_title_height":0,"ocean_post_title_bg_overlay":0.5,"ocean_post_title_bg_overlay_color":"","ocean_disable_breadcrumbs":"default","ocean_breadcrumbs_color":"","ocean_breadcrumbs_separator_color":"","ocean_breadcrumbs_links_color":"","ocean_breadcrumbs_links_hover_color":"","ocean_display_footer_widgets":"default","ocean_display_footer_bottom":"default","ocean_custom_footer_template":"","ocean_post_oembed":"","ocean_post_self_hosted_media":"","ocean_post_video_embed":"","ocean_link_format":"","ocean_link_format_target":"self","ocean_quote_format":"","ocean_quote_format_link":"post","ocean_gallery_link_images":"on","ocean_gallery_id":[]},"categories":[9],"tags":[1490,82,318],"acf":[],"_links":{"self":[{"href":"https:\/\/www.simepe.com.br\/novo\/wp-json\/wp\/v2\/posts\/61126"}],"collection":[{"href":"https:\/\/www.simepe.com.br\/novo\/wp-json\/wp\/v2\/posts"}],"about":[{"href":"https:\/\/www.simepe.com.br\/novo\/wp-json\/wp\/v2\/types\/post"}],"author":[{"embeddable":true,"href":"https:\/\/www.simepe.com.br\/novo\/wp-json\/wp\/v2\/users\/1"}],"replies":[{"embeddable":true,"href":"https:\/\/www.simepe.com.br\/novo\/wp-json\/wp\/v2\/comments?post=61126"}],"version-history":[{"count":1,"href":"https:\/\/www.simepe.com.br\/novo\/wp-json\/wp\/v2\/posts\/61126\/revisions"}],"predecessor-version":[{"id":61127,"href":"https:\/\/www.simepe.com.br\/novo\/wp-json\/wp\/v2\/posts\/61126\/revisions\/61127"}],"wp:attachment":[{"href":"https:\/\/www.simepe.com.br\/novo\/wp-json\/wp\/v2\/media?parent=61126"}],"wp:term":[{"taxonomy":"category","embeddable":true,"href":"https:\/\/www.simepe.com.br\/novo\/wp-json\/wp\/v2\/categories?post=61126"},{"taxonomy":"post_tag","embeddable":true,"href":"https:\/\/www.simepe.com.br\/novo\/wp-json\/wp\/v2\/tags?post=61126"}],"curies":[{"name":"wp","href":"https:\/\/api.w.org\/{rel}","templated":true}]}}