{"id":61153,"date":"2021-08-30T10:12:24","date_gmt":"2021-08-30T13:12:24","guid":{"rendered":"https:\/\/www.simepe.com.br\/novo\/?p=61153"},"modified":"2021-08-30T10:12:24","modified_gmt":"2021-08-30T13:12:24","slug":"recife-comeca-testagem-em-massa-para-a-covid-19-nesta-segunda-feira-30","status":"publish","type":"post","link":"https:\/\/www.simepe.com.br\/novo\/recife-comeca-testagem-em-massa-para-a-covid-19-nesta-segunda-feira-30\/","title":{"rendered":"Recife come\u00e7a testagem em massa para a Covid-19 nesta segunda-feira (30)"},"content":{"rendered":"<p><em>O Programa TestaPE tem como objetivo evitar a transmiss\u00e3o da doen\u00e7a atrav\u00e9s da detec\u00e7\u00e3o de novos casos.<\/em><\/p>\n<p>Come\u00e7a hoje, a partir das 08h, no Buraco da Velha, em Bras\u00edlia Teimosa, a testagem em massa da popula\u00e7\u00e3o do Recife para a Covid-19, atrav\u00e9s do Programa TestaPE. Em uma parceria com o Governo de Pernambuco, a Prefeitura do Recife visa facilitar a detec\u00e7\u00e3o de novos casos e reduzir a transmiss\u00e3o da doen\u00e7a. A expectativa \u00e9 que nos pr\u00f3ximos dias, a a\u00e7\u00e3o se estenda para os oito Distritos Sanit\u00e1rios, de forma simult\u00e2nea.<\/p>\n<p>Cada local ter\u00e1 capacidade para realizar 200 testes, num total de 1.600 checagens di\u00e1rias. No Recife, o programa ser\u00e1 dividido em tr\u00eas etapas e aplicar\u00e1, inicialmente, cerca de 33 mil testes r\u00e1pidos de ant\u00edgeno.<\/p>\n<p>De acordo com o infectologista, Demetrius Montenegro, a\u00e7\u00f5es de testagem em massa auxiliam no controle da pandemia. \u201cQuanto mais voc\u00ea identificar os casos positivos, mesmo com sintomas leves e essas pessoas ficando isoladas, mais voc\u00ea vai diminuir a transmiss\u00e3o e isso \u00e9 muito importante para controlar a pandemia\u201d, destaca.<\/p>\n<p>\u201cMesmo no contexto de uma pessoa que j\u00e1 est\u00e1 vacinada, a testagem \u00e9 necess\u00e1ria, al\u00e9m do isolamento, caso o resultado seja positivo. A gente sabe que a vacina, na maioria das vezes, protege para formas graves, mas a pessoa pode ainda se contaminar e ter a doen\u00e7a leve e transmitir para outras pessoas\u201d, ressalta o infectologista.<\/p>\n<p><strong>Variantes da doen\u00e7a<\/strong><\/p>\n<p>A testagem em massa tamb\u00e9m \u00e9 uma importante ferramenta para evitar o surgimento de variantes mais graves da doen\u00e7a. \u201cSe uma boa parte das pessoas est\u00e3o vacinadas e protegidas da forma grave da doen\u00e7a, muitos perguntam porque ainda h\u00e1 essa preocupa\u00e7\u00e3o. \u00c9 necess\u00e1rio lembrar que esse v\u00edrus passa por um constante processo de muta\u00e7\u00e3o, e a partir disso, v\u00e3o surgindo outras variantes e o medo maior \u00e9 surgir uma variante que tenha uma maior letalidade e que as vacinas n\u00e3o protejam, e vamos voltar \u00e0 estaca zero. Por isso essa preocupa\u00e7\u00e3o toda para diminuir esse processo de transmiss\u00e3o do v\u00edrus, independente se as pessoas v\u00e3o ter um quadro leve ou mais grave\u201d, pontua Demetrius.<\/p>\n<p>Em Pernambuco, mais oito casos da variante Delta foram detectados na \u00faltima sexta-feira (27), de acordo com mais uma rodada de sequenciamento gen\u00e9tico de amostras de pacientes confirmados para a Covid-19 feita pelo Instituto Aggeu Magalh\u00e3es. Ao todo, j\u00e1 foram identificados 10 casos da variante no Estado.<\/p>\n<p><strong>Localidades<\/strong><\/p>\n<p>Na primeira etapa do programa, os testes ser\u00e3o aplicados, por equipes volantes da sa\u00fade, em locais de grande circula\u00e7\u00e3o de pessoas, como mercados p\u00fablicos, esta\u00e7\u00f5es de metr\u00f4, escolas municipais e em pontos de vulnerabilidade social de 22 localidades. A lista \u00e9 composta dos seguintes bairros ou comunidades: Joana Bezerra, S\u00e3o Jos\u00e9, Coelhos, Santo Amaro, Alto Santa Terezinha, Barro, Ca\u00e7ote, Brejo de Beberibe, Guabiraba, C\u00f3rrego do Jenipapo, Alto Santa Isabel, Casa Amarela, Torr\u00f5es, V\u00e1rzea, Iputinga, Comunidade Irm\u00e3 Doroty, Buraco da Velha, Portelinha, Ilha do Destino, Passarinho, Cohab e Jord\u00e3o.<\/p>\n<p>Nos locais p\u00fablicos, a Secretaria de Sa\u00fade instalar\u00e1 um stand onde os profissionais realizar\u00e3o a testagem por demanda espont\u00e2nea. Nas escolas municipais de cada uma dessas \u00e1reas, os testes ser\u00e3o aplicados em alguns trabalhadores e estudantes. Em algumas \u00e1reas de vulnerabilidade social as equipes ter\u00e3o o apoio da unidade m\u00f3vel \u2018Bora Testar\u2019, onde as pessoas poder\u00e3o ir para fazer o teste.<\/p>\n<p>Se as equipes de sa\u00fade identificarem pessoas com sintomas respirat\u00f3rios e o teste de ant\u00edgeno der negativo, ser\u00e1 feito agendamento no local para a realiza\u00e7\u00e3o do RT-PCR, por meio do Atende em Casa. Os casos positivos ser\u00e3o cadastrados no Atende em Casa para telemonitoramento e identifica\u00e7\u00e3o dos contatos da pessoa infectada.<\/p>\n<p><strong>Avan\u00e7o da vacina\u00e7\u00e3o no munic\u00edpio<\/strong><\/p>\n<p>A Prefeitura do Recife anunciou, na \u00faltima sexta-feira\u00a0(27), a abertura do agendamento da vacina\u00e7\u00e3o contra a Covid-19 para adolescentes de 14 e 15 anos de idade em geral. O cadastro e agendamento devem ser feitos atrav\u00e9s do site: conectarecife.recife.pe.gov.br ou do app Conecta Recife.<\/p>\n<p>Fonte: Folha de Pernambuco<\/p>\n","protected":false},"excerpt":{"rendered":"<p>O Programa TestaPE tem como objetivo evitar a transmiss\u00e3o da doen\u00e7a atrav\u00e9s da detec\u00e7\u00e3o de novos casos. Come\u00e7a hoje, a partir das 08h, no Buraco da Velha, em Bras\u00edlia Teimosa, a testagem em massa da popula\u00e7\u00e3o do Recife para a Covid-19, atrav\u00e9s do Programa TestaPE. Em uma parceria com o Governo de Pernambuco, a Prefeitura [&hellip;]<\/p>\n","protected":false},"author":1,"featured_media":0,"comment_status":"open","ping_status":"open","sticky":false,"template":"","format":"standard","meta":{"ocean_post_layout":"","ocean_both_sidebars_style":"","ocean_both_sidebars_content_width":0,"ocean_both_sidebars_sidebars_width":0,"ocean_sidebar":"","ocean_second_sidebar":"","ocean_disable_margins":"enable","ocean_add_body_class":"","ocean_shortcode_before_top_bar":"","ocean_shortcode_after_top_bar":"","ocean_shortcode_before_header":"","ocean_shortcode_after_header":"","ocean_has_shortcode":"","ocean_shortcode_after_title":"","ocean_shortcode_before_footer_widgets":"","ocean_shortcode_after_footer_widgets":"","ocean_shortcode_before_footer_bottom":"","ocean_shortcode_after_footer_bottom":"","ocean_display_top_bar":"default","ocean_display_header":"default","ocean_header_style":"","ocean_center_header_left_menu":"","ocean_custom_header_template":"","ocean_custom_logo":0,"ocean_custom_retina_logo":0,"ocean_custom_logo_max_width":0,"ocean_custom_logo_tablet_max_width":0,"ocean_custom_logo_mobile_max_width":0,"ocean_custom_logo_max_height":0,"ocean_custom_logo_tablet_max_height":0,"ocean_custom_logo_mobile_max_height":0,"ocean_header_custom_menu":"","ocean_menu_typo_font_family":"","ocean_menu_typo_font_subset":"","ocean_menu_typo_font_size":0,"ocean_menu_typo_font_size_tablet":0,"ocean_menu_typo_font_size_mobile":0,"ocean_menu_typo_font_size_unit":"px","ocean_menu_typo_font_weight":"","ocean_menu_typo_font_weight_tablet":"","ocean_menu_typo_font_weight_mobile":"","ocean_menu_typo_transform":"","ocean_menu_typo_transform_tablet":"","ocean_menu_typo_transform_mobile":"","ocean_menu_typo_line_height":0,"ocean_menu_typo_line_height_tablet":0,"ocean_menu_typo_line_height_mobile":0,"ocean_menu_typo_line_height_unit":"","ocean_menu_typo_spacing":0,"ocean_menu_typo_spacing_tablet":0,"ocean_menu_typo_spacing_mobile":0,"ocean_menu_typo_spacing_unit":"","ocean_menu_link_color":"","ocean_menu_link_color_hover":"","ocean_menu_link_color_active":"","ocean_menu_link_background":"","ocean_menu_link_hover_background":"","ocean_menu_link_active_background":"","ocean_menu_social_links_bg":"","ocean_menu_social_hover_links_bg":"","ocean_menu_social_links_color":"","ocean_menu_social_hover_links_color":"","ocean_disable_title":"default","ocean_disable_heading":"default","ocean_post_title":"","ocean_post_subheading":"","ocean_post_title_style":"","ocean_post_title_background_color":"","ocean_post_title_background":0,"ocean_post_title_bg_image_position":"","ocean_post_title_bg_image_attachment":"","ocean_post_title_bg_image_repeat":"","ocean_post_title_bg_image_size":"","ocean_post_title_height":0,"ocean_post_title_bg_overlay":0.5,"ocean_post_title_bg_overlay_color":"","ocean_disable_breadcrumbs":"default","ocean_breadcrumbs_color":"","ocean_breadcrumbs_separator_color":"","ocean_breadcrumbs_links_color":"","ocean_breadcrumbs_links_hover_color":"","ocean_display_footer_widgets":"default","ocean_display_footer_bottom":"default","ocean_custom_footer_template":"","ocean_post_oembed":"","ocean_post_self_hosted_media":"","ocean_post_video_embed":"","ocean_link_format":"","ocean_link_format_target":"self","ocean_quote_format":"","ocean_quote_format_link":"post","ocean_gallery_link_images":"on","ocean_gallery_id":[]},"categories":[9],"tags":[3847,1490,82,409],"acf":[],"_links":{"self":[{"href":"https:\/\/www.simepe.com.br\/novo\/wp-json\/wp\/v2\/posts\/61153"}],"collection":[{"href":"https:\/\/www.simepe.com.br\/novo\/wp-json\/wp\/v2\/posts"}],"about":[{"href":"https:\/\/www.simepe.com.br\/novo\/wp-json\/wp\/v2\/types\/post"}],"author":[{"embeddable":true,"href":"https:\/\/www.simepe.com.br\/novo\/wp-json\/wp\/v2\/users\/1"}],"replies":[{"embeddable":true,"href":"https:\/\/www.simepe.com.br\/novo\/wp-json\/wp\/v2\/comments?post=61153"}],"version-history":[{"count":1,"href":"https:\/\/www.simepe.com.br\/novo\/wp-json\/wp\/v2\/posts\/61153\/revisions"}],"predecessor-version":[{"id":61154,"href":"https:\/\/www.simepe.com.br\/novo\/wp-json\/wp\/v2\/posts\/61153\/revisions\/61154"}],"wp:attachment":[{"href":"https:\/\/www.simepe.com.br\/novo\/wp-json\/wp\/v2\/media?parent=61153"}],"wp:term":[{"taxonomy":"category","embeddable":true,"href":"https:\/\/www.simepe.com.br\/novo\/wp-json\/wp\/v2\/categories?post=61153"},{"taxonomy":"post_tag","embeddable":true,"href":"https:\/\/www.simepe.com.br\/novo\/wp-json\/wp\/v2\/tags?post=61153"}],"curies":[{"name":"wp","href":"https:\/\/api.w.org\/{rel}","templated":true}]}}