{"id":61175,"date":"2021-08-31T10:42:16","date_gmt":"2021-08-31T13:42:16","guid":{"rendered":"https:\/\/www.simepe.com.br\/novo\/?p=61175"},"modified":"2021-08-31T10:42:16","modified_gmt":"2021-08-31T13:42:16","slug":"primeiro-dia-de-testagem-em-massa-para-covid-19-no-recife-identifica-quase-1-de-infectados","status":"publish","type":"post","link":"https:\/\/www.simepe.com.br\/novo\/primeiro-dia-de-testagem-em-massa-para-covid-19-no-recife-identifica-quase-1-de-infectados\/","title":{"rendered":"Primeiro dia de testagem em massa para Covid-19 no Recife identifica quase 1% de infectados"},"content":{"rendered":"<p>O primeiro dia de testagem em massa para a Covid-19 no Recife, nessa segunda-feira (30), atrav\u00e9s do programa do Governo do Estado Testa PE, identificou quatro casos positivos da doen\u00e7a em um grupo de 408 pessoas examinadas. Esse resultado corresponde a quase 1% das amostras com infectados.<\/p>\n<p>De acordo com a\u00a0Secretaria de Sa\u00fade do Recife (Sesau), os quatro moradores que tiveram resultados positivos foram orientados em rela\u00e7\u00e3o aos cuidados com o coronav\u00edrus.<\/p>\n<p>A a\u00e7\u00e3o do programa ocorreu em tr\u00eas locais disponibilizados pela Sesau: Esta\u00e7\u00e3o Metr\u00f4 de Joana Bezerra, Associa\u00e7\u00e3o de Moradores do Barro e Bras\u00edlia Teimosa.<\/p>\n<p>A partir dos resultados do Testa PE, os casos positivos s\u00e3o cadastrados na plataforma Atende em Casa para telemonitoramento e identifica\u00e7\u00e3o dos contatos da pessoa infectada.<\/p>\n<p>Caso as equipes de sa\u00fade identifiquem pessoas com sintomas respirat\u00f3rios e o exame de ant\u00edgeno usado no programa de testagem em massa der negativo, ser\u00e1 feito agendamento no local para a realiza\u00e7\u00e3o do RT-PCR (teste padr\u00e3o ouro para detec\u00e7\u00e3o do v\u00edrus ativo), por meio do Atende em Casa.<\/p>\n<p>&#8211; Esta\u00e7\u00e3o de Metr\u00f4 Joana Bezerra (S\u00e3o Jos\u00e9);<br \/>\n&#8211; Compaz Eduardo Campos (Alto Santa Terezinha);<br \/>\n&#8211; Buraco da Velha \u2013 Polo da Academia da Cidade (Bras\u00edlia Teimosa);<br \/>\nConselho de Moradores do Alto Santa Izabel (Casa Amarela);<br \/>\n&#8211; Associa\u00e7\u00e3o dos Moradores do Barro (Barro) e &#8211; Comunidade do Passarinho (Passarinho).<\/p>\n<p>De acordo com a Sesau, qualquer pessoa pode fazer o teste, basta apresentar um documento de identifica\u00e7\u00e3o. O resultado fica pronto em at\u00e9 30 minutos.<\/p>\n<p>O <a href=\"https:\/\/www.folhape.com.br\/noticias\/para-frear-variante-delta-pernambuco-quer-testar-10-da-populacao-ate\/194263\/\" target=\"_blank\"><strong>Testa PE prev\u00ea testar 10% da popula\u00e7\u00e3o pernambucana nos pr\u00f3ximos seis meses<\/strong><\/a>, at\u00e9 28 de fevereiro de 2022, e busca contribuir para a redu\u00e7\u00e3o da transmiss\u00e3o da doen\u00e7a, a partir da detec\u00e7\u00e3o de novos casos e a redu\u00e7\u00e3o da subnotifica\u00e7\u00e3o.<\/p>\n<p><strong>Coronav\u00edrus no Recife<\/strong><br \/>\nDados mais recentes da Sesau, de segunda-feira (30), indicam um total de 150.163 casos da Covid-19 no Recife, com 5.267 \u00f3bitos e 143.794 pessoas recuperadas.<\/p>\n<p>A atualiza\u00e7\u00e3o de segunda confirmou 318 novos casos da doen\u00e7a e duas mortes.<\/p>\n<p>Fonte: Folha de Pernambuco<\/p>\n","protected":false},"excerpt":{"rendered":"<p>O primeiro dia de testagem em massa para a Covid-19 no Recife, nessa segunda-feira (30), atrav\u00e9s do programa do Governo do Estado Testa PE, identificou quatro casos positivos da doen\u00e7a em um grupo de 408 pessoas examinadas. Esse resultado corresponde a quase 1% das amostras com infectados. De acordo com a\u00a0Secretaria de Sa\u00fade do Recife [&hellip;]<\/p>\n","protected":false},"author":1,"featured_media":0,"comment_status":"open","ping_status":"open","sticky":false,"template":"","format":"standard","meta":{"ocean_post_layout":"","ocean_both_sidebars_style":"","ocean_both_sidebars_content_width":0,"ocean_both_sidebars_sidebars_width":0,"ocean_sidebar":"","ocean_second_sidebar":"","ocean_disable_margins":"enable","ocean_add_body_class":"","ocean_shortcode_before_top_bar":"","ocean_shortcode_after_top_bar":"","ocean_shortcode_before_header":"","ocean_shortcode_after_header":"","ocean_has_shortcode":"","ocean_shortcode_after_title":"","ocean_shortcode_before_footer_widgets":"","ocean_shortcode_after_footer_widgets":"","ocean_shortcode_before_footer_bottom":"","ocean_shortcode_after_footer_bottom":"","ocean_display_top_bar":"default","ocean_display_header":"default","ocean_header_style":"","ocean_center_header_left_menu":"","ocean_custom_header_template":"","ocean_custom_logo":0,"ocean_custom_retina_logo":0,"ocean_custom_logo_max_width":0,"ocean_custom_logo_tablet_max_width":0,"ocean_custom_logo_mobile_max_width":0,"ocean_custom_logo_max_height":0,"ocean_custom_logo_tablet_max_height":0,"ocean_custom_logo_mobile_max_height":0,"ocean_header_custom_menu":"","ocean_menu_typo_font_family":"","ocean_menu_typo_font_subset":"","ocean_menu_typo_font_size":0,"ocean_menu_typo_font_size_tablet":0,"ocean_menu_typo_font_size_mobile":0,"ocean_menu_typo_font_size_unit":"px","ocean_menu_typo_font_weight":"","ocean_menu_typo_font_weight_tablet":"","ocean_menu_typo_font_weight_mobile":"","ocean_menu_typo_transform":"","ocean_menu_typo_transform_tablet":"","ocean_menu_typo_transform_mobile":"","ocean_menu_typo_line_height":0,"ocean_menu_typo_line_height_tablet":0,"ocean_menu_typo_line_height_mobile":0,"ocean_menu_typo_line_height_unit":"","ocean_menu_typo_spacing":0,"ocean_menu_typo_spacing_tablet":0,"ocean_menu_typo_spacing_mobile":0,"ocean_menu_typo_spacing_unit":"","ocean_menu_link_color":"","ocean_menu_link_color_hover":"","ocean_menu_link_color_active":"","ocean_menu_link_background":"","ocean_menu_link_hover_background":"","ocean_menu_link_active_background":"","ocean_menu_social_links_bg":"","ocean_menu_social_hover_links_bg":"","ocean_menu_social_links_color":"","ocean_menu_social_hover_links_color":"","ocean_disable_title":"default","ocean_disable_heading":"default","ocean_post_title":"","ocean_post_subheading":"","ocean_post_title_style":"","ocean_post_title_background_color":"","ocean_post_title_background":0,"ocean_post_title_bg_image_position":"","ocean_post_title_bg_image_attachment":"","ocean_post_title_bg_image_repeat":"","ocean_post_title_bg_image_size":"","ocean_post_title_height":0,"ocean_post_title_bg_overlay":0.5,"ocean_post_title_bg_overlay_color":"","ocean_disable_breadcrumbs":"default","ocean_breadcrumbs_color":"","ocean_breadcrumbs_separator_color":"","ocean_breadcrumbs_links_color":"","ocean_breadcrumbs_links_hover_color":"","ocean_display_footer_widgets":"default","ocean_display_footer_bottom":"default","ocean_custom_footer_template":"","ocean_post_oembed":"","ocean_post_self_hosted_media":"","ocean_post_video_embed":"","ocean_link_format":"","ocean_link_format_target":"self","ocean_quote_format":"","ocean_quote_format_link":"post","ocean_gallery_link_images":"on","ocean_gallery_id":[]},"categories":[9],"tags":[3847,1490,82,409],"acf":[],"_links":{"self":[{"href":"https:\/\/www.simepe.com.br\/novo\/wp-json\/wp\/v2\/posts\/61175"}],"collection":[{"href":"https:\/\/www.simepe.com.br\/novo\/wp-json\/wp\/v2\/posts"}],"about":[{"href":"https:\/\/www.simepe.com.br\/novo\/wp-json\/wp\/v2\/types\/post"}],"author":[{"embeddable":true,"href":"https:\/\/www.simepe.com.br\/novo\/wp-json\/wp\/v2\/users\/1"}],"replies":[{"embeddable":true,"href":"https:\/\/www.simepe.com.br\/novo\/wp-json\/wp\/v2\/comments?post=61175"}],"version-history":[{"count":1,"href":"https:\/\/www.simepe.com.br\/novo\/wp-json\/wp\/v2\/posts\/61175\/revisions"}],"predecessor-version":[{"id":61176,"href":"https:\/\/www.simepe.com.br\/novo\/wp-json\/wp\/v2\/posts\/61175\/revisions\/61176"}],"wp:attachment":[{"href":"https:\/\/www.simepe.com.br\/novo\/wp-json\/wp\/v2\/media?parent=61175"}],"wp:term":[{"taxonomy":"category","embeddable":true,"href":"https:\/\/www.simepe.com.br\/novo\/wp-json\/wp\/v2\/categories?post=61175"},{"taxonomy":"post_tag","embeddable":true,"href":"https:\/\/www.simepe.com.br\/novo\/wp-json\/wp\/v2\/tags?post=61175"}],"curies":[{"name":"wp","href":"https:\/\/api.w.org\/{rel}","templated":true}]}}