{"id":61217,"date":"2021-09-02T10:12:43","date_gmt":"2021-09-02T13:12:43","guid":{"rendered":"https:\/\/www.simepe.com.br\/novo\/?p=61217"},"modified":"2021-09-02T10:12:43","modified_gmt":"2021-09-02T13:12:43","slug":"quatorze-gravidas-morrem-de-covid-19-em-quatro-meses-e-so-uma-tinha-tomado-a-primeira-dose-de-vacina-diz-governo-de-pe","status":"publish","type":"post","link":"https:\/\/www.simepe.com.br\/novo\/quatorze-gravidas-morrem-de-covid-19-em-quatro-meses-e-so-uma-tinha-tomado-a-primeira-dose-de-vacina-diz-governo-de-pe\/","title":{"rendered":"Quatorze gr\u00e1vidas morrem de Covid-19 em quatro meses e s\u00f3 uma tinha tomado a primeira dose de vacina, diz governo de PE"},"content":{"rendered":"<p style=\"text-align: justify;\">De acordo com o secret\u00e1rio de Sa\u00fade de Pernambuco, Andr\u00e9 Longo, nenhuma das v\u00edtimas tinha finalizado o esquema de vacina\u00e7\u00e3o. Informa\u00e7\u00f5es foram divulgadas nesta quarta (1\u00ba), em coletiva de imprensa.<\/p>\n<p style=\"text-align: justify;\">Entre maio e agosto de 2021, 14 gr\u00e1vidas morreram de Covid-19, em Pernambuco. Os n\u00fameros foram divulgados nesta quarta-feira (1\u00ba) pelo secret\u00e1rio estadual de Sa\u00fade, Andr\u00e9 Longo. Ele afirmou, ainda, que s\u00f3 uma dessas mulheres tinha sido vacinada e, ainda assim, apenas com a primeira dose. Ao todo, h\u00e1 116 mil gestantes aptas a receber o imunizante e a meta \u00e9 que 90% delas sejam beneficiadas.<\/p>\n<p style=\"text-align: justify;\">O Minist\u00e9rio da Sa\u00fade incluiu todas gr\u00e1vidas e pessoas que tiveram filhos h\u00e1 at\u00e9 45 dias no grupo priorit\u00e1rio para a vacina\u00e7\u00e3o em abril. A campanha maci\u00e7a para imunizar esse p\u00fablico come\u00e7ou em maio.<\/p>\n<p style=\"text-align: justify;\">Em Pernambuco, as gestantes s\u00e3o vacinadas com o imunizante da Pfizer desde que o Minist\u00e9rio da Sa\u00fade suspendeu a aplica\u00e7\u00e3o da AstraZeneca nesse p\u00fablico por recomenda\u00e7\u00e3o da Ag\u00eancia Nacional de Vigil\u00e2ncia Sanit\u00e1ria (Anvisa).<\/p>\n<p style=\"text-align: justify;\">&#8220;Ap\u00f3s iniciarmos as ofertas das vacinas para gr\u00e1vidas, em maio, registramos a morte de 14 gestantes por Covid-19 em Pernambuco. Nenhuma delas tinha finalizado o esquema de vacina\u00e7\u00e3o e, dessas 14, somente uma tinha registro de vacina\u00e7\u00e3o com uma dose. S\u00e3o 14 vidas que poderiam ter sido salvas pela vacina&#8221;, afirmou Andr\u00e9 Longo.<\/p>\n<p style=\"text-align: justify;\">O governo n\u00e3o informou os locais em que as 14 gr\u00e1vidas morreram, nem se elas tinham doen\u00e7as pr\u00e9-existentes.<\/p>\n<p style=\"text-align: justify;\"><strong>Centro de testagem<\/strong><br \/>\nO secret\u00e1rio afirmou, ainda, que um novo centro de testagem em massa para a Covid-19 come\u00e7a a funcionar na quinta-feira (2), no Terminal Integrado de Passageiros (TIP), no bairro da V\u00e1rzea, na Zona Oeste da capital.<\/p>\n<p style=\"text-align: justify;\">A iniciativa faz parte do programa que pretende testar, at\u00e9 fevereiro de 2022, cerca de 10% dos moradores do estado. Isso equivale a aproximadamente 961 mil pessoas.<\/p>\n<p style=\"text-align: justify;\">&#8220;Vamos abrir um posto de testagem no TIP para fomentar a testagem das pessoas circulando em locais de grande movimenta\u00e7\u00e3o&#8221;, disse.<\/p>\n<p style=\"text-align: justify;\"><strong>\u00cdndices<\/strong><\/p>\n<p style=\"text-align: justify;\">Ainda de acordo com o secret\u00e1rio de Sa\u00fade, o estado teve uma redu\u00e7\u00e3o em todos os \u00edndices utilizados para monitorar a transmiss\u00e3o da Covid-19. Atualmente, h\u00e1 435 pacientes internados em Unidades de Terapia Intensiva (UTI) da rede estadual e cerca de 100 na rede privada.<\/p>\n<p style=\"text-align: justify;\">&#8220;Na \u00faltima semana, tivemos 370 notifica\u00e7\u00f5es de Srag [S\u00edndrome Respirat\u00f3ria Aguda Grave], 22% a menos que na semana anterior e 13% a menos que 15 dias atr\u00e1s. A positividade dos testes de Covid est\u00e1 em queda. J\u00e1 foi 37%, em maio, e est\u00e1 inferior a 10%. Tivemos 291 solicita\u00e7\u00f5es por vagas em UTI, o que representa redu\u00e7\u00e3o de 2,6 e 12% em rela\u00e7\u00e3o a uma e duas semanas atr\u00e1s&#8221;, explicou.<\/p>\n<p style=\"text-align: justify;\"><strong>Covid-19 em Pernambuco<\/strong><br \/>\nPernambuco confirmou mais 1.057 casos e 28 mortes por Covid-19, nesta quarta-feira (1). Com os novos registros, o estado passou a totalizar 608.586 infec\u00e7\u00f5es e 19.411 \u00f3bitos provocados pela doen\u00e7a. Os n\u00fameros come\u00e7aram a ser contabilizados em mar\u00e7o de 2020.<\/p>\n<p style=\"text-align: justify;\">Fonte: G1<\/p>\n","protected":false},"excerpt":{"rendered":"<p>De acordo com o secret\u00e1rio de Sa\u00fade de Pernambuco, Andr\u00e9 Longo, nenhuma das v\u00edtimas tinha finalizado o esquema de vacina\u00e7\u00e3o. Informa\u00e7\u00f5es foram divulgadas nesta quarta (1\u00ba), em coletiva de imprensa. Entre maio e agosto de 2021, 14 gr\u00e1vidas morreram de Covid-19, em Pernambuco. Os n\u00fameros foram divulgados nesta quarta-feira (1\u00ba) pelo secret\u00e1rio estadual de Sa\u00fade, [&hellip;]<\/p>\n","protected":false},"author":1,"featured_media":0,"comment_status":"open","ping_status":"open","sticky":false,"template":"","format":"standard","meta":{"ocean_post_layout":"","ocean_both_sidebars_style":"","ocean_both_sidebars_content_width":0,"ocean_both_sidebars_sidebars_width":0,"ocean_sidebar":"","ocean_second_sidebar":"","ocean_disable_margins":"enable","ocean_add_body_class":"","ocean_shortcode_before_top_bar":"","ocean_shortcode_after_top_bar":"","ocean_shortcode_before_header":"","ocean_shortcode_after_header":"","ocean_has_shortcode":"","ocean_shortcode_after_title":"","ocean_shortcode_before_footer_widgets":"","ocean_shortcode_after_footer_widgets":"","ocean_shortcode_before_footer_bottom":"","ocean_shortcode_after_footer_bottom":"","ocean_display_top_bar":"default","ocean_display_header":"default","ocean_header_style":"","ocean_center_header_left_menu":"","ocean_custom_header_template":"","ocean_custom_logo":0,"ocean_custom_retina_logo":0,"ocean_custom_logo_max_width":0,"ocean_custom_logo_tablet_max_width":0,"ocean_custom_logo_mobile_max_width":0,"ocean_custom_logo_max_height":0,"ocean_custom_logo_tablet_max_height":0,"ocean_custom_logo_mobile_max_height":0,"ocean_header_custom_menu":"","ocean_menu_typo_font_family":"","ocean_menu_typo_font_subset":"","ocean_menu_typo_font_size":0,"ocean_menu_typo_font_size_tablet":0,"ocean_menu_typo_font_size_mobile":0,"ocean_menu_typo_font_size_unit":"px","ocean_menu_typo_font_weight":"","ocean_menu_typo_font_weight_tablet":"","ocean_menu_typo_font_weight_mobile":"","ocean_menu_typo_transform":"","ocean_menu_typo_transform_tablet":"","ocean_menu_typo_transform_mobile":"","ocean_menu_typo_line_height":0,"ocean_menu_typo_line_height_tablet":0,"ocean_menu_typo_line_height_mobile":0,"ocean_menu_typo_line_height_unit":"","ocean_menu_typo_spacing":0,"ocean_menu_typo_spacing_tablet":0,"ocean_menu_typo_spacing_mobile":0,"ocean_menu_typo_spacing_unit":"","ocean_menu_link_color":"","ocean_menu_link_color_hover":"","ocean_menu_link_color_active":"","ocean_menu_link_background":"","ocean_menu_link_hover_background":"","ocean_menu_link_active_background":"","ocean_menu_social_links_bg":"","ocean_menu_social_hover_links_bg":"","ocean_menu_social_links_color":"","ocean_menu_social_hover_links_color":"","ocean_disable_title":"default","ocean_disable_heading":"default","ocean_post_title":"","ocean_post_subheading":"","ocean_post_title_style":"","ocean_post_title_background_color":"","ocean_post_title_background":0,"ocean_post_title_bg_image_position":"","ocean_post_title_bg_image_attachment":"","ocean_post_title_bg_image_repeat":"","ocean_post_title_bg_image_size":"","ocean_post_title_height":0,"ocean_post_title_bg_overlay":0.5,"ocean_post_title_bg_overlay_color":"","ocean_disable_breadcrumbs":"default","ocean_breadcrumbs_color":"","ocean_breadcrumbs_separator_color":"","ocean_breadcrumbs_links_color":"","ocean_breadcrumbs_links_hover_color":"","ocean_display_footer_widgets":"default","ocean_display_footer_bottom":"default","ocean_custom_footer_template":"","ocean_post_oembed":"","ocean_post_self_hosted_media":"","ocean_post_video_embed":"","ocean_link_format":"","ocean_link_format_target":"self","ocean_quote_format":"","ocean_quote_format_link":"post","ocean_gallery_link_images":"on","ocean_gallery_id":[]},"categories":[9],"tags":[],"acf":[],"_links":{"self":[{"href":"https:\/\/www.simepe.com.br\/novo\/wp-json\/wp\/v2\/posts\/61217"}],"collection":[{"href":"https:\/\/www.simepe.com.br\/novo\/wp-json\/wp\/v2\/posts"}],"about":[{"href":"https:\/\/www.simepe.com.br\/novo\/wp-json\/wp\/v2\/types\/post"}],"author":[{"embeddable":true,"href":"https:\/\/www.simepe.com.br\/novo\/wp-json\/wp\/v2\/users\/1"}],"replies":[{"embeddable":true,"href":"https:\/\/www.simepe.com.br\/novo\/wp-json\/wp\/v2\/comments?post=61217"}],"version-history":[{"count":1,"href":"https:\/\/www.simepe.com.br\/novo\/wp-json\/wp\/v2\/posts\/61217\/revisions"}],"predecessor-version":[{"id":61218,"href":"https:\/\/www.simepe.com.br\/novo\/wp-json\/wp\/v2\/posts\/61217\/revisions\/61218"}],"wp:attachment":[{"href":"https:\/\/www.simepe.com.br\/novo\/wp-json\/wp\/v2\/media?parent=61217"}],"wp:term":[{"taxonomy":"category","embeddable":true,"href":"https:\/\/www.simepe.com.br\/novo\/wp-json\/wp\/v2\/categories?post=61217"},{"taxonomy":"post_tag","embeddable":true,"href":"https:\/\/www.simepe.com.br\/novo\/wp-json\/wp\/v2\/tags?post=61217"}],"curies":[{"name":"wp","href":"https:\/\/api.w.org\/{rel}","templated":true}]}}