{"id":61225,"date":"2021-09-03T11:20:44","date_gmt":"2021-09-03T14:20:44","guid":{"rendered":"https:\/\/www.simepe.com.br\/novo\/?p=61225"},"modified":"2021-09-03T11:20:44","modified_gmt":"2021-09-03T14:20:44","slug":"brasil-atinge-marca-de-40-da-populacao-brasileira-completamente-vacinada-contra-a-covid-19","status":"publish","type":"post","link":"https:\/\/www.simepe.com.br\/novo\/brasil-atinge-marca-de-40-da-populacao-brasileira-completamente-vacinada-contra-a-covid-19\/","title":{"rendered":"Brasil atinge marca de 40% da popula\u00e7\u00e3o brasileira completamente vacinada contra a Covid-19"},"content":{"rendered":"<div class=\"documentDescription\"><em>S\u00e3o 64 milh\u00f5es de pessoas que j\u00e1 tomaram as duas doses ou receberam dose \u00fanica dos imunizantes.<\/em><\/div>\n<div class=\"documentDescription\"><\/div>\n<div class=\"documentDescription\">\n<p>A campanha de vacina\u00e7\u00e3o contra da Covid-19 do Minist\u00e9rio da Sa\u00fade segue em ritmo acelerado. Nesta quinta-feira (02), o Brasil registrou mais uma importante marca para colocar fim no car\u00e1ter pand\u00eamico da doen\u00e7a: 40% da popula\u00e7\u00e3o brasileira com mais de 18 anos j\u00e1 est\u00e1 completamente imunizada. Isso significa que 64 milh\u00f5es de brasileiros receberam as duas doses ou a dose \u00fanica das vacinas Covid-19.<\/p>\n<p>Enquanto a dose dois chega a cada vez mais brasileiros, a primeira dose j\u00e1 foi aplicada no bra\u00e7o de 132 milh\u00f5es. O n\u00famero representa que 83,4% do p\u00fablico-alvo de 160 milh\u00f5es de brasileiros adultos no pa\u00eds.<\/p>\n<p>Os n\u00fameros s\u00e3o reflexo da ampla ades\u00e3o da popula\u00e7\u00e3o \u00e0 Campanha Nacional de Vacina\u00e7\u00e3o contra a Covid-19 e trazem uma situa\u00e7\u00e3o epidemiol\u00f3gica mais confort\u00e1vel para o pa\u00eds, que gera sentimento de seguran\u00e7a, esperan\u00e7a e confian\u00e7a na popula\u00e7\u00e3o. Prioridade do Governo Federal, o ritmo acelerado da vacina\u00e7\u00e3o traz resultados positivos, como a queda na taxa de ocupa\u00e7\u00e3o dos leitos de Covid, de enfermaria e UTI, que j\u00e1 est\u00e1 abaixo de 50% e dentro dos padr\u00f5es de normalidade em 19 estados do pa\u00eds.<\/p>\n<p>As m\u00e9dias m\u00f3veis de casos e \u00f3bitos tamb\u00e9m est\u00e3o em queda e registraram, nos \u00faltimos dois meses, redu\u00e7\u00e3o de 61% e 60%, respectivamente. &#8220;Vamos continuar avan\u00e7ando e contando com apoio de todos. Quando assumi o Minist\u00e9rio da Sa\u00fade o objetivo era vacinar um milh\u00e3o de pessoas por dia, n\u00famero que estamos atingindo com normalidade. Se continuarmos nesse ritmo ser\u00e1 poss\u00edvel vacinar todo p\u00fablico-alvo do pa\u00eds com as duas doses at\u00e9 o m\u00eas de outubro&#8221;, refor\u00e7ou o ministro da Sa\u00fade, Marcelo Queiroga.<\/p>\n<p>A chegada regular de vacinas, que s\u00e3o cruciais para a conter o avan\u00e7o da doen\u00e7a, \u00e9 resultado de uma estrat\u00e9gia diversificada do Minist\u00e9rio da Sa\u00fade, por orienta\u00e7\u00e3o do presidente da Rep\u00fablica, Jair Bolsonaro, para a aquisi\u00e7\u00e3o de imunizantes contra a Covid-19, que existe devido ao investimento realizado pelo Governo Federal na encomenda tecnol\u00f3gica e na transfer\u00eancia de tecnologia entre o laborat\u00f3rio da Astrazeneca e a Fiocruz. Existem ainda acordos diretos com as farmac\u00eauticas Pfizer, Janssen e com o Instituto Butantan.<\/p>\n<p>Desde o fim de mar\u00e7o deste ano, o Minist\u00e9rio da Sa\u00fade vem registrando recordes no n\u00famero de vacina\u00e7\u00e3o e na quantidade de vacinas distribu\u00eddas. No m\u00eas de agosto, a pasta bateu outro recorde e distribuiu mais de 60,8 milh\u00f5es de doses de vacinas para todos os estados e o Distrito Federal. Desde o in\u00edcio da campanha, j\u00e1 foram distribu\u00eddas mais de 233,7 milh\u00f5es de doses das vacinas contra Covid-19.<\/p>\n<p>Fonte: Minist\u00e9rio da Sa\u00fade<\/p>\n<\/div>\n","protected":false},"excerpt":{"rendered":"<p>S\u00e3o 64 milh\u00f5es de pessoas que j\u00e1 tomaram as duas doses ou receberam dose \u00fanica dos imunizantes. A campanha de vacina\u00e7\u00e3o contra da Covid-19 do Minist\u00e9rio da Sa\u00fade segue em ritmo acelerado. Nesta quinta-feira (02), o Brasil registrou mais uma importante marca para colocar fim no car\u00e1ter pand\u00eamico da doen\u00e7a: 40% da popula\u00e7\u00e3o brasileira com [&hellip;]<\/p>\n","protected":false},"author":1,"featured_media":0,"comment_status":"open","ping_status":"open","sticky":false,"template":"","format":"standard","meta":{"ocean_post_layout":"","ocean_both_sidebars_style":"","ocean_both_sidebars_content_width":0,"ocean_both_sidebars_sidebars_width":0,"ocean_sidebar":"","ocean_second_sidebar":"","ocean_disable_margins":"enable","ocean_add_body_class":"","ocean_shortcode_before_top_bar":"","ocean_shortcode_after_top_bar":"","ocean_shortcode_before_header":"","ocean_shortcode_after_header":"","ocean_has_shortcode":"","ocean_shortcode_after_title":"","ocean_shortcode_before_footer_widgets":"","ocean_shortcode_after_footer_widgets":"","ocean_shortcode_before_footer_bottom":"","ocean_shortcode_after_footer_bottom":"","ocean_display_top_bar":"default","ocean_display_header":"default","ocean_header_style":"","ocean_center_header_left_menu":"","ocean_custom_header_template":"","ocean_custom_logo":0,"ocean_custom_retina_logo":0,"ocean_custom_logo_max_width":0,"ocean_custom_logo_tablet_max_width":0,"ocean_custom_logo_mobile_max_width":0,"ocean_custom_logo_max_height":0,"ocean_custom_logo_tablet_max_height":0,"ocean_custom_logo_mobile_max_height":0,"ocean_header_custom_menu":"","ocean_menu_typo_font_family":"","ocean_menu_typo_font_subset":"","ocean_menu_typo_font_size":0,"ocean_menu_typo_font_size_tablet":0,"ocean_menu_typo_font_size_mobile":0,"ocean_menu_typo_font_size_unit":"px","ocean_menu_typo_font_weight":"","ocean_menu_typo_font_weight_tablet":"","ocean_menu_typo_font_weight_mobile":"","ocean_menu_typo_transform":"","ocean_menu_typo_transform_tablet":"","ocean_menu_typo_transform_mobile":"","ocean_menu_typo_line_height":0,"ocean_menu_typo_line_height_tablet":0,"ocean_menu_typo_line_height_mobile":0,"ocean_menu_typo_line_height_unit":"","ocean_menu_typo_spacing":0,"ocean_menu_typo_spacing_tablet":0,"ocean_menu_typo_spacing_mobile":0,"ocean_menu_typo_spacing_unit":"","ocean_menu_link_color":"","ocean_menu_link_color_hover":"","ocean_menu_link_color_active":"","ocean_menu_link_background":"","ocean_menu_link_hover_background":"","ocean_menu_link_active_background":"","ocean_menu_social_links_bg":"","ocean_menu_social_hover_links_bg":"","ocean_menu_social_links_color":"","ocean_menu_social_hover_links_color":"","ocean_disable_title":"default","ocean_disable_heading":"default","ocean_post_title":"","ocean_post_subheading":"","ocean_post_title_style":"","ocean_post_title_background_color":"","ocean_post_title_background":0,"ocean_post_title_bg_image_position":"","ocean_post_title_bg_image_attachment":"","ocean_post_title_bg_image_repeat":"","ocean_post_title_bg_image_size":"","ocean_post_title_height":0,"ocean_post_title_bg_overlay":0.5,"ocean_post_title_bg_overlay_color":"","ocean_disable_breadcrumbs":"default","ocean_breadcrumbs_color":"","ocean_breadcrumbs_separator_color":"","ocean_breadcrumbs_links_color":"","ocean_breadcrumbs_links_hover_color":"","ocean_display_footer_widgets":"default","ocean_display_footer_bottom":"default","ocean_custom_footer_template":"","ocean_post_oembed":"","ocean_post_self_hosted_media":"","ocean_post_video_embed":"","ocean_link_format":"","ocean_link_format_target":"self","ocean_quote_format":"","ocean_quote_format_link":"post","ocean_gallery_link_images":"on","ocean_gallery_id":[]},"categories":[9],"tags":[3847,1490,82,318],"acf":[],"_links":{"self":[{"href":"https:\/\/www.simepe.com.br\/novo\/wp-json\/wp\/v2\/posts\/61225"}],"collection":[{"href":"https:\/\/www.simepe.com.br\/novo\/wp-json\/wp\/v2\/posts"}],"about":[{"href":"https:\/\/www.simepe.com.br\/novo\/wp-json\/wp\/v2\/types\/post"}],"author":[{"embeddable":true,"href":"https:\/\/www.simepe.com.br\/novo\/wp-json\/wp\/v2\/users\/1"}],"replies":[{"embeddable":true,"href":"https:\/\/www.simepe.com.br\/novo\/wp-json\/wp\/v2\/comments?post=61225"}],"version-history":[{"count":1,"href":"https:\/\/www.simepe.com.br\/novo\/wp-json\/wp\/v2\/posts\/61225\/revisions"}],"predecessor-version":[{"id":61226,"href":"https:\/\/www.simepe.com.br\/novo\/wp-json\/wp\/v2\/posts\/61225\/revisions\/61226"}],"wp:attachment":[{"href":"https:\/\/www.simepe.com.br\/novo\/wp-json\/wp\/v2\/media?parent=61225"}],"wp:term":[{"taxonomy":"category","embeddable":true,"href":"https:\/\/www.simepe.com.br\/novo\/wp-json\/wp\/v2\/categories?post=61225"},{"taxonomy":"post_tag","embeddable":true,"href":"https:\/\/www.simepe.com.br\/novo\/wp-json\/wp\/v2\/tags?post=61225"}],"curies":[{"name":"wp","href":"https:\/\/api.w.org\/{rel}","templated":true}]}}