{"id":61239,"date":"2021-09-03T15:57:48","date_gmt":"2021-09-03T18:57:48","guid":{"rendered":"https:\/\/www.simepe.com.br\/novo\/?p=61239"},"modified":"2021-09-13T13:28:48","modified_gmt":"2021-09-13T16:28:48","slug":"medicos-de-petrolina-iniciam-movimento-por-valorizacao","status":"publish","type":"post","link":"https:\/\/www.simepe.com.br\/novo\/medicos-de-petrolina-iniciam-movimento-por-valorizacao\/","title":{"rendered":"M\u00e9dicos de Petrolina iniciam movimento por valoriza\u00e7\u00e3o"},"content":{"rendered":"<p style=\"text-align: justify;\">O Sindicato dos M\u00e9dicos de Pernambuco (Simepe), representado pelo vice-presidente Walber Steffano, e os diretores Robson Miranda e Jos\u00e9 Alberto, reuniram-se em Assembleia Geral Extraordin\u00e1ria (AGE) com os m\u00e9dicos de Petrolina, na noite desta quinta-feira (2). O advogado da Defensoria M\u00e9dica, Jo\u00e3o Moreira Filho, tamb\u00e9m participou do encontro.<\/p>\n<p style=\"text-align: justify;\">A pauta versou sobre o pagamento de insalubridade para os m\u00e9dicos, al\u00e9m do ressarcimento retroativo dos \u00faltimos 5 anos; valendo salientar que a luta \u00e9 cont\u00ednua e o Simepe j\u00e1 obteve adicional noturno para os m\u00e9dicos do Servi\u00e7o de Atendimento M\u00e9dico de Urg\u00eancia (Samu) somada a recomposi\u00e7\u00e3o de perdas salariais. O vice-presidente ainda pontuou sobre as fiscaliza\u00e7\u00f5es realizadas pelo Conselho Regional de Medicina (Cremepe) em parceria com o Minist\u00e9rio P\u00fablico do Trabalho (MPT).<\/p>\n<p style=\"text-align: justify;\">Ao final da AGE, foi deliberada em vota\u00e7\u00e3o un\u00e2nime a a\u00e7\u00e3o coletiva dos m\u00e9dicos com o Sindicato, para a cobran\u00e7a do valor da insalubridade. O advogado Jo\u00e3o Moreira Filho far\u00e1 uma lista com os documentos necess\u00e1rios para os m\u00e9dicos que queiram participar da a\u00e7\u00e3o, para que seja dada celeridade na mesma.<\/p>\n<p style=\"text-align: justify;\">A entidade refor\u00e7a que permanecer\u00e1 vigilante na cobran\u00e7a e defesa de melhores condi\u00e7\u00f5es de trabalho para todos os m\u00e9dicos do Estado.<\/p>\n","protected":false},"excerpt":{"rendered":"<p>O Sindicato dos M\u00e9dicos de Pernambuco (Simepe), representado pelo vice-presidente Walber Steffano, e os diretores Robson Miranda e Jos\u00e9 Alberto, reuniram-se em Assembleia Geral Extraordin\u00e1ria (AGE) com os m\u00e9dicos de Petrolina, na noite desta quinta-feira (2). O advogado da Defensoria M\u00e9dica, Jo\u00e3o Moreira Filho, tamb\u00e9m participou do encontro. A pauta versou sobre o pagamento de [&hellip;]<\/p>\n","protected":false},"author":1,"featured_media":61240,"comment_status":"open","ping_status":"open","sticky":false,"template":"","format":"standard","meta":{"ocean_post_layout":"","ocean_both_sidebars_style":"","ocean_both_sidebars_content_width":0,"ocean_both_sidebars_sidebars_width":0,"ocean_sidebar":"","ocean_second_sidebar":"","ocean_disable_margins":"enable","ocean_add_body_class":"","ocean_shortcode_before_top_bar":"","ocean_shortcode_after_top_bar":"","ocean_shortcode_before_header":"","ocean_shortcode_after_header":"","ocean_has_shortcode":"","ocean_shortcode_after_title":"","ocean_shortcode_before_footer_widgets":"","ocean_shortcode_after_footer_widgets":"","ocean_shortcode_before_footer_bottom":"","ocean_shortcode_after_footer_bottom":"","ocean_display_top_bar":"default","ocean_display_header":"default","ocean_header_style":"","ocean_center_header_left_menu":"","ocean_custom_header_template":"","ocean_custom_logo":0,"ocean_custom_retina_logo":0,"ocean_custom_logo_max_width":0,"ocean_custom_logo_tablet_max_width":0,"ocean_custom_logo_mobile_max_width":0,"ocean_custom_logo_max_height":0,"ocean_custom_logo_tablet_max_height":0,"ocean_custom_logo_mobile_max_height":0,"ocean_header_custom_menu":"","ocean_menu_typo_font_family":"","ocean_menu_typo_font_subset":"","ocean_menu_typo_font_size":0,"ocean_menu_typo_font_size_tablet":0,"ocean_menu_typo_font_size_mobile":0,"ocean_menu_typo_font_size_unit":"px","ocean_menu_typo_font_weight":"","ocean_menu_typo_font_weight_tablet":"","ocean_menu_typo_font_weight_mobile":"","ocean_menu_typo_transform":"","ocean_menu_typo_transform_tablet":"","ocean_menu_typo_transform_mobile":"","ocean_menu_typo_line_height":0,"ocean_menu_typo_line_height_tablet":0,"ocean_menu_typo_line_height_mobile":0,"ocean_menu_typo_line_height_unit":"","ocean_menu_typo_spacing":0,"ocean_menu_typo_spacing_tablet":0,"ocean_menu_typo_spacing_mobile":0,"ocean_menu_typo_spacing_unit":"","ocean_menu_link_color":"","ocean_menu_link_color_hover":"","ocean_menu_link_color_active":"","ocean_menu_link_background":"","ocean_menu_link_hover_background":"","ocean_menu_link_active_background":"","ocean_menu_social_links_bg":"","ocean_menu_social_hover_links_bg":"","ocean_menu_social_links_color":"","ocean_menu_social_hover_links_color":"","ocean_disable_title":"default","ocean_disable_heading":"default","ocean_post_title":"","ocean_post_subheading":"","ocean_post_title_style":"","ocean_post_title_background_color":"","ocean_post_title_background":0,"ocean_post_title_bg_image_position":"","ocean_post_title_bg_image_attachment":"","ocean_post_title_bg_image_repeat":"","ocean_post_title_bg_image_size":"","ocean_post_title_height":0,"ocean_post_title_bg_overlay":0.5,"ocean_post_title_bg_overlay_color":"","ocean_disable_breadcrumbs":"default","ocean_breadcrumbs_color":"","ocean_breadcrumbs_separator_color":"","ocean_breadcrumbs_links_color":"","ocean_breadcrumbs_links_hover_color":"","ocean_display_footer_widgets":"default","ocean_display_footer_bottom":"default","ocean_custom_footer_template":"","ocean_post_oembed":"","ocean_post_self_hosted_media":"","ocean_post_video_embed":"","ocean_link_format":"","ocean_link_format_target":"self","ocean_quote_format":"","ocean_quote_format_link":"post","ocean_gallery_link_images":"on","ocean_gallery_id":[]},"categories":[1],"tags":[],"acf":[],"_links":{"self":[{"href":"https:\/\/www.simepe.com.br\/novo\/wp-json\/wp\/v2\/posts\/61239"}],"collection":[{"href":"https:\/\/www.simepe.com.br\/novo\/wp-json\/wp\/v2\/posts"}],"about":[{"href":"https:\/\/www.simepe.com.br\/novo\/wp-json\/wp\/v2\/types\/post"}],"author":[{"embeddable":true,"href":"https:\/\/www.simepe.com.br\/novo\/wp-json\/wp\/v2\/users\/1"}],"replies":[{"embeddable":true,"href":"https:\/\/www.simepe.com.br\/novo\/wp-json\/wp\/v2\/comments?post=61239"}],"version-history":[{"count":1,"href":"https:\/\/www.simepe.com.br\/novo\/wp-json\/wp\/v2\/posts\/61239\/revisions"}],"predecessor-version":[{"id":61241,"href":"https:\/\/www.simepe.com.br\/novo\/wp-json\/wp\/v2\/posts\/61239\/revisions\/61241"}],"wp:featuredmedia":[{"embeddable":true,"href":"https:\/\/www.simepe.com.br\/novo\/wp-json\/wp\/v2\/media\/61240"}],"wp:attachment":[{"href":"https:\/\/www.simepe.com.br\/novo\/wp-json\/wp\/v2\/media?parent=61239"}],"wp:term":[{"taxonomy":"category","embeddable":true,"href":"https:\/\/www.simepe.com.br\/novo\/wp-json\/wp\/v2\/categories?post=61239"},{"taxonomy":"post_tag","embeddable":true,"href":"https:\/\/www.simepe.com.br\/novo\/wp-json\/wp\/v2\/tags?post=61239"}],"curies":[{"name":"wp","href":"https:\/\/api.w.org\/{rel}","templated":true}]}}