{"id":61249,"date":"2021-09-08T10:22:02","date_gmt":"2021-09-08T13:22:02","guid":{"rendered":"https:\/\/www.simepe.com.br\/novo\/?p=61249"},"modified":"2021-09-08T10:22:02","modified_gmt":"2021-09-08T13:22:02","slug":"brasil-passara-de-importador-para-exportador-de-vacinas-covid-19-diz-queiroga-em-roma","status":"publish","type":"post","link":"https:\/\/www.simepe.com.br\/novo\/brasil-passara-de-importador-para-exportador-de-vacinas-covid-19-diz-queiroga-em-roma\/","title":{"rendered":"Brasil passar\u00e1 de importador para exportador de vacinas Covid-19, diz Queiroga em Roma"},"content":{"rendered":"<div class=\"documentDescription\"><em>Ministro da Sa\u00fade participou de reuni\u00f5es com ministros, diretor da OMS e CEO de alian\u00e7a global marcam primeiro dia no G20.<\/em><\/div>\n<div class=\"documentDescription\"><\/div>\n<div class=\"documentDescription\">\n<div id=\"content-core\">\n<div id=\"parent-fieldname-text\" class=\"\">\n<div>\n<p>\u201cO Brasil deixar\u00e1 de ser um pa\u00eds importador de vacinas e ser\u00e1 um pa\u00eds que produzir\u00e1 vacinas\u201d, afirmou o ministro da Sa\u00fade, Marcelo Queiroga, em entrevista \u00e0 r\u00e1dio Vaticano. Ele destacou que a mudan\u00e7a favorecer\u00e1 a popula\u00e7\u00e3o de diversos pa\u00edses do mundo e n\u00e3o apenas a brasileira.<\/p>\n<p>O ministro destacou que, em setembro, a farmac\u00eautica americana Pfizer firmou um acordo com a brasileira Eurofarma para produ\u00e7\u00e3o o imunizante da Pfizer contra a Covid-19 no Brasil. \u201cEm 2022, a Pfizer deve produzir nessa parceria com Eurofarma pelo menos 100 milh\u00f5es de doses\u201d, afirmou.<\/p>\n<p>Al\u00e9m disso, o Minist\u00e9rio da Sa\u00fade assinou o acordo de transfer\u00eancia de tecnologia do laborat\u00f3rio Astrazeneca para que o Instituto de Tecnologia em Imunobiol\u00f3gicos (Bio-Manguinhos), da Funda\u00e7\u00e3o Oswaldo Cruz (Fiocruz), possa produzir o imunizante contra a Covid-19 com Ingrediente Farmac\u00eautico Ativo (IFA) fabricado em territ\u00f3rio nacional. Com isso, ser\u00e1 poss\u00edvel produzir uma vacina Covid-19 100% nacional.<\/p>\n<p><strong>Reconhecimento internacional<\/strong><\/p>\n<p>A entrevista \u00e9 parte de uma s\u00e9rie de agendas que Queiroga cumpre em Roma, na It\u00e1lia, ao participar da reuni\u00e3o de ministros da sa\u00fade do G20, que re\u00fane as 19 maiores economias do mundo mais a Uni\u00e3o Europeia. Com mais de 83% da popula\u00e7\u00e3o-alvo vacinada e avan\u00e7ando cada dia mais rumo a imuniza\u00e7\u00e3o de toda a popula\u00e7\u00e3o, o sucesso da campanha de vacina\u00e7\u00e3o do Brasil foi reconhecido durante o evento.<\/p>\n<p>O ministro Marcelo Queiroga participou de reuni\u00f5es bilaterais com gestores de sa\u00fade de da \u00cdndia e Reino Unido, com o CEO da GAVI Alliance, Sth Berkley. Al\u00e9m disso, ele se reuniu com o diretor-geral da Organiza\u00e7\u00e3o Mundial da Sa\u00fade (OMS), Tedros Adhanom, que felicitou o Brasil pelos bons resultados e pela perspectiva de que, em breve, o pa\u00eds ajudar\u00e1 o mundo com mais vacinas.<\/p>\n<p>&#8220;O complexo econ\u00f4mico-industrial de sa\u00fade do Brasil tem capacidade produtiva, compet\u00eancia t\u00e9cnica, ambiente regulat\u00f3rio seguro e ampla experi\u00eancia para servir como hub regional na produ\u00e7\u00e3o de insumos para a Am\u00e9rica Latina e Caribe&#8221;, pontuou Queiroga ap\u00f3s encontro com o diretor-geral da OMS.<\/p>\n<p><strong>Balan\u00e7o<\/strong><\/p>\n<p>Em sua primeira agenda oficial representando a autoridade m\u00e1xima em sa\u00fade do Brasil, Queiroga apresentou os n\u00fameros da vacina\u00e7\u00e3o no pa\u00eds e a ampla capacidade apresentada pelo Programa Nacional de Imuniza\u00e7\u00f5es, que conta com mais de 37 mil salas de vacina\u00e7\u00e3o e j\u00e1 foi respons\u00e1vel por aplicar mais de 200 milh\u00f5es de vacinas e proteger, com ao menos uma dose, mais de 83% da popula\u00e7\u00e3o maior de 18 anos. O sucesso da campanha foi reconhecido pela OMS, que parabenizou o Minist\u00e9rio da Sa\u00fade pelos resultados j\u00e1 alcan\u00e7ados.<\/p>\n<p>&#8220;Verificamos o interesse coletivo em ampliar o acesso universal \u00e0 sa\u00fade, sobretudo ampliar a oferta de vacinas para que possamos avan\u00e7ar em toda a popula\u00e7\u00e3o global, sobretudo nos pa\u00edse mais pobres, que a cobertura vacinal ainda \u00e9 muito baixa. O entendimento uniforme \u00e9 que s\u00f3 conseguiremos conter o car\u00e1ter pand\u00eamico da Covid-19 quando avan\u00e7armos com a vacina\u00e7\u00e3o em todos os pa\u00edses&#8221;, refor\u00e7ou o ministro.<\/p>\n<p>Queiroga tamb\u00e9m apresentou aos representantes das outras na\u00e7\u00f5es a ampla capacidade nacional em produzir vacinas. As duas institui\u00e7\u00f5es p\u00fablicas que fabricam imunizantes, a Funda\u00e7\u00e3o Oswaldo Cruz (Fiocruz) e o Instituto Butantan j\u00e1 entregaram, juntas, mais de 193 milh\u00f5es de doses. Al\u00e9m disso, a empresa Eurofarma anunciou parceria com a farmac\u00eautica Pfizer para a produ\u00e7\u00e3o de imunizantes do laborat\u00f3rio norte-americano em solo brasileiro. Com isso, o Brasil se tornar\u00e1 capaz de produzir vacinas em tr\u00eas plataformas tecnol\u00f3gicas diferentes.<\/p>\n<p>Fonte: Minist\u00e9rio da Sa\u00fade<\/p>\n<\/div>\n<\/div>\n<\/div>\n<\/div>\n","protected":false},"excerpt":{"rendered":"<p>Ministro da Sa\u00fade participou de reuni\u00f5es com ministros, diretor da OMS e CEO de alian\u00e7a global marcam primeiro dia no G20. \u201cO Brasil deixar\u00e1 de ser um pa\u00eds importador de vacinas e ser\u00e1 um pa\u00eds que produzir\u00e1 vacinas\u201d, afirmou o ministro da Sa\u00fade, Marcelo Queiroga, em entrevista \u00e0 r\u00e1dio Vaticano. Ele destacou que a mudan\u00e7a [&hellip;]<\/p>\n","protected":false},"author":1,"featured_media":0,"comment_status":"open","ping_status":"open","sticky":false,"template":"","format":"standard","meta":{"ocean_post_layout":"","ocean_both_sidebars_style":"","ocean_both_sidebars_content_width":0,"ocean_both_sidebars_sidebars_width":0,"ocean_sidebar":"","ocean_second_sidebar":"","ocean_disable_margins":"enable","ocean_add_body_class":"","ocean_shortcode_before_top_bar":"","ocean_shortcode_after_top_bar":"","ocean_shortcode_before_header":"","ocean_shortcode_after_header":"","ocean_has_shortcode":"","ocean_shortcode_after_title":"","ocean_shortcode_before_footer_widgets":"","ocean_shortcode_after_footer_widgets":"","ocean_shortcode_before_footer_bottom":"","ocean_shortcode_after_footer_bottom":"","ocean_display_top_bar":"default","ocean_display_header":"default","ocean_header_style":"","ocean_center_header_left_menu":"","ocean_custom_header_template":"","ocean_custom_logo":0,"ocean_custom_retina_logo":0,"ocean_custom_logo_max_width":0,"ocean_custom_logo_tablet_max_width":0,"ocean_custom_logo_mobile_max_width":0,"ocean_custom_logo_max_height":0,"ocean_custom_logo_tablet_max_height":0,"ocean_custom_logo_mobile_max_height":0,"ocean_header_custom_menu":"","ocean_menu_typo_font_family":"","ocean_menu_typo_font_subset":"","ocean_menu_typo_font_size":0,"ocean_menu_typo_font_size_tablet":0,"ocean_menu_typo_font_size_mobile":0,"ocean_menu_typo_font_size_unit":"px","ocean_menu_typo_font_weight":"","ocean_menu_typo_font_weight_tablet":"","ocean_menu_typo_font_weight_mobile":"","ocean_menu_typo_transform":"","ocean_menu_typo_transform_tablet":"","ocean_menu_typo_transform_mobile":"","ocean_menu_typo_line_height":0,"ocean_menu_typo_line_height_tablet":0,"ocean_menu_typo_line_height_mobile":0,"ocean_menu_typo_line_height_unit":"","ocean_menu_typo_spacing":0,"ocean_menu_typo_spacing_tablet":0,"ocean_menu_typo_spacing_mobile":0,"ocean_menu_typo_spacing_unit":"","ocean_menu_link_color":"","ocean_menu_link_color_hover":"","ocean_menu_link_color_active":"","ocean_menu_link_background":"","ocean_menu_link_hover_background":"","ocean_menu_link_active_background":"","ocean_menu_social_links_bg":"","ocean_menu_social_hover_links_bg":"","ocean_menu_social_links_color":"","ocean_menu_social_hover_links_color":"","ocean_disable_title":"default","ocean_disable_heading":"default","ocean_post_title":"","ocean_post_subheading":"","ocean_post_title_style":"","ocean_post_title_background_color":"","ocean_post_title_background":0,"ocean_post_title_bg_image_position":"","ocean_post_title_bg_image_attachment":"","ocean_post_title_bg_image_repeat":"","ocean_post_title_bg_image_size":"","ocean_post_title_height":0,"ocean_post_title_bg_overlay":0.5,"ocean_post_title_bg_overlay_color":"","ocean_disable_breadcrumbs":"default","ocean_breadcrumbs_color":"","ocean_breadcrumbs_separator_color":"","ocean_breadcrumbs_links_color":"","ocean_breadcrumbs_links_hover_color":"","ocean_display_footer_widgets":"default","ocean_display_footer_bottom":"default","ocean_custom_footer_template":"","ocean_post_oembed":"","ocean_post_self_hosted_media":"","ocean_post_video_embed":"","ocean_link_format":"","ocean_link_format_target":"self","ocean_quote_format":"","ocean_quote_format_link":"post","ocean_gallery_link_images":"on","ocean_gallery_id":[]},"categories":[9],"tags":[3847,1490,82,318],"acf":[],"_links":{"self":[{"href":"https:\/\/www.simepe.com.br\/novo\/wp-json\/wp\/v2\/posts\/61249"}],"collection":[{"href":"https:\/\/www.simepe.com.br\/novo\/wp-json\/wp\/v2\/posts"}],"about":[{"href":"https:\/\/www.simepe.com.br\/novo\/wp-json\/wp\/v2\/types\/post"}],"author":[{"embeddable":true,"href":"https:\/\/www.simepe.com.br\/novo\/wp-json\/wp\/v2\/users\/1"}],"replies":[{"embeddable":true,"href":"https:\/\/www.simepe.com.br\/novo\/wp-json\/wp\/v2\/comments?post=61249"}],"version-history":[{"count":1,"href":"https:\/\/www.simepe.com.br\/novo\/wp-json\/wp\/v2\/posts\/61249\/revisions"}],"predecessor-version":[{"id":61250,"href":"https:\/\/www.simepe.com.br\/novo\/wp-json\/wp\/v2\/posts\/61249\/revisions\/61250"}],"wp:attachment":[{"href":"https:\/\/www.simepe.com.br\/novo\/wp-json\/wp\/v2\/media?parent=61249"}],"wp:term":[{"taxonomy":"category","embeddable":true,"href":"https:\/\/www.simepe.com.br\/novo\/wp-json\/wp\/v2\/categories?post=61249"},{"taxonomy":"post_tag","embeddable":true,"href":"https:\/\/www.simepe.com.br\/novo\/wp-json\/wp\/v2\/tags?post=61249"}],"curies":[{"name":"wp","href":"https:\/\/api.w.org\/{rel}","templated":true}]}}