{"id":61251,"date":"2021-09-08T10:25:05","date_gmt":"2021-09-08T13:25:05","guid":{"rendered":"https:\/\/www.simepe.com.br\/novo\/?p=61251"},"modified":"2021-09-08T10:25:05","modified_gmt":"2021-09-08T13:25:05","slug":"brava-gente-brasileira-quase-135-milhoes-de-brasileiros-ja-tomaram-a-primeira-dose-contra-a-covid-19","status":"publish","type":"post","link":"https:\/\/www.simepe.com.br\/novo\/brava-gente-brasileira-quase-135-milhoes-de-brasileiros-ja-tomaram-a-primeira-dose-contra-a-covid-19\/","title":{"rendered":"\u201cBrava gente brasileira!\u201d: quase 135 milh\u00f5es de brasileiros j\u00e1 tomaram a primeira dose contra a Covid-19"},"content":{"rendered":"<div class=\"documentDescription\"><em>Com mais de 253 milh\u00f5es de doses distribu\u00eddas, Brasil se aproxima da meta de imunizar toda a popula\u00e7\u00e3o brasileira adulta.<\/em><\/div>\n<div class=\"documentDescription\">\n<p>H\u00e1 quase 200 anos, \u00e0s margens do Rio Ipiranga, D. Pedro I levantou sua espada e soltou um grito que ecoa at\u00e9 hoje: &#8220;Independ\u00eancia ou Morte&#8221;. A m\u00e1xima ensinada nos primeiros anos de escola rompeu a liga\u00e7\u00e3o do Brasil com o imp\u00e9rio de Portugal e consolidou o nosso Pa\u00eds como uma na\u00e7\u00e3o independente e livre. Hoje, lutamos contra um s\u00f3 inimigo: o v\u00edrus da Covid-19. E nessa batalha a prioridade \u00e9 vacina no bra\u00e7o.<\/p>\n<p>Neste 7 de setembro, quando o Pa\u00eds se veste de verde e amarelo, celebramos o dia da Independ\u00eancia do Brasil com uma marca significativa. At\u00e9 o momento, mais de 202 milh\u00f5es de doses de vacina Covid-19 foram aplicadas em todos os estados e Distrito Federal. Com o avan\u00e7o da Campanha de Vacina\u00e7\u00e3o, o Governo Federal coloca nas ruas um \u201cex\u00e9rcito\u201d de quase 135 milh\u00f5es de brasileiros que, nesta guerra contra o coronav\u00edrus, carregam no bra\u00e7o uma arma poderosa: a primeira dose da vacina.<\/p>\n<p>\u201cA vacina, de fato, \u00e9 a nossa principal arma para acabar com o v\u00edrus da Covid-19. Temos dito e repetido isso pelos quatro cantos do Brasil. Hoje, lutamos contra um inimigo invis\u00edvel, lutamos novamente pela liberdade. Pela liberdade de poder voltar ao nosso conv\u00edvio normal, de abra\u00e7ar nossos familiares e amigos, de trabalhar e retomar a economia brasileira. E s\u00f3 vamos conseguir vencer vacinando toda a popula\u00e7\u00e3o brasileira\u201d, disse o ministro da Sa\u00fade, Marcelo Queiroga.<\/p>\n<p>A vacina\u00e7\u00e3o contra a Covid-19 no Brasil j\u00e1 reflete nos n\u00fameros da pandemia no Pa\u00eds. H\u00e1 mais de cinco dias, a m\u00e9dia m\u00f3vel de mortes registra n\u00famero abaixo de 700. A curva est\u00e1 em queda desde junho, quando o Minist\u00e9rio da Sa\u00fade refor\u00e7ou a Campanha de Vacina\u00e7\u00e3o com o envio de mais doses \u00e0s unidades federativas. Nos meses de junho, julho e agosto foram distribu\u00eddas mais de 150 milh\u00f5es de doses. Embora estejamos armados contra a Covid-19, as medidas n\u00e3o-farmacol\u00f3gicas continuam.<\/p>\n<p>\u201cAl\u00e9m da vacina, a gente precisa fazer uso dessas medidas chamadas n\u00e3o-farmacol\u00f3gicas. Porque, por interm\u00e9dio dessas medidas, a gente evita a transmiss\u00e3o do v\u00edrus e o cont\u00e1gio. Com os protocolos sanit\u00e1rios a gente garante uma retomada de todas as atividades da forma mais segura poss\u00edvel. Portanto, mesmo vacinado, medidas como higieniza\u00e7\u00e3o, distanciamento f\u00edsico e o uso de m\u00e1scara devem estar na nossa rotina todos os dias\u201d, disse o Secret\u00e1rio-Executivo do Minist\u00e9rio da Sa\u00fade, Rodrigo Cruz.<\/p>\n<p>Desde o in\u00edcio da Campanha de Vacina\u00e7\u00e3o contra a Covid-19, 253,7 milh\u00f5es de doses de vacina foram distribu\u00eddas para todo o Pa\u00eds. Dessas, mais de 202,2 milh\u00f5es foram aplicadas sendo 134,8 milh\u00f5es como primeira dose. Ao todo, 67,3 milh\u00f5es j\u00e1 completaram o esquema vacinal com a segunda dose ou dose \u00fanica do imunizante. Os resultados colocam o Brasil em quarto lugar no mundo entre os pa\u00edses que mais vacinaram contra a doen\u00e7a.<\/p>\n<p>Fonte: Minist\u00e9rio da Sa\u00fade<\/p>\n<\/div>\n","protected":false},"excerpt":{"rendered":"<p>Com mais de 253 milh\u00f5es de doses distribu\u00eddas, Brasil se aproxima da meta de imunizar toda a popula\u00e7\u00e3o brasileira adulta. H\u00e1 quase 200 anos, \u00e0s margens do Rio Ipiranga, D. Pedro I levantou sua espada e soltou um grito que ecoa at\u00e9 hoje: &#8220;Independ\u00eancia ou Morte&#8221;. A m\u00e1xima ensinada nos primeiros anos de escola rompeu [&hellip;]<\/p>\n","protected":false},"author":1,"featured_media":0,"comment_status":"open","ping_status":"open","sticky":false,"template":"","format":"standard","meta":{"ocean_post_layout":"","ocean_both_sidebars_style":"","ocean_both_sidebars_content_width":0,"ocean_both_sidebars_sidebars_width":0,"ocean_sidebar":"","ocean_second_sidebar":"","ocean_disable_margins":"enable","ocean_add_body_class":"","ocean_shortcode_before_top_bar":"","ocean_shortcode_after_top_bar":"","ocean_shortcode_before_header":"","ocean_shortcode_after_header":"","ocean_has_shortcode":"","ocean_shortcode_after_title":"","ocean_shortcode_before_footer_widgets":"","ocean_shortcode_after_footer_widgets":"","ocean_shortcode_before_footer_bottom":"","ocean_shortcode_after_footer_bottom":"","ocean_display_top_bar":"default","ocean_display_header":"default","ocean_header_style":"","ocean_center_header_left_menu":"","ocean_custom_header_template":"","ocean_custom_logo":0,"ocean_custom_retina_logo":0,"ocean_custom_logo_max_width":0,"ocean_custom_logo_tablet_max_width":0,"ocean_custom_logo_mobile_max_width":0,"ocean_custom_logo_max_height":0,"ocean_custom_logo_tablet_max_height":0,"ocean_custom_logo_mobile_max_height":0,"ocean_header_custom_menu":"","ocean_menu_typo_font_family":"","ocean_menu_typo_font_subset":"","ocean_menu_typo_font_size":0,"ocean_menu_typo_font_size_tablet":0,"ocean_menu_typo_font_size_mobile":0,"ocean_menu_typo_font_size_unit":"px","ocean_menu_typo_font_weight":"","ocean_menu_typo_font_weight_tablet":"","ocean_menu_typo_font_weight_mobile":"","ocean_menu_typo_transform":"","ocean_menu_typo_transform_tablet":"","ocean_menu_typo_transform_mobile":"","ocean_menu_typo_line_height":0,"ocean_menu_typo_line_height_tablet":0,"ocean_menu_typo_line_height_mobile":0,"ocean_menu_typo_line_height_unit":"","ocean_menu_typo_spacing":0,"ocean_menu_typo_spacing_tablet":0,"ocean_menu_typo_spacing_mobile":0,"ocean_menu_typo_spacing_unit":"","ocean_menu_link_color":"","ocean_menu_link_color_hover":"","ocean_menu_link_color_active":"","ocean_menu_link_background":"","ocean_menu_link_hover_background":"","ocean_menu_link_active_background":"","ocean_menu_social_links_bg":"","ocean_menu_social_hover_links_bg":"","ocean_menu_social_links_color":"","ocean_menu_social_hover_links_color":"","ocean_disable_title":"default","ocean_disable_heading":"default","ocean_post_title":"","ocean_post_subheading":"","ocean_post_title_style":"","ocean_post_title_background_color":"","ocean_post_title_background":0,"ocean_post_title_bg_image_position":"","ocean_post_title_bg_image_attachment":"","ocean_post_title_bg_image_repeat":"","ocean_post_title_bg_image_size":"","ocean_post_title_height":0,"ocean_post_title_bg_overlay":0.5,"ocean_post_title_bg_overlay_color":"","ocean_disable_breadcrumbs":"default","ocean_breadcrumbs_color":"","ocean_breadcrumbs_separator_color":"","ocean_breadcrumbs_links_color":"","ocean_breadcrumbs_links_hover_color":"","ocean_display_footer_widgets":"default","ocean_display_footer_bottom":"default","ocean_custom_footer_template":"","ocean_post_oembed":"","ocean_post_self_hosted_media":"","ocean_post_video_embed":"","ocean_link_format":"","ocean_link_format_target":"self","ocean_quote_format":"","ocean_quote_format_link":"post","ocean_gallery_link_images":"on","ocean_gallery_id":[]},"categories":[9],"tags":[3847,1490,82,318],"acf":[],"_links":{"self":[{"href":"https:\/\/www.simepe.com.br\/novo\/wp-json\/wp\/v2\/posts\/61251"}],"collection":[{"href":"https:\/\/www.simepe.com.br\/novo\/wp-json\/wp\/v2\/posts"}],"about":[{"href":"https:\/\/www.simepe.com.br\/novo\/wp-json\/wp\/v2\/types\/post"}],"author":[{"embeddable":true,"href":"https:\/\/www.simepe.com.br\/novo\/wp-json\/wp\/v2\/users\/1"}],"replies":[{"embeddable":true,"href":"https:\/\/www.simepe.com.br\/novo\/wp-json\/wp\/v2\/comments?post=61251"}],"version-history":[{"count":1,"href":"https:\/\/www.simepe.com.br\/novo\/wp-json\/wp\/v2\/posts\/61251\/revisions"}],"predecessor-version":[{"id":61252,"href":"https:\/\/www.simepe.com.br\/novo\/wp-json\/wp\/v2\/posts\/61251\/revisions\/61252"}],"wp:attachment":[{"href":"https:\/\/www.simepe.com.br\/novo\/wp-json\/wp\/v2\/media?parent=61251"}],"wp:term":[{"taxonomy":"category","embeddable":true,"href":"https:\/\/www.simepe.com.br\/novo\/wp-json\/wp\/v2\/categories?post=61251"},{"taxonomy":"post_tag","embeddable":true,"href":"https:\/\/www.simepe.com.br\/novo\/wp-json\/wp\/v2\/tags?post=61251"}],"curies":[{"name":"wp","href":"https:\/\/api.w.org\/{rel}","templated":true}]}}