{"id":61260,"date":"2021-09-05T13:39:25","date_gmt":"2021-09-05T16:39:25","guid":{"rendered":"https:\/\/www.simepe.com.br\/novo\/?p=61260"},"modified":"2021-09-08T13:44:02","modified_gmt":"2021-09-08T16:44:02","slug":"atencao-medico-05-09-21","status":"publish","type":"post","link":"https:\/\/www.simepe.com.br\/novo\/atencao-medico-05-09-21\/","title":{"rendered":"Aten\u00e7\u00e3o m\u00e9dico &#8211; 05.09.21"},"content":{"rendered":"<p style=\"text-align: center;\"><strong>AGE com os m\u00e9dicos do Estado tem como foco a nomea\u00e7\u00e3o do concurso p\u00fablico<\/strong><\/p>\n<p style=\"text-align: justify;\">O Simepe deu continuidade ao movimento por melhorias na rede estadual de sa\u00fade, em mais uma AGE, na noite da \u00faltima quarta-feira (01). Foi pontuado na assembleia a nomea\u00e7\u00e3o dos m\u00e9dicos aprovados no concurso p\u00fablico do Estado. A presidente da entidade, Claudia Beatriz, explicou que na \u00faltima semana 37 destes m\u00e9dicos foram nomeados em diversas especialidades; tamb\u00e9m comentou sobre a abertura da Mesa de Negocia\u00e7\u00e3o com a SAD e com a SES para abordar a revis\u00e3o salarial, as melhorias nas condi\u00e7\u00f5es de trabalho, o reconhecimento e valoriza\u00e7\u00e3o dos m\u00e9dicos com a remunera\u00e7\u00e3o da atividade de risco. Por fim, a entidade refor\u00e7a que permanecer\u00e1 vigilante para que a categoria m\u00e9dica continue tendo os seus direitos atendidos.<\/p>\n<p style=\"text-align: center;\"><strong>M\u00e9dicos de Petrolina iniciam movimento por valoriza\u00e7\u00e3o<\/strong><\/p>\n<p style=\"text-align: justify;\">Os representantes do Simepe, o vice-presidente Walber Steffano, e os diretores Robson Miranda e Jos\u00e9 Alberto, reuniram-se em AGE com os m\u00e9dicos de Petrolina, nesta quinta-feira (02). O advogado da Defensoria M\u00e9dica, Jo\u00e3o Moreira Filho, tamb\u00e9m participou do encontro. A pauta versou sobre o pagamento de insalubridade para os m\u00e9dicos, al\u00e9m do ressarcimento retroativo dos \u00faltimos 5 anos; valendo salientar que a luta \u00e9 cont\u00ednua e o Simepe j\u00e1 obteve adicional noturno para os m\u00e9dicos do Samu e a recomposi\u00e7\u00e3o de perdas salariais. O vice-presidente ainda pontuou sobre as fiscaliza\u00e7\u00f5es realizadas pelo Cremepe em parceria com o Minist\u00e9rio P\u00fablico do Trabalho (MPT). Ao final da AGE, foi deliberada em vota\u00e7\u00e3o un\u00e2nime a a\u00e7\u00e3o coletiva dos m\u00e9dicos com o Sindicato para a cobran\u00e7a do valor da insalubridade.<\/p>\n<p style=\"text-align: center;\"><strong>Cirurgi\u00f5es de cabe\u00e7a e pesco\u00e7o cobram por chamamento em concurso do Estado<\/strong><\/p>\n<p style=\"text-align: justify;\">Para debater sobre a nomea\u00e7\u00e3o do concurso p\u00fablico do Estado, o Simepe, representado pelo diretor Rodrigo Rosas, esteve em reuni\u00e3o com m\u00e9dicos cirurgi\u00f5es das especialidades cabe\u00e7a e pesco\u00e7o, na tarde da \u00faltima quarta-feira (01\/09). Na ocasi\u00e3o, os m\u00e9dicos expuseram a necessidade de chamamento para suas especialidades, alegando as grandes filas de espera para estas cirurgias. O Sindicato solicitou destes m\u00e9dicos documentos que detalham os servi\u00e7os em falta, bem como exp\u00f4s que ap\u00f3s a entrega deste material, a demanda ser\u00e1 levada para o secret\u00e1rio de sa\u00fade do Estado, Andr\u00e9 Longo.<\/p>\n<p style=\"text-align: center;\"><strong>Simepe e SES discutem sobre a superlota\u00e7\u00e3o no HAM<\/strong><\/p>\n<p style=\"text-align: justify;\">Diante do cen\u00e1rio ca\u00f3tico da emerg\u00eancia cardiovascular do Hospital Agamenon Magalh\u00e3es (HAM), representantes do Simepe \u2013 a presidente Claudia Beatriz Andrade, o vice-presidente Walber Steffano, os diretores M\u00e1rio Jorge Lobo, Malu David, Fernando J\u00fanior e Mozart Lacerda \u2013 reuniram-se com gestores da Secretaria Estadual de Sa\u00fade (SES), na tarde da ter\u00e7a-feira (31\/08) passada, no Bongi. A entidade dialogou com a SES sobre o que foi observado na unidade, todas as reivindica\u00e7\u00f5es da categoria, estrat\u00e9gias e solu\u00e7\u00f5es para desafogar o quantitativo de pacientes no setor cardiovascular do HAM distribu\u00eddos nas salas amarela, vermelha e corredores. O Sindicato seguir\u00e1 na luta di\u00e1ria pela garantia das devidas condi\u00e7\u00f5es de trabalho para os m\u00e9dicos e demais profissionais da sa\u00fade, al\u00e9m da melhor assist\u00eancia para os pacientes.<\/p>\n<p style=\"text-align: center;\"><b>M\u00e9dicos do Hospital Evang\u00e9lico iniciam movimento pela garantia do recebimento dos sal\u00e1rios atrasados<\/b><\/p>\n<p style=\"text-align: justify;\">Na ter\u00e7a-feira (31\/08), os m\u00e9dicos do Hospital Evang\u00e9lico de Pernambuco (HEP) reuniram-se, por videoconfer\u00eancia, com o vice-presidente do Simepe, Walber Steffano, o diretor Fernando J\u00fanior e o advogado da Defensoria M\u00e9dica, Jos\u00e9 Di\u00f3genes Souza. Na ocasi\u00e3o, a entidade recebeu as reivindica\u00e7\u00f5es dos m\u00e9dicos referentes aos pagamentos em atraso pela atua\u00e7\u00e3o dos mesmos na UTI para atendimentos de pacientes com Covid-19 do HEP. Diante do problema, ser\u00e1 enviado documento para o Hospital Evang\u00e9lico cobrando mais esclarecimentos e os pagamentos dos sal\u00e1rios atrasados desses profissionais que tanto batalharam para salvar vidas neste cen\u00e1rio pand\u00eamico. Uma nova reuni\u00e3o com a categoria ser\u00e1 realizada dia 21\/09, \u00e0s 19h, para dar continuidade ao movimento.<\/p>\n","protected":false},"excerpt":{"rendered":"<p>AGE com os m\u00e9dicos do Estado tem como foco a nomea\u00e7\u00e3o do concurso p\u00fablico O Simepe deu continuidade ao movimento por melhorias na rede estadual de sa\u00fade, em mais uma AGE, na noite da \u00faltima quarta-feira (01). Foi pontuado na assembleia a nomea\u00e7\u00e3o dos m\u00e9dicos aprovados no concurso p\u00fablico do Estado. A presidente da entidade, [&hellip;]<\/p>\n","protected":false},"author":1,"featured_media":0,"comment_status":"open","ping_status":"open","sticky":false,"template":"","format":"standard","meta":{"ocean_post_layout":"","ocean_both_sidebars_style":"","ocean_both_sidebars_content_width":0,"ocean_both_sidebars_sidebars_width":0,"ocean_sidebar":"","ocean_second_sidebar":"","ocean_disable_margins":"enable","ocean_add_body_class":"","ocean_shortcode_before_top_bar":"","ocean_shortcode_after_top_bar":"","ocean_shortcode_before_header":"","ocean_shortcode_after_header":"","ocean_has_shortcode":"","ocean_shortcode_after_title":"","ocean_shortcode_before_footer_widgets":"","ocean_shortcode_after_footer_widgets":"","ocean_shortcode_before_footer_bottom":"","ocean_shortcode_after_footer_bottom":"","ocean_display_top_bar":"default","ocean_display_header":"default","ocean_header_style":"","ocean_center_header_left_menu":"","ocean_custom_header_template":"","ocean_custom_logo":0,"ocean_custom_retina_logo":0,"ocean_custom_logo_max_width":0,"ocean_custom_logo_tablet_max_width":0,"ocean_custom_logo_mobile_max_width":0,"ocean_custom_logo_max_height":0,"ocean_custom_logo_tablet_max_height":0,"ocean_custom_logo_mobile_max_height":0,"ocean_header_custom_menu":"","ocean_menu_typo_font_family":"","ocean_menu_typo_font_subset":"","ocean_menu_typo_font_size":0,"ocean_menu_typo_font_size_tablet":0,"ocean_menu_typo_font_size_mobile":0,"ocean_menu_typo_font_size_unit":"px","ocean_menu_typo_font_weight":"","ocean_menu_typo_font_weight_tablet":"","ocean_menu_typo_font_weight_mobile":"","ocean_menu_typo_transform":"","ocean_menu_typo_transform_tablet":"","ocean_menu_typo_transform_mobile":"","ocean_menu_typo_line_height":0,"ocean_menu_typo_line_height_tablet":0,"ocean_menu_typo_line_height_mobile":0,"ocean_menu_typo_line_height_unit":"","ocean_menu_typo_spacing":0,"ocean_menu_typo_spacing_tablet":0,"ocean_menu_typo_spacing_mobile":0,"ocean_menu_typo_spacing_unit":"","ocean_menu_link_color":"","ocean_menu_link_color_hover":"","ocean_menu_link_color_active":"","ocean_menu_link_background":"","ocean_menu_link_hover_background":"","ocean_menu_link_active_background":"","ocean_menu_social_links_bg":"","ocean_menu_social_hover_links_bg":"","ocean_menu_social_links_color":"","ocean_menu_social_hover_links_color":"","ocean_disable_title":"default","ocean_disable_heading":"default","ocean_post_title":"","ocean_post_subheading":"","ocean_post_title_style":"","ocean_post_title_background_color":"","ocean_post_title_background":0,"ocean_post_title_bg_image_position":"","ocean_post_title_bg_image_attachment":"","ocean_post_title_bg_image_repeat":"","ocean_post_title_bg_image_size":"","ocean_post_title_height":0,"ocean_post_title_bg_overlay":0.5,"ocean_post_title_bg_overlay_color":"","ocean_disable_breadcrumbs":"default","ocean_breadcrumbs_color":"","ocean_breadcrumbs_separator_color":"","ocean_breadcrumbs_links_color":"","ocean_breadcrumbs_links_hover_color":"","ocean_display_footer_widgets":"default","ocean_display_footer_bottom":"default","ocean_custom_footer_template":"","ocean_post_oembed":"","ocean_post_self_hosted_media":"","ocean_post_video_embed":"","ocean_link_format":"","ocean_link_format_target":"self","ocean_quote_format":"","ocean_quote_format_link":"post","ocean_gallery_link_images":"on","ocean_gallery_id":[]},"categories":[1],"tags":[],"acf":[],"_links":{"self":[{"href":"https:\/\/www.simepe.com.br\/novo\/wp-json\/wp\/v2\/posts\/61260"}],"collection":[{"href":"https:\/\/www.simepe.com.br\/novo\/wp-json\/wp\/v2\/posts"}],"about":[{"href":"https:\/\/www.simepe.com.br\/novo\/wp-json\/wp\/v2\/types\/post"}],"author":[{"embeddable":true,"href":"https:\/\/www.simepe.com.br\/novo\/wp-json\/wp\/v2\/users\/1"}],"replies":[{"embeddable":true,"href":"https:\/\/www.simepe.com.br\/novo\/wp-json\/wp\/v2\/comments?post=61260"}],"version-history":[{"count":3,"href":"https:\/\/www.simepe.com.br\/novo\/wp-json\/wp\/v2\/posts\/61260\/revisions"}],"predecessor-version":[{"id":61264,"href":"https:\/\/www.simepe.com.br\/novo\/wp-json\/wp\/v2\/posts\/61260\/revisions\/61264"}],"wp:attachment":[{"href":"https:\/\/www.simepe.com.br\/novo\/wp-json\/wp\/v2\/media?parent=61260"}],"wp:term":[{"taxonomy":"category","embeddable":true,"href":"https:\/\/www.simepe.com.br\/novo\/wp-json\/wp\/v2\/categories?post=61260"},{"taxonomy":"post_tag","embeddable":true,"href":"https:\/\/www.simepe.com.br\/novo\/wp-json\/wp\/v2\/tags?post=61260"}],"curies":[{"name":"wp","href":"https:\/\/api.w.org\/{rel}","templated":true}]}}