{"id":61273,"date":"2021-09-10T15:47:18","date_gmt":"2021-09-10T18:47:18","guid":{"rendered":"https:\/\/www.simepe.com.br\/novo\/?p=61273"},"modified":"2021-09-10T15:47:18","modified_gmt":"2021-09-10T18:47:18","slug":"sociedade-medica-alerta-para-o-risco-de-consumo-de-alcool-na-gravidez","status":"publish","type":"post","link":"https:\/\/www.simepe.com.br\/novo\/sociedade-medica-alerta-para-o-risco-de-consumo-de-alcool-na-gravidez\/","title":{"rendered":"Sociedade m\u00e9dica alerta para o risco de consumo de \u00e1lcool na gravidez"},"content":{"rendered":"<p style=\"text-align: center;\"><strong>Alcoolismo pode levar \u00e0 S\u00edndrome Alco\u00f3lica Fetal (SAF)<\/strong><\/p>\n<p style=\"text-align: justify;\">\nA ingest\u00e3o de bebidas alco\u00f3licas durante a gravidez \u00e9 fator de risco para o desenvolvimento da S\u00edndrome Alco\u00f3lica Fetal (SAF), que pode levar a defici\u00eancias f\u00edsicas e dist\u00farbios de neurodesenvolvimento, alerta a Sociedade Brasileira de Pediatria (SBP).<\/p>\n<p style=\"text-align: justify;\">A m\u00e9dica Concei\u00e7\u00e3o Segre, coordenadora da Campanha de Preven\u00e7\u00e3o \u00e0 SAF da SBP, afirma que atualmente n\u00e3o h\u00e1 tratamento que leve \u00e0 cura da s\u00edndrome, que pode levar a danos irrevers\u00edveis, como retardo mental e anomalias cong\u00eanitas. Por isso, \u00e9 importante que se reforce as a\u00e7\u00f5es de conscientiza\u00e7\u00e3o para a preven\u00e7\u00e3o. Nesta quinta-feira (9), \u00e9 lembrado o Dia Mundial de Preven\u00e7\u00e3o da SAF.<\/p>\n<p style=\"text-align: justify;\">\u201cO que se recomenda \u00e9 que, durante a gesta\u00e7\u00e3o, a gestante n\u00e3o ingira nenhuma, zero, quantidade de \u00e1lcool, porque a gente n\u00e3o sabe, at\u00e9 hoje a ci\u00eancia ainda n\u00e3o descobriu, se tem alguma quantidade segura [de ingest\u00e3o]. O que se sabe \u00e9 que qualquer quantidade de \u00e1lcool em qualquer momento da gesta\u00e7\u00e3o pode atingir o feto e causar a S\u00edndrome Alco\u00f3lica Fetal, completa ou parcial\u201d, disse.<\/p>\n<p style=\"text-align: justify;\">Concei\u00e7\u00e3o explica que o \u00e1lcool passa facilmente pela placenta e atinge o feto, podendo causar v\u00e1rias les\u00f5es, principalmente, no sistema nervoso central. \u201cA s\u00edndrome pode ser completa ou parcial. Quando \u00e9 completa, ela se manifesta em defeitos na face, ent\u00e3o o beb\u00ea tem uma caracter\u00edstica facial bastante peculiar, ele tem l\u00e1bios finos, p\u00e1lpebras pequenas, a face dele pode ser reconhecida j\u00e1 no nascimento\u201d.<\/p>\n<p style=\"text-align: justify;\">Se o beb\u00ea n\u00e3o apresenta essas caracter\u00edsticas j\u00e1 ao nascer, ele pode mais tarde manifestar sintomas que aparecem, em geral, na idade escolar. Ou seja, a crian\u00e7a n\u00e3o vai bem na escola, tem problema no aprendizado ou ainda apresenta dist\u00farbios de comportamento.<\/p>\n<p style=\"text-align: justify;\">\u201cA doen\u00e7a n\u00e3o tem cura, n\u00e3o tem nenhum tratamento curativo. O que existe \u00e9 tratamento de apoio, com psic\u00f3logos, equipe multiprofissional, terapeutas ocupacionais, psiquiatras, enfim, \u00e9 um tratamento complicado e caro\u201d, disse a especialista.<\/p>\n<p style=\"text-align: justify;\">Segundo a m\u00e9dica, em pa\u00edses como o Canad\u00e1, Alemanha e Fran\u00e7a, h\u00e1 investimento em campanhas de preven\u00e7\u00e3o que conscientizam a popula\u00e7\u00e3o. \u201cAqui, no Brasil, se faz muito pouco a respeito. A gente, ali\u00e1s, n\u00e3o sabe nem qual \u00e9 a frequ\u00eancia oficial, dados do Minist\u00e9rio da Sa\u00fade, sobre a S\u00edndrome Alco\u00f3lica Fetal\u201d.<\/p>\n<p style=\"text-align: justify;\">\u201cO que se aceita, o que se admite, s\u00e3o os dados da literatura, de seis a nove pessoas afetadas por mil nascimentos. Mas isso \u00e9 dado de literatura, n\u00e3o \u00e9 dado brasileiro espec\u00edfico\u201d, disse.<\/p>\n<p style=\"text-align: justify;\">A Sociedade Brasileira de Pediatria tem uma plataforma com o objetivo de ampliar a conscientiza\u00e7\u00e3o das m\u00e3es e profissionais da sa\u00fade sobre os danos da ingest\u00e3o de \u00e1lcool durante a gravidez para os beb\u00eas.<\/p>\n<p style=\"text-align: justify;\">O Minist\u00e9rio da Sa\u00fade (MS) informou que as equipes da Aten\u00e7\u00e3o Primaria \u00e0 Sa\u00fade (APS) s\u00e3o orientadas a investigar o consumo de \u00e1lcool das gestantes durante o pr\u00e9-natal e, se necess\u00e1rio, recomendar o tratamento ou a interrup\u00e7\u00e3o do consumo de \u00e1lcool durante a gesta\u00e7\u00e3o. No per\u00edodo de 2017 a 2021, foram registradas 39 interna\u00e7\u00f5es de beb\u00eas diagnosticados com a SAF, segundo dados da pasta.<\/p>\n<p style=\"text-align: justify;\">\u201cA equipe que atende gestantes deve reconhecer o quadro e sua complexidade, encorajando a gestante a entender os efeitos delet\u00e9rios do \u00e1lcool durante a gravidez e assim participar de programas de tratamento se for o caso ou atender \u00e0 recomenda\u00e7\u00e3o de n\u00e3o beber durante a gesta\u00e7\u00e3o\u201d, diz o minist\u00e9rio, em nota.<\/p>\n<p style=\"text-align: justify;\">A pasta afirmou ainda que, segundo o Manual T\u00e9cnico sobre Gesta\u00e7\u00e3o de Alto Risco do Minist\u00e9rio da Sa\u00fade, al\u00e9m de provocar a S\u00edndrome Alco\u00f3lica Fetal, o alcoolismo pode ser uma das causas de descolamento prematuro de placenta.<\/p>\n<p style=\"text-align: justify;\">De acordo com o minist\u00e9rio, a s\u00edndrome pode estar relacionada ainda ao baixo peso para a idade gestacional, malforma\u00e7\u00f5es na estrutura facial, defeitos no septo ventricular card\u00edaco, malforma\u00e7\u00f5es das m\u00e3os e p\u00e9s, al\u00e9m de retardo mental que varia de leve a moderado. Problemas no comportamento e no aprendizado tamb\u00e9m podem persistir pelo menos durante a inf\u00e2ncia.<\/p>\n<p style=\"text-align: justify;\">Fonte: Sindicato dos M\u00e9dicos do Par\u00e1 (Sindmepa)<\/p>\n","protected":false},"excerpt":{"rendered":"<p>Alcoolismo pode levar \u00e0 S\u00edndrome Alco\u00f3lica Fetal (SAF) A ingest\u00e3o de bebidas alco\u00f3licas durante a gravidez \u00e9 fator de risco para o desenvolvimento da S\u00edndrome Alco\u00f3lica Fetal (SAF), que pode levar a defici\u00eancias f\u00edsicas e dist\u00farbios de neurodesenvolvimento, alerta a Sociedade Brasileira de Pediatria (SBP). A m\u00e9dica Concei\u00e7\u00e3o Segre, coordenadora da Campanha de Preven\u00e7\u00e3o \u00e0 [&hellip;]<\/p>\n","protected":false},"author":1,"featured_media":61274,"comment_status":"open","ping_status":"open","sticky":false,"template":"","format":"standard","meta":{"ocean_post_layout":"","ocean_both_sidebars_style":"","ocean_both_sidebars_content_width":0,"ocean_both_sidebars_sidebars_width":0,"ocean_sidebar":"","ocean_second_sidebar":"","ocean_disable_margins":"enable","ocean_add_body_class":"","ocean_shortcode_before_top_bar":"","ocean_shortcode_after_top_bar":"","ocean_shortcode_before_header":"","ocean_shortcode_after_header":"","ocean_has_shortcode":"","ocean_shortcode_after_title":"","ocean_shortcode_before_footer_widgets":"","ocean_shortcode_after_footer_widgets":"","ocean_shortcode_before_footer_bottom":"","ocean_shortcode_after_footer_bottom":"","ocean_display_top_bar":"default","ocean_display_header":"default","ocean_header_style":"","ocean_center_header_left_menu":"","ocean_custom_header_template":"","ocean_custom_logo":0,"ocean_custom_retina_logo":0,"ocean_custom_logo_max_width":0,"ocean_custom_logo_tablet_max_width":0,"ocean_custom_logo_mobile_max_width":0,"ocean_custom_logo_max_height":0,"ocean_custom_logo_tablet_max_height":0,"ocean_custom_logo_mobile_max_height":0,"ocean_header_custom_menu":"","ocean_menu_typo_font_family":"","ocean_menu_typo_font_subset":"","ocean_menu_typo_font_size":0,"ocean_menu_typo_font_size_tablet":0,"ocean_menu_typo_font_size_mobile":0,"ocean_menu_typo_font_size_unit":"px","ocean_menu_typo_font_weight":"","ocean_menu_typo_font_weight_tablet":"","ocean_menu_typo_font_weight_mobile":"","ocean_menu_typo_transform":"","ocean_menu_typo_transform_tablet":"","ocean_menu_typo_transform_mobile":"","ocean_menu_typo_line_height":0,"ocean_menu_typo_line_height_tablet":0,"ocean_menu_typo_line_height_mobile":0,"ocean_menu_typo_line_height_unit":"","ocean_menu_typo_spacing":0,"ocean_menu_typo_spacing_tablet":0,"ocean_menu_typo_spacing_mobile":0,"ocean_menu_typo_spacing_unit":"","ocean_menu_link_color":"","ocean_menu_link_color_hover":"","ocean_menu_link_color_active":"","ocean_menu_link_background":"","ocean_menu_link_hover_background":"","ocean_menu_link_active_background":"","ocean_menu_social_links_bg":"","ocean_menu_social_hover_links_bg":"","ocean_menu_social_links_color":"","ocean_menu_social_hover_links_color":"","ocean_disable_title":"default","ocean_disable_heading":"default","ocean_post_title":"","ocean_post_subheading":"","ocean_post_title_style":"","ocean_post_title_background_color":"","ocean_post_title_background":0,"ocean_post_title_bg_image_position":"","ocean_post_title_bg_image_attachment":"","ocean_post_title_bg_image_repeat":"","ocean_post_title_bg_image_size":"","ocean_post_title_height":0,"ocean_post_title_bg_overlay":0.5,"ocean_post_title_bg_overlay_color":"","ocean_disable_breadcrumbs":"default","ocean_breadcrumbs_color":"","ocean_breadcrumbs_separator_color":"","ocean_breadcrumbs_links_color":"","ocean_breadcrumbs_links_hover_color":"","ocean_display_footer_widgets":"default","ocean_display_footer_bottom":"default","ocean_custom_footer_template":"","ocean_post_oembed":"","ocean_post_self_hosted_media":"","ocean_post_video_embed":"","ocean_link_format":"","ocean_link_format_target":"self","ocean_quote_format":"","ocean_quote_format_link":"post","ocean_gallery_link_images":"on","ocean_gallery_id":[]},"categories":[1],"tags":[],"acf":[],"_links":{"self":[{"href":"https:\/\/www.simepe.com.br\/novo\/wp-json\/wp\/v2\/posts\/61273"}],"collection":[{"href":"https:\/\/www.simepe.com.br\/novo\/wp-json\/wp\/v2\/posts"}],"about":[{"href":"https:\/\/www.simepe.com.br\/novo\/wp-json\/wp\/v2\/types\/post"}],"author":[{"embeddable":true,"href":"https:\/\/www.simepe.com.br\/novo\/wp-json\/wp\/v2\/users\/1"}],"replies":[{"embeddable":true,"href":"https:\/\/www.simepe.com.br\/novo\/wp-json\/wp\/v2\/comments?post=61273"}],"version-history":[{"count":1,"href":"https:\/\/www.simepe.com.br\/novo\/wp-json\/wp\/v2\/posts\/61273\/revisions"}],"predecessor-version":[{"id":61275,"href":"https:\/\/www.simepe.com.br\/novo\/wp-json\/wp\/v2\/posts\/61273\/revisions\/61275"}],"wp:featuredmedia":[{"embeddable":true,"href":"https:\/\/www.simepe.com.br\/novo\/wp-json\/wp\/v2\/media\/61274"}],"wp:attachment":[{"href":"https:\/\/www.simepe.com.br\/novo\/wp-json\/wp\/v2\/media?parent=61273"}],"wp:term":[{"taxonomy":"category","embeddable":true,"href":"https:\/\/www.simepe.com.br\/novo\/wp-json\/wp\/v2\/categories?post=61273"},{"taxonomy":"post_tag","embeddable":true,"href":"https:\/\/www.simepe.com.br\/novo\/wp-json\/wp\/v2\/tags?post=61273"}],"curies":[{"name":"wp","href":"https:\/\/api.w.org\/{rel}","templated":true}]}}