{"id":61315,"date":"2021-09-14T11:27:24","date_gmt":"2021-09-14T14:27:24","guid":{"rendered":"https:\/\/www.simepe.com.br\/novo\/?p=61315"},"modified":"2021-09-14T11:27:24","modified_gmt":"2021-09-14T14:27:24","slug":"com-600-mil-segundas-doses-atrasadas-pernambuco-tem-menos-de-35-totalmente-vacinados","status":"publish","type":"post","link":"https:\/\/www.simepe.com.br\/novo\/com-600-mil-segundas-doses-atrasadas-pernambuco-tem-menos-de-35-totalmente-vacinados\/","title":{"rendered":"Com 600 mil segundas doses atrasadas, Pernambuco tem menos de 35% totalmente vacinados"},"content":{"rendered":"<p>Mais de 600 mil pessoas est\u00e3o com a segunda dose da vacina contra a Covid-19 atrasada em Pernambuco, segundo o secret\u00e1rio estadual de Sa\u00fade, Andr\u00e9 Longo. Para reduzir esse d\u00e9ficit, o Estado prepara um <a href=\"https:\/\/www.folhape.com.br\/noticias\/covid-19-pernambuco-fara-dia-d-de-vacinacao-para-regularizar\/197491\/\" target=\"_blank\"><strong>Dia D de vacina\u00e7\u00e3o para 25 de setembro<\/strong><\/a>\u00a0e recomenda a\u00e7\u00f5es anteriores realizadas pelos munic\u00edpios que dever\u00e3o culminar no mutir\u00e3o. Imunizantes de tr\u00eas dos quatro fabricantes em uso no Brasil demandam as duas doses para que o esquema vacinal seja completo.<\/p>\n<p>Pernambuco tem, segundo os dados mais recentes da Secretaria Estadual de Sa\u00fade (SES-PE), divulgados na segunda-feira (13), um total de<strong> 2.868.357 pessoas com a cobertura vacinal completa<\/strong> &#8211; sendo 2.695.366 com vacinas de duas doses e 172.991 com o imunizante de dose \u00fanica da Janssen.<\/p>\n<p>Esse total corresponde a <strong>34,51% da popula\u00e7\u00e3o eleg\u00edvel para vacina\u00e7\u00e3o no Estado<\/strong>, que s\u00e3o todas as pessoas a partir dos 12 anos de idade, estimada em 8.311.541 pessoas. Ou seja, caso as 600 mil pessoas com segundas doses atrasadas j\u00e1 tivessem recebido o refor\u00e7o, o Estado somaria cerca de 41,8% da popula\u00e7\u00e3o totalmente imunizada &#8211; mais de sete pontos percentuais em rela\u00e7\u00e3o ao dado real.<\/p>\n<p>No recorte em que se considera a totalidade dos habitantes do Estado, atualmente estimada em 9.674.793 pessoas, a cobertura vacinal completa \u00e9 de 29,65%.<\/p>\n<p>A cobertura de primeira dose no Estado se aproxima das 6 milh\u00f5es de pessoas, com 5.942.401 aplica\u00e7\u00f5es &#8211; 71,5% da popula\u00e7\u00e3o eleg\u00edvel.<\/p>\n<p>O m\u00e9dico infectologista Gabriel Serrano lembra a import\u00e2ncia da segunda aplica\u00e7\u00e3o para que os n\u00fameros da pandemia sigam em controle. Ele prop\u00f5e como medida para incentivar essa ida da popula\u00e7\u00e3o aos postos, por exemplo, a implanta\u00e7\u00e3o do passe de vacina\u00e7\u00e3o como obrigat\u00f3rio para frequentar alguns ambientes.<\/p>\n<p>\u201cUma forma de estimular seria exigir a vacina\u00e7\u00e3o para mais coisas e de forma mais ostensiva. \u2018Dia D\u2019 \u00e9 importante, mas deveria ter com frequ\u00eancia, todo m\u00eas, por exemplo\u201d, defendeu o m\u00e9dico, que acrescentou a busca ativa da aten\u00e7\u00e3o b\u00e1sica em sa\u00fade e a facilita\u00e7\u00e3o do acesso \u00e0 vacina\u00e7\u00e3o, com a redu\u00e7\u00e3o de burocracia, como outros pontos importantes para acelerar a cobertura com segunda dose no Estado.<\/p>\n<p>Pernambuco implantou, em setembro, o <a href=\"https:\/\/www.folhape.com.br\/economia\/governo-de-pernambuco-cria-selo-para-eventos-de-grande-porte-em\/194481\/\" target=\"_blank\"><strong>selo Passe Seguro PE, protocolo para realiza\u00e7\u00e3o de eventos-teste com at\u00e9 1,2 mil pessoas<\/strong><\/a>. Para acessar os eventos, o p\u00fablico deve comprovar ter tomado as duas doses da vacina ou a dose \u00fanica ou ter recebido ao menos a primeira e apresentar um teste de coronav\u00edrus com resultado negativo.<\/p>\n<p>O infectologista Gabriel Serrano reitera que a cobertura vacinal completa \u00e9 fundamental para a retomada \u00e0 vida normal, como uma futura desobrigatoriedade do uso de m\u00e1scaras, que, para ele, ser\u00e1 poss\u00edvel apenas ap\u00f3s atingirmos entre 80% e 90% da popula\u00e7\u00e3o totalmente imunizada.<\/p>\n<p>\u201cQuando falamos de uma dose, essa prote\u00e7\u00e3o dura menos tempo e n\u00e3o \u00e9 t\u00e3o eficaz. Quando a gente fala de duas doses, temos certeza que essa prote\u00e7\u00e3o vai funcionar por mais tempo e de forma mais eficaz. Somente a cobertura completa vai diminuir a carga viral circulante\u201d, acrescentou Gabriel Serrano.<\/p>\n<p>Al\u00e9m do d\u00e9ficit de pessoas com a segunda dose atrasada, <a href=\"https:\/\/www.folhape.com.br\/noticias\/pernambuco-tem-40-municipios-sem-estoque-de-astrazeneca-para-segundas\/197439\/\" target=\"_blank\"><strong>Pernambuco tem 40 munic\u00edpios sem estoque para a aplica\u00e7\u00e3o de refor\u00e7o da vacina da AstraZeneca<\/strong><\/a>, segundo levantamento divulgado pela Secretaria Estadual de Sa\u00fade (SES-PE), na segunda-feira.<\/p>\n<p>Para esses casos, diz a pasta, a recomenda\u00e7\u00e3o \u00e9 de uso da vacina da Pfizer caso haja estoque, num esquema chamado de heter\u00f3logo &#8211; quando h\u00e1 intercambialidade de fabricantes entre as doses.<\/p>\n<p><strong>Terceira dose<\/strong><br \/>\nEnquanto lida com as 600 mil segundas doses atrasadas, Pernambuco planeja a <a href=\"https:\/\/www.folhape.com.br\/noticias\/covid-19-pernambuco-fara-dia-d-de-vacinacao-para-regularizar\/197491\/\" target=\"_blank\"><strong>aplica\u00e7\u00e3o da terceira dose do imunizante contra o coronav\u00edrus em grupos priorit\u00e1rios<\/strong><\/a>: idosos a partir de 70 anos (a partir de 60 para quem vive em Institui\u00e7\u00f5es de Longa Perman\u00eancia) e pessoas imunossuprimidas. No Estado, algumas cidades j\u00e1 come\u00e7aram a administrar a dose de refor\u00e7o, como \u00e9 o caso do Recife.<\/p>\n<p>A data estabelecida pela SES-PE \u00e9 15 de setembro, a mesma definida pelo Minist\u00e9rio da Sa\u00fade para o envio das doses destinadas \u00e0s terceiras aplica\u00e7\u00f5es.<\/p>\n<p>A vacina a ser utilizada para a dose adicional dever\u00e1 ser, preferencialmente, Pfizer\/BioNTech ou, de maneira alternativa, Janssen ou AstraZeneca\/Oxford\/Fiocruz.<\/p>\n<p>Fonte: Folha de Pernambuco<\/p>\n","protected":false},"excerpt":{"rendered":"<p>Mais de 600 mil pessoas est\u00e3o com a segunda dose da vacina contra a Covid-19 atrasada em Pernambuco, segundo o secret\u00e1rio estadual de Sa\u00fade, Andr\u00e9 Longo. Para reduzir esse d\u00e9ficit, o Estado prepara um Dia D de vacina\u00e7\u00e3o para 25 de setembro\u00a0e recomenda a\u00e7\u00f5es anteriores realizadas pelos munic\u00edpios que dever\u00e3o culminar no mutir\u00e3o. Imunizantes de [&hellip;]<\/p>\n","protected":false},"author":1,"featured_media":0,"comment_status":"open","ping_status":"open","sticky":false,"template":"","format":"standard","meta":{"ocean_post_layout":"","ocean_both_sidebars_style":"","ocean_both_sidebars_content_width":0,"ocean_both_sidebars_sidebars_width":0,"ocean_sidebar":"","ocean_second_sidebar":"","ocean_disable_margins":"enable","ocean_add_body_class":"","ocean_shortcode_before_top_bar":"","ocean_shortcode_after_top_bar":"","ocean_shortcode_before_header":"","ocean_shortcode_after_header":"","ocean_has_shortcode":"","ocean_shortcode_after_title":"","ocean_shortcode_before_footer_widgets":"","ocean_shortcode_after_footer_widgets":"","ocean_shortcode_before_footer_bottom":"","ocean_shortcode_after_footer_bottom":"","ocean_display_top_bar":"default","ocean_display_header":"default","ocean_header_style":"","ocean_center_header_left_menu":"","ocean_custom_header_template":"","ocean_custom_logo":0,"ocean_custom_retina_logo":0,"ocean_custom_logo_max_width":0,"ocean_custom_logo_tablet_max_width":0,"ocean_custom_logo_mobile_max_width":0,"ocean_custom_logo_max_height":0,"ocean_custom_logo_tablet_max_height":0,"ocean_custom_logo_mobile_max_height":0,"ocean_header_custom_menu":"","ocean_menu_typo_font_family":"","ocean_menu_typo_font_subset":"","ocean_menu_typo_font_size":0,"ocean_menu_typo_font_size_tablet":0,"ocean_menu_typo_font_size_mobile":0,"ocean_menu_typo_font_size_unit":"px","ocean_menu_typo_font_weight":"","ocean_menu_typo_font_weight_tablet":"","ocean_menu_typo_font_weight_mobile":"","ocean_menu_typo_transform":"","ocean_menu_typo_transform_tablet":"","ocean_menu_typo_transform_mobile":"","ocean_menu_typo_line_height":0,"ocean_menu_typo_line_height_tablet":0,"ocean_menu_typo_line_height_mobile":0,"ocean_menu_typo_line_height_unit":"","ocean_menu_typo_spacing":0,"ocean_menu_typo_spacing_tablet":0,"ocean_menu_typo_spacing_mobile":0,"ocean_menu_typo_spacing_unit":"","ocean_menu_link_color":"","ocean_menu_link_color_hover":"","ocean_menu_link_color_active":"","ocean_menu_link_background":"","ocean_menu_link_hover_background":"","ocean_menu_link_active_background":"","ocean_menu_social_links_bg":"","ocean_menu_social_hover_links_bg":"","ocean_menu_social_links_color":"","ocean_menu_social_hover_links_color":"","ocean_disable_title":"default","ocean_disable_heading":"default","ocean_post_title":"","ocean_post_subheading":"","ocean_post_title_style":"","ocean_post_title_background_color":"","ocean_post_title_background":0,"ocean_post_title_bg_image_position":"","ocean_post_title_bg_image_attachment":"","ocean_post_title_bg_image_repeat":"","ocean_post_title_bg_image_size":"","ocean_post_title_height":0,"ocean_post_title_bg_overlay":0.5,"ocean_post_title_bg_overlay_color":"","ocean_disable_breadcrumbs":"default","ocean_breadcrumbs_color":"","ocean_breadcrumbs_separator_color":"","ocean_breadcrumbs_links_color":"","ocean_breadcrumbs_links_hover_color":"","ocean_display_footer_widgets":"default","ocean_display_footer_bottom":"default","ocean_custom_footer_template":"","ocean_post_oembed":"","ocean_post_self_hosted_media":"","ocean_post_video_embed":"","ocean_link_format":"","ocean_link_format_target":"self","ocean_quote_format":"","ocean_quote_format_link":"post","ocean_gallery_link_images":"on","ocean_gallery_id":[]},"categories":[9],"tags":[3847,1490,82,318],"acf":[],"_links":{"self":[{"href":"https:\/\/www.simepe.com.br\/novo\/wp-json\/wp\/v2\/posts\/61315"}],"collection":[{"href":"https:\/\/www.simepe.com.br\/novo\/wp-json\/wp\/v2\/posts"}],"about":[{"href":"https:\/\/www.simepe.com.br\/novo\/wp-json\/wp\/v2\/types\/post"}],"author":[{"embeddable":true,"href":"https:\/\/www.simepe.com.br\/novo\/wp-json\/wp\/v2\/users\/1"}],"replies":[{"embeddable":true,"href":"https:\/\/www.simepe.com.br\/novo\/wp-json\/wp\/v2\/comments?post=61315"}],"version-history":[{"count":1,"href":"https:\/\/www.simepe.com.br\/novo\/wp-json\/wp\/v2\/posts\/61315\/revisions"}],"predecessor-version":[{"id":61316,"href":"https:\/\/www.simepe.com.br\/novo\/wp-json\/wp\/v2\/posts\/61315\/revisions\/61316"}],"wp:attachment":[{"href":"https:\/\/www.simepe.com.br\/novo\/wp-json\/wp\/v2\/media?parent=61315"}],"wp:term":[{"taxonomy":"category","embeddable":true,"href":"https:\/\/www.simepe.com.br\/novo\/wp-json\/wp\/v2\/categories?post=61315"},{"taxonomy":"post_tag","embeddable":true,"href":"https:\/\/www.simepe.com.br\/novo\/wp-json\/wp\/v2\/tags?post=61315"}],"curies":[{"name":"wp","href":"https:\/\/api.w.org\/{rel}","templated":true}]}}