{"id":61318,"date":"2021-09-14T15:59:50","date_gmt":"2021-09-14T18:59:50","guid":{"rendered":"https:\/\/www.simepe.com.br\/novo\/?p=61318"},"modified":"2021-09-14T15:59:50","modified_gmt":"2021-09-14T18:59:50","slug":"media-de-novos-casos-e-a-menor-desde-maio-de-2020","status":"publish","type":"post","link":"https:\/\/www.simepe.com.br\/novo\/media-de-novos-casos-e-a-menor-desde-maio-de-2020\/","title":{"rendered":"M\u00e9dia de novos casos \u00e9 a menor desde maio de 2020"},"content":{"rendered":"<p style=\"text-align: justify;\">Pais registra 215 mortes e 6.645 novos casos em 24h; mais de 20 milh\u00f5es de pessoas j\u00e1 se recuperaram da covid-19<\/p>\n<p style=\"text-align: justify;\">Nesta segunda-feira (13), o Brasil registrou 215 mortes e 6.645 novos casos diagnosticados de covid-19, de acordo com os dados enviados pelos estados ao Minist\u00e9rio da Sa\u00fade e ao Conass (Conselho Nacional de Secret\u00e1rios de Sa\u00fade). A m\u00e9dia m\u00f3vel de \u00f3bitos nos \u00faltimos 7 dias \u00e9 de 465, a menor desde novembro de 2020, e a m\u00e9dia m\u00f3vel de novos casos \u00e9 de 15.213, a menor desde maio de 2020.<\/p>\n<p style=\"text-align: justify;\">O pa\u00eds contabiliza 587.066 \u00f3bitos e 21.006.424 pessoas que j\u00e1 foram diagnosticadas com a doen\u00e7a. S\u00e3o Paulo, Rio de Janeiro, Minas Gerais e Paran\u00e1 s\u00e3o os estados com o maior n\u00famero de \u00f3bitos, respectivamente.<\/p>\n<p style=\"text-align: justify;\">De acordo com o Minist\u00e9rio da Sa\u00fade, mais de 20 milh\u00f5es de pessoas j\u00e1 se recuperaram da covid-19 no pa\u00eds.<\/p>\n<p style=\"text-align: justify;\">Segundo o Conass, a taxa de letalidade do coronav\u00edrus no Brasil \u00e9 de 2,8% e a taxa de mortalidade por cada 100 mil habitantes \u00e9 de 279,4.<\/p>\n<p style=\"text-align: justify;\">O Vacin\u00f4metro do R7 mostra que mais de 138,4 milh\u00f5es de pessoas receberam a primeira dose da vacina contra a covid-19 no pa\u00eds, o que corresponde a 65,3% da popula\u00e7\u00e3o, sendo que mais de 73,6 milh\u00f5es j\u00e1 receberam a segunda dose ou uma vacina de dose \u00fanica e est\u00e3o completamente imunizadas.<\/p>\n<p style=\"text-align: justify;\"><em>*Estagi\u00e1rio do R7 sob supervis\u00e3o de Deborah Giannini<\/em><\/p>\n<p style=\"text-align: justify;\">Fonte: R7<\/p>\n","protected":false},"excerpt":{"rendered":"<p>Pais registra 215 mortes e 6.645 novos casos em 24h; mais de 20 milh\u00f5es de pessoas j\u00e1 se recuperaram da covid-19 Nesta segunda-feira (13), o Brasil registrou 215 mortes e 6.645 novos casos diagnosticados de covid-19, de acordo com os dados enviados pelos estados ao Minist\u00e9rio da Sa\u00fade e ao Conass (Conselho Nacional de Secret\u00e1rios [&hellip;]<\/p>\n","protected":false},"author":1,"featured_media":61319,"comment_status":"open","ping_status":"open","sticky":false,"template":"","format":"standard","meta":{"ocean_post_layout":"","ocean_both_sidebars_style":"","ocean_both_sidebars_content_width":0,"ocean_both_sidebars_sidebars_width":0,"ocean_sidebar":"","ocean_second_sidebar":"","ocean_disable_margins":"enable","ocean_add_body_class":"","ocean_shortcode_before_top_bar":"","ocean_shortcode_after_top_bar":"","ocean_shortcode_before_header":"","ocean_shortcode_after_header":"","ocean_has_shortcode":"","ocean_shortcode_after_title":"","ocean_shortcode_before_footer_widgets":"","ocean_shortcode_after_footer_widgets":"","ocean_shortcode_before_footer_bottom":"","ocean_shortcode_after_footer_bottom":"","ocean_display_top_bar":"default","ocean_display_header":"default","ocean_header_style":"","ocean_center_header_left_menu":"","ocean_custom_header_template":"","ocean_custom_logo":0,"ocean_custom_retina_logo":0,"ocean_custom_logo_max_width":0,"ocean_custom_logo_tablet_max_width":0,"ocean_custom_logo_mobile_max_width":0,"ocean_custom_logo_max_height":0,"ocean_custom_logo_tablet_max_height":0,"ocean_custom_logo_mobile_max_height":0,"ocean_header_custom_menu":"","ocean_menu_typo_font_family":"","ocean_menu_typo_font_subset":"","ocean_menu_typo_font_size":0,"ocean_menu_typo_font_size_tablet":0,"ocean_menu_typo_font_size_mobile":0,"ocean_menu_typo_font_size_unit":"px","ocean_menu_typo_font_weight":"","ocean_menu_typo_font_weight_tablet":"","ocean_menu_typo_font_weight_mobile":"","ocean_menu_typo_transform":"","ocean_menu_typo_transform_tablet":"","ocean_menu_typo_transform_mobile":"","ocean_menu_typo_line_height":0,"ocean_menu_typo_line_height_tablet":0,"ocean_menu_typo_line_height_mobile":0,"ocean_menu_typo_line_height_unit":"","ocean_menu_typo_spacing":0,"ocean_menu_typo_spacing_tablet":0,"ocean_menu_typo_spacing_mobile":0,"ocean_menu_typo_spacing_unit":"","ocean_menu_link_color":"","ocean_menu_link_color_hover":"","ocean_menu_link_color_active":"","ocean_menu_link_background":"","ocean_menu_link_hover_background":"","ocean_menu_link_active_background":"","ocean_menu_social_links_bg":"","ocean_menu_social_hover_links_bg":"","ocean_menu_social_links_color":"","ocean_menu_social_hover_links_color":"","ocean_disable_title":"default","ocean_disable_heading":"default","ocean_post_title":"","ocean_post_subheading":"","ocean_post_title_style":"","ocean_post_title_background_color":"","ocean_post_title_background":0,"ocean_post_title_bg_image_position":"","ocean_post_title_bg_image_attachment":"","ocean_post_title_bg_image_repeat":"","ocean_post_title_bg_image_size":"","ocean_post_title_height":0,"ocean_post_title_bg_overlay":0.5,"ocean_post_title_bg_overlay_color":"","ocean_disable_breadcrumbs":"default","ocean_breadcrumbs_color":"","ocean_breadcrumbs_separator_color":"","ocean_breadcrumbs_links_color":"","ocean_breadcrumbs_links_hover_color":"","ocean_display_footer_widgets":"default","ocean_display_footer_bottom":"default","ocean_custom_footer_template":"","ocean_post_oembed":"","ocean_post_self_hosted_media":"","ocean_post_video_embed":"","ocean_link_format":"","ocean_link_format_target":"self","ocean_quote_format":"","ocean_quote_format_link":"post","ocean_gallery_link_images":"on","ocean_gallery_id":[]},"categories":[1],"tags":[],"acf":[],"_links":{"self":[{"href":"https:\/\/www.simepe.com.br\/novo\/wp-json\/wp\/v2\/posts\/61318"}],"collection":[{"href":"https:\/\/www.simepe.com.br\/novo\/wp-json\/wp\/v2\/posts"}],"about":[{"href":"https:\/\/www.simepe.com.br\/novo\/wp-json\/wp\/v2\/types\/post"}],"author":[{"embeddable":true,"href":"https:\/\/www.simepe.com.br\/novo\/wp-json\/wp\/v2\/users\/1"}],"replies":[{"embeddable":true,"href":"https:\/\/www.simepe.com.br\/novo\/wp-json\/wp\/v2\/comments?post=61318"}],"version-history":[{"count":1,"href":"https:\/\/www.simepe.com.br\/novo\/wp-json\/wp\/v2\/posts\/61318\/revisions"}],"predecessor-version":[{"id":61320,"href":"https:\/\/www.simepe.com.br\/novo\/wp-json\/wp\/v2\/posts\/61318\/revisions\/61320"}],"wp:featuredmedia":[{"embeddable":true,"href":"https:\/\/www.simepe.com.br\/novo\/wp-json\/wp\/v2\/media\/61319"}],"wp:attachment":[{"href":"https:\/\/www.simepe.com.br\/novo\/wp-json\/wp\/v2\/media?parent=61318"}],"wp:term":[{"taxonomy":"category","embeddable":true,"href":"https:\/\/www.simepe.com.br\/novo\/wp-json\/wp\/v2\/categories?post=61318"},{"taxonomy":"post_tag","embeddable":true,"href":"https:\/\/www.simepe.com.br\/novo\/wp-json\/wp\/v2\/tags?post=61318"}],"curies":[{"name":"wp","href":"https:\/\/api.w.org\/{rel}","templated":true}]}}