{"id":61329,"date":"2021-09-17T11:16:22","date_gmt":"2021-09-17T14:16:22","guid":{"rendered":"https:\/\/www.simepe.com.br\/novo\/?p=61329"},"modified":"2021-09-17T11:16:22","modified_gmt":"2021-09-17T14:16:22","slug":"ministerio-da-saude-orienta-pela-suspensao-da-vacinacao-de-adolescentes-sem-comorbidades","status":"publish","type":"post","link":"https:\/\/www.simepe.com.br\/novo\/ministerio-da-saude-orienta-pela-suspensao-da-vacinacao-de-adolescentes-sem-comorbidades\/","title":{"rendered":"Minist\u00e9rio da Sa\u00fade orienta pela suspens\u00e3o da vacina\u00e7\u00e3o de adolescentes sem comorbidades"},"content":{"rendered":"<p><em>Recomenda\u00e7\u00e3o segue evid\u00eancias cient\u00edficas e posi\u00e7\u00e3o da OMS.<\/em><\/p>\n<p>Ap\u00f3s concluir o envio de vacinas Covid-19 para a imuniza\u00e7\u00e3o, com a primeira dose, da popula\u00e7\u00e3o adulta brasileira, o Minist\u00e9rio da Sa\u00fade recomenda a vacina\u00e7\u00e3o de adolescentes, entre 12 e 17 anos, com comorbidades. Essa orienta\u00e7\u00e3o \u00e9 baseada na recomenda\u00e7\u00e3o da C\u00e2mara T\u00e9cnica Assessora em Imuniza\u00e7\u00e3o e Doen\u00e7as Transmiss\u00edveis e da Organiza\u00e7\u00e3o Mundial de Sa\u00fade (OMS).<\/p>\n<p>A pasta n\u00e3o recomenda, neste momento, a vacina\u00e7\u00e3o dos adolescentes que n\u00e3o apresentem algum fator de risco. A orienta\u00e7\u00e3o \u00e9 baseada, entre outros fatores, em evid\u00eancias cient\u00edficas que consideram o baixo risco de \u00f3bitos ou casos mais graves da Covid-19 neste p\u00fablico. Entre os adolescentes, de 15 a 19 anos, que morreram por Covid-19, 70% tinham pelo menos um fator de risco. Entre os mais de 20 milh\u00f5es de adolescentes brasileiros, apenas 3,4% t\u00eam alguma comorbidade, de acordo com a Pesquisa Nacional de Sa\u00fade de 2019. Esse n\u00famero representa cerca de 600 mil jovens nesta faixa-et\u00e1ria.<\/p>\n<p>\u201cO Minist\u00e9rio da Sa\u00fade pode rever a sua posi\u00e7\u00e3o, desde que haja evid\u00eancias cient\u00edficas s\u00f3lidas em rela\u00e7\u00e3o \u00e0 vacina\u00e7\u00e3o em adolescentes sem comorbidades. Por enquanto, por uma quest\u00e3o de cautela, n\u00f3s temos eventos adversos a serem investigados. N\u00f3s temos essas crian\u00e7as e adolescentes que tomaram essas vacinas que n\u00e3o estavam recomendadas para eles. N\u00f3s temos que acompanhar esses adolescentes\u201d, ressaltou o ministro da Sa\u00fade Marcelo Queiroga nesta quinta-feira (16), durante uma coletiva para esclarecer o assunto.<\/p>\n<p>O Minist\u00e9rio da Sa\u00fade aguarda a conclus\u00e3o da investiga\u00e7\u00e3o de um evento adverso grave p\u00f3s vacina\u00e7\u00e3o, com morte, de uma adolescente de 16 anos, moradora de S\u00e3o Bernardo do Campo (SP), que foi notificado pelo estado de S\u00e3o Paulo nessa quarta-feira (15). At\u00e9 o momento, n\u00e3o \u00e9 poss\u00edvel saber se a morte da adolescente, que foi vacinada com a Pfizer\/BioNTech, tem rela\u00e7\u00e3o direta com a vacina ou se ela tinha algum fator de risco. Esse fato ser\u00e1 detalhadamente apurado pelas equipes de vigil\u00e2ncia do estado e pelo Minist\u00e9rio da Sa\u00fade. No total, 1.545 efeitos adversos p\u00f3s vacina\u00e7\u00e3o foram notificados em adolescentes at\u00e9 agora, que podem ou n\u00e3o ter rela\u00e7\u00e3o com a vacina.<\/p>\n<p>No Reino Unido, o Comit\u00ea Conjunto de Vacina\u00e7\u00e3o e Imuniza\u00e7\u00e3o (JCVI, na sigla em ingl\u00eas) decidiu n\u00e3o recomendar a vacina\u00e7\u00e3o de adolescentes sem comorbidades no in\u00edcio de setembro. A decis\u00e3o foi baseada nos efeitos adversos p\u00f3s vacina\u00e7\u00e3o e na an\u00e1lise de um efeito colateral raro, uma inflama\u00e7\u00e3o no cora\u00e7\u00e3o chamada miocardite. As autoridades de sa\u00fade tamb\u00e9m est\u00e3o investigando os casos.<\/p>\n<p>A recomenda\u00e7\u00e3o do Minist\u00e9rio da Sa\u00fade est\u00e1 detalhada nesta Nota T\u00e9cnica, dispon\u00edvel aqui, que tamb\u00e9m est\u00e1 alinhada com a recomenda\u00e7\u00e3o da Organiza\u00e7\u00e3o Mundial de Sa\u00fade (OMS). Segundo o org\u00e3o, os pa\u00edses devem priorizar a imuniza\u00e7\u00e3o das faixas-et\u00e1rias com maiores riscos de desenvolverem formas mais severas da doen\u00e7a. A OMS orienta que a vacina Covid-19 seja aplicada apenas em jovens com comorbidades.<\/p>\n<p>Al\u00e9m disso, tamb\u00e9m devem se vacinar adolescentes com defici\u00eancia permanente e privados de liberdade, que t\u00eam maior risco de contamina\u00e7\u00e3o, conforme a Lei n\u00ba 14.190, aprovada em julho deste ano. A lista de doen\u00e7as que se encaixam nos requisitos est\u00e1 publicada no Plano Nacional de Operacionaliza\u00e7\u00e3o da Vacina\u00e7\u00e3o contra a Covid-19 (PNO).<\/p>\n<p>A imuniza\u00e7\u00e3o deve ser feita com o imunizante da Pfizer\/BioNTec, o \u00fanico aprovado pela Anvisa para este p\u00fablico. A partir das pr\u00f3ximas pautas de distribui\u00e7\u00e3o de vacinas, o Minist\u00e9rio da Sa\u00fade come\u00e7a a enviar doses para este p\u00fablico, considerando o quantitativo em cada estado. O ministro da Sa\u00fade alertou reiteradamente para a necessidade de todos os entes federativos seguirem as recomenda\u00e7\u00f5es do Programa Nacional de Imuniza\u00e7\u00f5es (PNI).<\/p>\n<p>\u201cEnt\u00e3o, meus amigos, 5.570 secret\u00e1rios de sa\u00fade do Brasil. Sigam a recomenda\u00e7\u00e3o do PNI, sigam a recomenda\u00e7\u00e3o do PNI. N\u00e3o d\u00e1 para o Minist\u00e9rio da Sa\u00fade se responsabilizar por condutas que s\u00e3o tomadas fora das recomenda\u00e7\u00f5es sanit\u00e1rias do pa\u00eds. Veja o que a Organiza\u00e7\u00e3o Mundial de Sa\u00fade recomendou em rela\u00e7\u00e3o aos adolescentes. Que s\u00f3 deveriam ser considerados ap\u00f3s priorizar as popula\u00e7\u00f5es de maior risco\u201d, ressaltou Queiroga.<\/p>\n<p>Para garantir a equidade da campanha de vacina\u00e7\u00e3o em todo pa\u00eds, o Minist\u00e9rio da Sa\u00fade recomendou, que estados e munic\u00edpios iniciassem a vacina\u00e7\u00e3o de adolescentes com comorbidades entre 12 e 17 anos ap\u00f3s a conclus\u00e3o da imuniza\u00e7\u00e3o, com a primeira dose, de toda a popula\u00e7\u00e3o adulta de cada localidade. Essa orienta\u00e7\u00e3o foi pactuada com representantes do Conselho Nacional de Secret\u00e1rios de Sa\u00fade (Conass) e do Conselho Nacional de Secretarias Municipais de Sa\u00fade (Conasems).<\/p>\n<p>A pasta concluiu essa etapa, de distribui\u00e7\u00e3o de doses para os 158 milh\u00f5es de brasileiros adultos, dentro do previsto, nessa quarta (15). No entanto, contrariando a recomenda\u00e7\u00e3o da pasta, cerca de 3,5 milh\u00f5es de adolescentes j\u00e1 foram vacinados com ao menos uma dose no pa\u00eds, segundo dados da plataforma LocalizaSUS. H\u00e1 ainda registros de vacina\u00e7\u00e3o com outros imunizantes n\u00e3o recomendados pela Anvisa para essa faixa-et\u00e1ria, como a Astrazeneca, Janssen e Coronavac. Para esses adolescentes sem comorbidades, que j\u00e1 tomaram a primeira dose da vacina, o Minist\u00e9rio da Sa\u00fade n\u00e3o recomenda a conclus\u00e3o do ciclo vacinal com a segunda dose, at\u00e9 que surjam novas evid\u00eancias cient\u00edficas.<\/p>\n<p>Diante disso, o Minist\u00e9rio da Sa\u00fade alerta para a necessidade de todos os gestores locais do SUS cumprirem as recomenda\u00e7\u00f5es pactuadas de forma tripartite e o PNO, para garantir que a campanha avance conforme o planejado, de forma segura e para que n\u00e3o falte doses para concluir o ciclo vacinal de toda popula\u00e7\u00e3o.<\/p>\n<p>\u201cA dona de casa se programa para um almo\u00e7o para 5 pessoas, chega 20. E a\u00ed? Como \u00e9? Bota \u00e1gua no feij\u00e3o? N\u00e3o posso botar \u00e1gua no feij\u00e3o da vacina. N\u00e3o d\u00e1! Ent\u00e3o, a gente s\u00f3 tem condi\u00e7\u00e3o de entregar as vacinas de acordo com o cronograma do que foi previsto\u201d, concluiu o ministro.<\/p>\n<p><strong>Pr\u00f3ximos passos<\/strong><\/p>\n<p>A\u00a0partir de agora, o Minist\u00e9rio da Sa\u00fade come\u00e7a a enviar vacinas Covid-19 para novas etapas da campanha, para todos os estados e Distrito Federal. Estados e munic\u00edpios devem seguir as recomenda\u00e7\u00f5es do Programa Nacional de Imuniza\u00e7\u00f5es (PNI) e vacinar, com uma dose de refor\u00e7o, idosos acima de 70 anos, respeitando um intervalo de seis meses ap\u00f3s a vacina\u00e7\u00e3o completa com imunizantes de qualquer fabricante. As pessoas imunossuprimidas tamb\u00e9m devem aplicar a dose de refor\u00e7o 28 dias ap\u00f3s a segunda dose ou a dose \u00fanica.<\/p>\n<p>Al\u00e9m disso, a pasta recomenda a redu\u00e7\u00e3o do intervalo da Pfizer, de 12 para 8 semanas.<\/p>\n<p>Fonte: Minist\u00e9rio da Sa\u00fade<\/p>\n","protected":false},"excerpt":{"rendered":"<p>Recomenda\u00e7\u00e3o segue evid\u00eancias cient\u00edficas e posi\u00e7\u00e3o da OMS. Ap\u00f3s concluir o envio de vacinas Covid-19 para a imuniza\u00e7\u00e3o, com a primeira dose, da popula\u00e7\u00e3o adulta brasileira, o Minist\u00e9rio da Sa\u00fade recomenda a vacina\u00e7\u00e3o de adolescentes, entre 12 e 17 anos, com comorbidades. Essa orienta\u00e7\u00e3o \u00e9 baseada na recomenda\u00e7\u00e3o da C\u00e2mara T\u00e9cnica Assessora em Imuniza\u00e7\u00e3o e [&hellip;]<\/p>\n","protected":false},"author":1,"featured_media":0,"comment_status":"open","ping_status":"open","sticky":false,"template":"","format":"standard","meta":{"ocean_post_layout":"","ocean_both_sidebars_style":"","ocean_both_sidebars_content_width":0,"ocean_both_sidebars_sidebars_width":0,"ocean_sidebar":"","ocean_second_sidebar":"","ocean_disable_margins":"enable","ocean_add_body_class":"","ocean_shortcode_before_top_bar":"","ocean_shortcode_after_top_bar":"","ocean_shortcode_before_header":"","ocean_shortcode_after_header":"","ocean_has_shortcode":"","ocean_shortcode_after_title":"","ocean_shortcode_before_footer_widgets":"","ocean_shortcode_after_footer_widgets":"","ocean_shortcode_before_footer_bottom":"","ocean_shortcode_after_footer_bottom":"","ocean_display_top_bar":"default","ocean_display_header":"default","ocean_header_style":"","ocean_center_header_left_menu":"","ocean_custom_header_template":"","ocean_custom_logo":0,"ocean_custom_retina_logo":0,"ocean_custom_logo_max_width":0,"ocean_custom_logo_tablet_max_width":0,"ocean_custom_logo_mobile_max_width":0,"ocean_custom_logo_max_height":0,"ocean_custom_logo_tablet_max_height":0,"ocean_custom_logo_mobile_max_height":0,"ocean_header_custom_menu":"","ocean_menu_typo_font_family":"","ocean_menu_typo_font_subset":"","ocean_menu_typo_font_size":0,"ocean_menu_typo_font_size_tablet":0,"ocean_menu_typo_font_size_mobile":0,"ocean_menu_typo_font_size_unit":"px","ocean_menu_typo_font_weight":"","ocean_menu_typo_font_weight_tablet":"","ocean_menu_typo_font_weight_mobile":"","ocean_menu_typo_transform":"","ocean_menu_typo_transform_tablet":"","ocean_menu_typo_transform_mobile":"","ocean_menu_typo_line_height":0,"ocean_menu_typo_line_height_tablet":0,"ocean_menu_typo_line_height_mobile":0,"ocean_menu_typo_line_height_unit":"","ocean_menu_typo_spacing":0,"ocean_menu_typo_spacing_tablet":0,"ocean_menu_typo_spacing_mobile":0,"ocean_menu_typo_spacing_unit":"","ocean_menu_link_color":"","ocean_menu_link_color_hover":"","ocean_menu_link_color_active":"","ocean_menu_link_background":"","ocean_menu_link_hover_background":"","ocean_menu_link_active_background":"","ocean_menu_social_links_bg":"","ocean_menu_social_hover_links_bg":"","ocean_menu_social_links_color":"","ocean_menu_social_hover_links_color":"","ocean_disable_title":"default","ocean_disable_heading":"default","ocean_post_title":"","ocean_post_subheading":"","ocean_post_title_style":"","ocean_post_title_background_color":"","ocean_post_title_background":0,"ocean_post_title_bg_image_position":"","ocean_post_title_bg_image_attachment":"","ocean_post_title_bg_image_repeat":"","ocean_post_title_bg_image_size":"","ocean_post_title_height":0,"ocean_post_title_bg_overlay":0.5,"ocean_post_title_bg_overlay_color":"","ocean_disable_breadcrumbs":"default","ocean_breadcrumbs_color":"","ocean_breadcrumbs_separator_color":"","ocean_breadcrumbs_links_color":"","ocean_breadcrumbs_links_hover_color":"","ocean_display_footer_widgets":"default","ocean_display_footer_bottom":"default","ocean_custom_footer_template":"","ocean_post_oembed":"","ocean_post_self_hosted_media":"","ocean_post_video_embed":"","ocean_link_format":"","ocean_link_format_target":"self","ocean_quote_format":"","ocean_quote_format_link":"post","ocean_gallery_link_images":"on","ocean_gallery_id":[]},"categories":[9],"tags":[3847,1490,82,318],"acf":[],"_links":{"self":[{"href":"https:\/\/www.simepe.com.br\/novo\/wp-json\/wp\/v2\/posts\/61329"}],"collection":[{"href":"https:\/\/www.simepe.com.br\/novo\/wp-json\/wp\/v2\/posts"}],"about":[{"href":"https:\/\/www.simepe.com.br\/novo\/wp-json\/wp\/v2\/types\/post"}],"author":[{"embeddable":true,"href":"https:\/\/www.simepe.com.br\/novo\/wp-json\/wp\/v2\/users\/1"}],"replies":[{"embeddable":true,"href":"https:\/\/www.simepe.com.br\/novo\/wp-json\/wp\/v2\/comments?post=61329"}],"version-history":[{"count":1,"href":"https:\/\/www.simepe.com.br\/novo\/wp-json\/wp\/v2\/posts\/61329\/revisions"}],"predecessor-version":[{"id":61330,"href":"https:\/\/www.simepe.com.br\/novo\/wp-json\/wp\/v2\/posts\/61329\/revisions\/61330"}],"wp:attachment":[{"href":"https:\/\/www.simepe.com.br\/novo\/wp-json\/wp\/v2\/media?parent=61329"}],"wp:term":[{"taxonomy":"category","embeddable":true,"href":"https:\/\/www.simepe.com.br\/novo\/wp-json\/wp\/v2\/categories?post=61329"},{"taxonomy":"post_tag","embeddable":true,"href":"https:\/\/www.simepe.com.br\/novo\/wp-json\/wp\/v2\/tags?post=61329"}],"curies":[{"name":"wp","href":"https:\/\/api.w.org\/{rel}","templated":true}]}}