{"id":61360,"date":"2021-09-20T11:09:19","date_gmt":"2021-09-20T14:09:19","guid":{"rendered":"https:\/\/www.simepe.com.br\/novo\/?p=61360"},"modified":"2021-09-20T11:09:19","modified_gmt":"2021-09-20T14:09:19","slug":"em-meio-a-impasse-com-ministerio-da-saude-pernambuco-ja-vacinou-um-em-cada-cinco-adolescentes","status":"publish","type":"post","link":"https:\/\/www.simepe.com.br\/novo\/em-meio-a-impasse-com-ministerio-da-saude-pernambuco-ja-vacinou-um-em-cada-cinco-adolescentes\/","title":{"rendered":"Em meio a impasse com Minist\u00e9rio da Sa\u00fade, Pernambuco j\u00e1 vacinou um em cada cinco adolescentes"},"content":{"rendered":"<p>Pernambuco aplicou, at\u00e9 o domingo (19), 220.658 primeiras doses da vacina contra a Covid-19 em adolescentes de 12 a 17 anos.<\/p>\n<p>Esse total corresponde a um em cada cinco adolescentes do Estado, ou 20,29% da popula\u00e7\u00e3o dessa faixa et\u00e1ria, estimada em 1.087.269 pessoas.<\/p>\n<p>A marca foi atingida em <a href=\"https:\/\/www.folhape.com.br\/noticias\/ministerio-da-saude-recua-e-recomenda-suspensao-vacinacao-de\/197881\/\" target=\"_blank\"><strong>meio ao impasse com o Minist\u00e9rio da Sa\u00fade sobre a vacina\u00e7\u00e3o de adolescentes sem comorbidades no Pa\u00eds<\/strong><\/a>. Na \u00faltima quinta-feira (16), a pasta federal recomendou a suspens\u00e3o da imuniza\u00e7\u00e3o desse grupo.<\/p>\n<p>Pernambuco, em decis\u00f5es anunciadas ainda na quinta e na sexta-feira (17), a<a href=\"https:\/\/www.folhape.com.br\/noticias\/apos-reuniao-comite-confirma-manutencao-da-vacinacao-de-adolescentes\/198049\/\" target=\"_blank\"><strong>nunciou que ir\u00e1 prosseguir com a vacina\u00e7\u00e3o dos adolescentes.<\/strong><\/a><\/p>\n<p>As decis\u00f5es foram tomadas pelo Comit\u00ea T\u00e9cnico Estadual para Acompanhamento da Vacina\u00e7\u00e3o, a partir de an\u00e1lise t\u00e9cnica. Os membros ir\u00e3o encaminhar ao Minist\u00e9rio da Sa\u00fade um documento para salientar a import\u00e2ncia e a necessidade do Minist\u00e9rio da Sa\u00fade reconhecer o grupo de adolescentes como eleg\u00edveis para imuniza\u00e7\u00e3o.<\/p>\n<p>A recomenda\u00e7\u00e3o estadual vem porque adolescentes tamb\u00e9m t\u00eam risco de adoecimento e podem transmitir a doen\u00e7a. O comit\u00ea tambem alertar\u00e1 o \u00f3rg\u00e3o federal para ofertar doses de vacina para dar seguimento \u00e0 campanha nos estados.<\/p>\n<p>Para <a href=\"https:\/\/www.folhape.com.br\/noticias\/ministerio-da-saude-recua-e-recomenda-suspensao-vacinacao-de\/197881\/\" target=\"_blank\"><strong>recomendar a suspens\u00e3o da imuniza\u00e7\u00e3o dos adolescentes sem comorbidades,<\/strong><\/a> o Minist\u00e9rio da Sa\u00fade alegou justificativas como a n\u00e3o indica\u00e7\u00e3o da Organiza\u00e7\u00e3o Mundial da Sa\u00fade para a vacina\u00e7\u00e3o de adolescentes (algo incorreto, j\u00e1 que a entidade pede prioridade para grupos mais vulner\u00e1veis que ainda n\u00e3o receberam a vacina no mundo) e o registro de poucos ou leves sintomas em adolescentes que contraem a Covid-19.<\/p>\n<p>A \u00fanica vacina em uso no Brasil aprovada pela Ag\u00eancia Nacional de Vigil\u00e2ncia Sanit\u00e1ria (Anvisa) para administra\u00e7\u00e3o em adolescentes de 12 a 17 anos \u00e9 a fabricada pela Pfizer\/BioNTech. As demais &#8211; AstraZeneca\/Oxford, CoronaVac\/Butantan e Janssen &#8211; n\u00e3o podem ser aplicadas no grupo.<\/p>\n<p><strong>2\u00aa dose para quem tomou a 1\u00aa est\u00e1 garantida<\/strong><\/p>\n<p>Para os adolescentes que j\u00e1 tomaram a primeira dose, <a href=\"https:\/\/www.folhape.com.br\/noticias\/pernambuco-2a-dose-para-adolescente-que-tomou-a-1a-esta-garantida\/198007\/\" target=\"_blank\"><strong>a segunda aplica\u00e7\u00e3o, que completa o esquema vacinal, est\u00e1 garantida<\/strong><\/a>, segundo o representante da Sociedade Brasileira de Imuniza\u00e7\u00f5es (SBIm) no Comit\u00ea T\u00e9cnico Estadual para Acompanhamento da Vacina\u00e7\u00e3o, Eduardo Jorge da Fonseca.<\/p>\n<p>\u201cN\u00e3o temos a menor d\u00favida de que vamos vacinar com a segunda dose. A gente n\u00e3o ia fazer essa loucura, essa falta de responsabilidade, quem tomou a primeira dose pode ter certeza que ir\u00e1 tomar a segunda\u201d, afirmou.<\/p>\n<p>Fonte: Folha de Pernambuco<\/p>\n","protected":false},"excerpt":{"rendered":"<p>Pernambuco aplicou, at\u00e9 o domingo (19), 220.658 primeiras doses da vacina contra a Covid-19 em adolescentes de 12 a 17 anos. Esse total corresponde a um em cada cinco adolescentes do Estado, ou 20,29% da popula\u00e7\u00e3o dessa faixa et\u00e1ria, estimada em 1.087.269 pessoas. A marca foi atingida em meio ao impasse com o Minist\u00e9rio da [&hellip;]<\/p>\n","protected":false},"author":1,"featured_media":0,"comment_status":"open","ping_status":"open","sticky":false,"template":"","format":"standard","meta":{"ocean_post_layout":"","ocean_both_sidebars_style":"","ocean_both_sidebars_content_width":0,"ocean_both_sidebars_sidebars_width":0,"ocean_sidebar":"","ocean_second_sidebar":"","ocean_disable_margins":"enable","ocean_add_body_class":"","ocean_shortcode_before_top_bar":"","ocean_shortcode_after_top_bar":"","ocean_shortcode_before_header":"","ocean_shortcode_after_header":"","ocean_has_shortcode":"","ocean_shortcode_after_title":"","ocean_shortcode_before_footer_widgets":"","ocean_shortcode_after_footer_widgets":"","ocean_shortcode_before_footer_bottom":"","ocean_shortcode_after_footer_bottom":"","ocean_display_top_bar":"default","ocean_display_header":"default","ocean_header_style":"","ocean_center_header_left_menu":"","ocean_custom_header_template":"","ocean_custom_logo":0,"ocean_custom_retina_logo":0,"ocean_custom_logo_max_width":0,"ocean_custom_logo_tablet_max_width":0,"ocean_custom_logo_mobile_max_width":0,"ocean_custom_logo_max_height":0,"ocean_custom_logo_tablet_max_height":0,"ocean_custom_logo_mobile_max_height":0,"ocean_header_custom_menu":"","ocean_menu_typo_font_family":"","ocean_menu_typo_font_subset":"","ocean_menu_typo_font_size":0,"ocean_menu_typo_font_size_tablet":0,"ocean_menu_typo_font_size_mobile":0,"ocean_menu_typo_font_size_unit":"px","ocean_menu_typo_font_weight":"","ocean_menu_typo_font_weight_tablet":"","ocean_menu_typo_font_weight_mobile":"","ocean_menu_typo_transform":"","ocean_menu_typo_transform_tablet":"","ocean_menu_typo_transform_mobile":"","ocean_menu_typo_line_height":0,"ocean_menu_typo_line_height_tablet":0,"ocean_menu_typo_line_height_mobile":0,"ocean_menu_typo_line_height_unit":"","ocean_menu_typo_spacing":0,"ocean_menu_typo_spacing_tablet":0,"ocean_menu_typo_spacing_mobile":0,"ocean_menu_typo_spacing_unit":"","ocean_menu_link_color":"","ocean_menu_link_color_hover":"","ocean_menu_link_color_active":"","ocean_menu_link_background":"","ocean_menu_link_hover_background":"","ocean_menu_link_active_background":"","ocean_menu_social_links_bg":"","ocean_menu_social_hover_links_bg":"","ocean_menu_social_links_color":"","ocean_menu_social_hover_links_color":"","ocean_disable_title":"default","ocean_disable_heading":"default","ocean_post_title":"","ocean_post_subheading":"","ocean_post_title_style":"","ocean_post_title_background_color":"","ocean_post_title_background":0,"ocean_post_title_bg_image_position":"","ocean_post_title_bg_image_attachment":"","ocean_post_title_bg_image_repeat":"","ocean_post_title_bg_image_size":"","ocean_post_title_height":0,"ocean_post_title_bg_overlay":0.5,"ocean_post_title_bg_overlay_color":"","ocean_disable_breadcrumbs":"default","ocean_breadcrumbs_color":"","ocean_breadcrumbs_separator_color":"","ocean_breadcrumbs_links_color":"","ocean_breadcrumbs_links_hover_color":"","ocean_display_footer_widgets":"default","ocean_display_footer_bottom":"default","ocean_custom_footer_template":"","ocean_post_oembed":"","ocean_post_self_hosted_media":"","ocean_post_video_embed":"","ocean_link_format":"","ocean_link_format_target":"self","ocean_quote_format":"","ocean_quote_format_link":"post","ocean_gallery_link_images":"on","ocean_gallery_id":[]},"categories":[9],"tags":[3847,1490,82,318],"acf":[],"_links":{"self":[{"href":"https:\/\/www.simepe.com.br\/novo\/wp-json\/wp\/v2\/posts\/61360"}],"collection":[{"href":"https:\/\/www.simepe.com.br\/novo\/wp-json\/wp\/v2\/posts"}],"about":[{"href":"https:\/\/www.simepe.com.br\/novo\/wp-json\/wp\/v2\/types\/post"}],"author":[{"embeddable":true,"href":"https:\/\/www.simepe.com.br\/novo\/wp-json\/wp\/v2\/users\/1"}],"replies":[{"embeddable":true,"href":"https:\/\/www.simepe.com.br\/novo\/wp-json\/wp\/v2\/comments?post=61360"}],"version-history":[{"count":1,"href":"https:\/\/www.simepe.com.br\/novo\/wp-json\/wp\/v2\/posts\/61360\/revisions"}],"predecessor-version":[{"id":61361,"href":"https:\/\/www.simepe.com.br\/novo\/wp-json\/wp\/v2\/posts\/61360\/revisions\/61361"}],"wp:attachment":[{"href":"https:\/\/www.simepe.com.br\/novo\/wp-json\/wp\/v2\/media?parent=61360"}],"wp:term":[{"taxonomy":"category","embeddable":true,"href":"https:\/\/www.simepe.com.br\/novo\/wp-json\/wp\/v2\/categories?post=61360"},{"taxonomy":"post_tag","embeddable":true,"href":"https:\/\/www.simepe.com.br\/novo\/wp-json\/wp\/v2\/tags?post=61360"}],"curies":[{"name":"wp","href":"https:\/\/api.w.org\/{rel}","templated":true}]}}