{"id":61374,"date":"2021-09-20T14:40:21","date_gmt":"2021-09-20T17:40:21","guid":{"rendered":"https:\/\/www.simepe.com.br\/novo\/?p=61374"},"modified":"2021-09-27T14:32:17","modified_gmt":"2021-09-27T17:32:17","slug":"atencao-medico-19-09-21","status":"publish","type":"post","link":"https:\/\/www.simepe.com.br\/novo\/atencao-medico-19-09-21\/","title":{"rendered":"Aten\u00e7\u00e3o M\u00e9dico &#8211; 19.09.21"},"content":{"rendered":"<h4 style=\"text-align: justify;\"><strong>Simepe e SES re\u00fanem-se com a regula\u00e7\u00e3o de leitos e as coordena\u00e7\u00f5es de cardiologia dos hospitais p\u00fablicos para discutir a superlota\u00e7\u00e3o <\/strong><\/h4>\n<p style=\"text-align: justify;\">A presidente do Simepe, Claudia Beatriz, o vice-presidente Walber Steffano, o secret\u00e1rio-geral Tadeu Calheiros e os diretores Mozart Lacerda e Fernando J\u00fanior\u00a0\u2013 reuniram-se, na \u00faltima quinta-feira (17\/09), com a secret\u00e1ria executiva de aten\u00e7\u00e3o \u00e0 sa\u00fade da SES, Cristina Mota, gestores da central de regula\u00e7\u00e3o de leitos e coordenadores do setor de cardiologia dos hospitais p\u00fablicos da rede estadual. O encontro teve por objetivo discutir propostas para amenizar a superlota\u00e7\u00e3o nessas unidades e minimizar os impactos para m\u00e9dicos, demais profissionais de sa\u00fade e pacientes. Durante o encontro, foram apresentados pelos gestores as condi\u00e7\u00f5es de funcionamento e o perfil de cada unidade para os pacientes regulados. Diante dos problemas, concluiu-se a necessidade de leitos de retaguarda, sobretudo para pacientes de perfil cr\u00f4nico; contratualiza\u00e7\u00f5es de novos leitos de UTI; readequa\u00e7\u00e3o nos fluxos de atendimentos dos hospitais, al\u00e9m da promessa de nova hemodin\u00e2mica em funcionamento at\u00e9 31\/10 no Hospital Agamenon Magalh\u00e3es. Uma nova reuni\u00e3o est\u00e1 agendada para o dia 04\/11, para acompanhamento das a\u00e7\u00f5es implantadas.<\/p>\n<h4 style=\"text-align: justify;\">Simepe e m\u00e9dicos do HC intensificam luta pelo adicional de insalubridade de 40%<\/h4>\n<p style=\"text-align: justify;\">O Simepe e os m\u00e9dicos do Hospital das Cl\u00ednicas da UFPE, contratados pela Empresa Brasileira de Servi\u00e7os Hospitalares (Ebserh) participaram da Assembleia Geral Extraordin\u00e1ria (AGE), por videoconfer\u00eancia, na noite desta quinta-feira (16\/09). A reuni\u00e3o virtual foi coordenada pela diretora Malu David e contou com as participa\u00e7\u00f5es dos diretores Adilsom Morato e Jamilly Leite, al\u00e9m do advogado Ricardo Santos da Defensoria M\u00e9dica do Sindicato. A pauta em quest\u00e3o foi acerca da a\u00e7\u00e3o judicial coletiva, movida pelo Simepe junto \u00e0 Justi\u00e7a do Trabalho, que visa garantir o adicional de insalubridade de 40% em cima do sal\u00e1rio-base para todos os profissionais lotados no HC do Recife.\u00a0 Os profissionais do HC trabalham expostos a um ambiente nocivo em grau m\u00e1ximo, considerando o contato mantido com pacientes portadores de doen\u00e7as infectocontagiosas. Para o Poder Judici\u00e1rio reconhecer esse direito em grau m\u00e1ximo, ou seja, garantir o percentual de 40% ser\u00e1 realizada uma per\u00edcia que foi designada pela Justi\u00e7a do Trabalho. O Sindicato continuar\u00e1 vigilante em defesa dos direitos e garantias dos m\u00e9dicos vinculados \u00e0 EBSERH. Ao final foi agendada uma nova AGE virtual para o dia 13\/10, \u00e0s 19h.<\/p>\n<h4 style=\"text-align: justify;\">Mesa de negocia\u00e7\u00e3o da PCR causa frustra\u00e7\u00e3o e revolta<\/h4>\n<p style=\"text-align: justify;\">Frustra\u00e7\u00e3o e indigna\u00e7\u00e3o foram sentimentos constantes na mesa de negocia\u00e7\u00e3o com a Prefeitura do Recife, na manh\u00e3 da sexta-feira passada (10\/09). O Simepe participou do encontro, representado por seus diretores Malu David e Robson Miranda. As entidades presentes ficaram bastante decepcionadas com a falta de resolu\u00e7\u00e3o em rela\u00e7\u00e3o ao reajuste salarial, que mesmo ap\u00f3s o crescimento da infla\u00e7\u00e3o, este n\u00e3o a acompanhou. O Sindicato solicitou que para a pr\u00f3xima mesa, marcada para o dia 8\/10, a PCR apresente uma proposta concreta, com no m\u00ednimo, a reposi\u00e7\u00e3o inflacion\u00e1ria, \u201cO secret\u00e1rio precisa fazer o seu dever de casa e nos trazer algo mais concreto al\u00e9m de uma conversa\u201d, pontuou a diretora do Sindicato, Malu David. A entidade refor\u00e7a que continuar\u00e1 pressionando e cobrando os \u00f3rg\u00e3os para que os m\u00e9dicos de Pernambuco possuam melhores condi\u00e7\u00f5es de trabalho.<\/p>\n<h4 style=\"text-align: justify;\"><strong>Setembro amarelo m\u00eas de preven\u00e7\u00e3o do suicidio<\/strong><\/h4>\n<p style=\"text-align: justify;\">Voc\u00ea sabia que de 300 a 400 m\u00e9dicos cometem suic\u00eddio por ano em todo o mundo? Segundo a Organiza\u00e7\u00e3o Mundial de Sa\u00fade (OMS), o Brasil est\u00e1 em 8\u00ba dentre os pa\u00edses com maior n\u00famero de suic\u00eddios. \u2800N\u00e3o podemos permitir que estes\u2800dados virem uma constante, ou pior, aumentem. Por esta raz\u00e3o, o Sindicato dos M\u00e9dicos de Pernambuco (Simepe) precisa da sua contribui\u00e7\u00e3o, colega m\u00e9dico, com a campanha de conscientiza\u00e7\u00e3o para o setembro amarelo &#8211; &#8220;Quebre o Sil\u00eancio&#8221;.\u2800Para nos auxiliar com dados concretos sobre transtornos mentais e autoc\u00eddio em meio \u00e0 categoria m\u00e9dica, basta acessar o link da bio e preencher o nosso formul\u00e1rio.\u2800A preocupa\u00e7\u00e3o e a luta di\u00e1ria em defesa do m\u00e9dico continua.\u00a0 Por condi\u00e7\u00f5es melhores de trabalho e de sa\u00fade. Quebre o sil\u00eancio: precisamos mudar essa realidade!<\/p>\n<p style=\"text-align: justify;\">Recife, 19 de setembro de\u00a02021<\/p>\n<p style=\"text-align: justify;\">\n","protected":false},"excerpt":{"rendered":"<p>Simepe e SES re\u00fanem-se com a regula\u00e7\u00e3o de leitos e as coordena\u00e7\u00f5es de cardiologia dos hospitais p\u00fablicos para discutir a superlota\u00e7\u00e3o A presidente do Simepe, Claudia Beatriz, o vice-presidente Walber Steffano, o secret\u00e1rio-geral Tadeu Calheiros e os diretores Mozart Lacerda e Fernando J\u00fanior\u00a0\u2013 reuniram-se, na \u00faltima quinta-feira (17\/09), com a secret\u00e1ria executiva de aten\u00e7\u00e3o \u00e0 [&hellip;]<\/p>\n","protected":false},"author":2,"featured_media":0,"comment_status":"open","ping_status":"open","sticky":false,"template":"","format":"standard","meta":{"ocean_post_layout":"","ocean_both_sidebars_style":"","ocean_both_sidebars_content_width":0,"ocean_both_sidebars_sidebars_width":0,"ocean_sidebar":"","ocean_second_sidebar":"","ocean_disable_margins":"enable","ocean_add_body_class":"","ocean_shortcode_before_top_bar":"","ocean_shortcode_after_top_bar":"","ocean_shortcode_before_header":"","ocean_shortcode_after_header":"","ocean_has_shortcode":"","ocean_shortcode_after_title":"","ocean_shortcode_before_footer_widgets":"","ocean_shortcode_after_footer_widgets":"","ocean_shortcode_before_footer_bottom":"","ocean_shortcode_after_footer_bottom":"","ocean_display_top_bar":"default","ocean_display_header":"default","ocean_header_style":"","ocean_center_header_left_menu":"","ocean_custom_header_template":"","ocean_custom_logo":0,"ocean_custom_retina_logo":0,"ocean_custom_logo_max_width":0,"ocean_custom_logo_tablet_max_width":0,"ocean_custom_logo_mobile_max_width":0,"ocean_custom_logo_max_height":0,"ocean_custom_logo_tablet_max_height":0,"ocean_custom_logo_mobile_max_height":0,"ocean_header_custom_menu":"","ocean_menu_typo_font_family":"","ocean_menu_typo_font_subset":"","ocean_menu_typo_font_size":0,"ocean_menu_typo_font_size_tablet":0,"ocean_menu_typo_font_size_mobile":0,"ocean_menu_typo_font_size_unit":"px","ocean_menu_typo_font_weight":"","ocean_menu_typo_font_weight_tablet":"","ocean_menu_typo_font_weight_mobile":"","ocean_menu_typo_transform":"","ocean_menu_typo_transform_tablet":"","ocean_menu_typo_transform_mobile":"","ocean_menu_typo_line_height":0,"ocean_menu_typo_line_height_tablet":0,"ocean_menu_typo_line_height_mobile":0,"ocean_menu_typo_line_height_unit":"","ocean_menu_typo_spacing":0,"ocean_menu_typo_spacing_tablet":0,"ocean_menu_typo_spacing_mobile":0,"ocean_menu_typo_spacing_unit":"","ocean_menu_link_color":"","ocean_menu_link_color_hover":"","ocean_menu_link_color_active":"","ocean_menu_link_background":"","ocean_menu_link_hover_background":"","ocean_menu_link_active_background":"","ocean_menu_social_links_bg":"","ocean_menu_social_hover_links_bg":"","ocean_menu_social_links_color":"","ocean_menu_social_hover_links_color":"","ocean_disable_title":"default","ocean_disable_heading":"default","ocean_post_title":"","ocean_post_subheading":"","ocean_post_title_style":"","ocean_post_title_background_color":"","ocean_post_title_background":0,"ocean_post_title_bg_image_position":"","ocean_post_title_bg_image_attachment":"","ocean_post_title_bg_image_repeat":"","ocean_post_title_bg_image_size":"","ocean_post_title_height":0,"ocean_post_title_bg_overlay":0.5,"ocean_post_title_bg_overlay_color":"","ocean_disable_breadcrumbs":"default","ocean_breadcrumbs_color":"","ocean_breadcrumbs_separator_color":"","ocean_breadcrumbs_links_color":"","ocean_breadcrumbs_links_hover_color":"","ocean_display_footer_widgets":"default","ocean_display_footer_bottom":"default","ocean_custom_footer_template":"","ocean_post_oembed":"","ocean_post_self_hosted_media":"","ocean_post_video_embed":"","ocean_link_format":"","ocean_link_format_target":"self","ocean_quote_format":"","ocean_quote_format_link":"post","ocean_gallery_link_images":"on","ocean_gallery_id":[]},"categories":[1],"tags":[],"acf":[],"_links":{"self":[{"href":"https:\/\/www.simepe.com.br\/novo\/wp-json\/wp\/v2\/posts\/61374"}],"collection":[{"href":"https:\/\/www.simepe.com.br\/novo\/wp-json\/wp\/v2\/posts"}],"about":[{"href":"https:\/\/www.simepe.com.br\/novo\/wp-json\/wp\/v2\/types\/post"}],"author":[{"embeddable":true,"href":"https:\/\/www.simepe.com.br\/novo\/wp-json\/wp\/v2\/users\/2"}],"replies":[{"embeddable":true,"href":"https:\/\/www.simepe.com.br\/novo\/wp-json\/wp\/v2\/comments?post=61374"}],"version-history":[{"count":3,"href":"https:\/\/www.simepe.com.br\/novo\/wp-json\/wp\/v2\/posts\/61374\/revisions"}],"predecessor-version":[{"id":61377,"href":"https:\/\/www.simepe.com.br\/novo\/wp-json\/wp\/v2\/posts\/61374\/revisions\/61377"}],"wp:attachment":[{"href":"https:\/\/www.simepe.com.br\/novo\/wp-json\/wp\/v2\/media?parent=61374"}],"wp:term":[{"taxonomy":"category","embeddable":true,"href":"https:\/\/www.simepe.com.br\/novo\/wp-json\/wp\/v2\/categories?post=61374"},{"taxonomy":"post_tag","embeddable":true,"href":"https:\/\/www.simepe.com.br\/novo\/wp-json\/wp\/v2\/tags?post=61374"}],"curies":[{"name":"wp","href":"https:\/\/api.w.org\/{rel}","templated":true}]}}