{"id":61378,"date":"2021-09-21T09:47:33","date_gmt":"2021-09-21T12:47:33","guid":{"rendered":"https:\/\/www.simepe.com.br\/novo\/?p=61378"},"modified":"2021-09-21T09:47:33","modified_gmt":"2021-09-21T12:47:33","slug":"entenda-o-estudo-que-determinou-a-vacina-da-pfizer-segura-para-criancas","status":"publish","type":"post","link":"https:\/\/www.simepe.com.br\/novo\/entenda-o-estudo-que-determinou-a-vacina-da-pfizer-segura-para-criancas\/","title":{"rendered":"Entenda o estudo que determinou a vacina da PFizer segura para crian\u00e7as"},"content":{"rendered":"<p style=\"text-align: justify;\">Os primeiros resultados sobre efic\u00e1cia e seguran\u00e7a da vacina da Covid-19 para crian\u00e7as de 5 a 11 anos mostram que ela \u00e9 bem tolerada e gera \u201crespostas robustas de anticorpos neutralizantes\u201d. Os dados do estudo de fase 2 com 2.268 volunt\u00e1rios foram anunciados ontem pelo cons\u00f3rcio Pfizer\/BioNTech em um comunicado \u00e0 imprensa e devem ser publicados em uma revista cient\u00edfica na conclus\u00e3o da terceira etapa da pesquisa, j\u00e1 em curso.<\/p>\n<p style=\"text-align: justify;\">De acordo com as fabricantes, a expectativa \u00e9 conseguir \u201co mais r\u00e1pido poss\u00edvel\u201d a aprova\u00e7\u00e3o emergencial das ag\u00eancias regulat\u00f3rias, come\u00e7ando pela norte-americana Food and Drug Administration e pela Ag\u00eancia Europeia de Medicamentos. Os laborat\u00f3rios tamb\u00e9m pretendem divulgar, at\u00e9 o fim do ano, informa\u00e7\u00f5es sobre o imunizante em crian\u00e7as de 6 meses a 5 anos.<\/p>\n<p style=\"text-align: justify;\">\u201cNos \u00faltimos nove meses, centenas de milh\u00f5es de pessoas com 12 anos ou mais em todo o mundo receberam nossa vacina. Estamos ansiosos para estender a prote\u00e7\u00e3o conferida pela vacina a essa popula\u00e7\u00e3o mais jovem, especialmente porque rastreamos a dissemina\u00e7\u00e3o da variante delta e a amea\u00e7a substancial que ela representa para as crian\u00e7as\u201d, disse Albert Bourla, presidente da Pfizer. \u201cDesde julho, os casos pedi\u00e1tricos de Covid-19 aumentaram cerca de 240% nos EUA, refor\u00e7ando a necessidade de vacina\u00e7\u00e3o. Os resultados desses testes fornecem uma base s\u00f3lida para a obten\u00e7\u00e3o de autoriza\u00e7\u00e3o de nossa vacina para crian\u00e7as de 5 a 11 anos de idade.\u201d<\/p>\n<p style=\"text-align: justify;\">No estudo, os volunt\u00e1rios foram submetidos a um esquema de duas doses de 10\u00b5g \u2014 menor que os 30\u00b5g usados para maiores de 12 anos \u2014 com 21 dias de intervalo. Segundo o comunicado, as respostas de anticorpos foram compar\u00e1veis \u00e0s registradas em um estudo anterior da Pfizer\/BioNTech em pessoas de 16 a 25 anos imunizadas com a dosagem completa. \u201cO perfil de seguran\u00e7a e os dados de imunogenicidade em crian\u00e7as de 5 a 11 anos vacinadas com uma dose mais baixa s\u00e3o consistentes com aqueles que observamos com nossa vacina em outras popula\u00e7\u00f5es mais velhas com uma dose mais alta\u201d, afirmou Ugur Sahin, cofundador da BioNTech.<\/p>\n<p style=\"text-align: justify;\">No ensaio, a concentra\u00e7\u00e3o de anticorpos neutralizantes \u2014 aqueles capazes de inviabilizar o v\u00edrus \u2014 foi 1.197,6 um m\u00eas ap\u00f3s a segunda dose. \u00c9 uma taxa compar\u00e1vel \u00e0 detectada nos participantes de 16 a 25 anos (1.146,5), que receberam os 30\u00b5g da vacina. Al\u00e9m disso, os efeitos colaterais, segundo o comunicado, foram leves, como dor no local da aplica\u00e7\u00e3o, v\u00f4mito e diarreia.<\/p>\n<p style=\"text-align: justify;\"><strong>Menos transmiss\u00e3o<\/strong><br \/>\nNo total, o estudo pedi\u00e1trico da Pfizer\/BioNTech de fases 1, 2 e 3 inscreveu, at\u00e9 agora, 4,5 mil crian\u00e7as com idade entre 6 meses e 11 anos, vivendo nos Estados Unidos, na Finl\u00e2ndia, na Pol\u00f4nia e na Espanha. O ensaio foi projetado para avaliar a seguran\u00e7a, a tolerabilidade e a imunogenicidade da vacina em um esquema de duas doses (aproximadamente 21 dias de intervalo) em tr\u00eas grupos et\u00e1rios: 5 a 11 anos, 2 a 5 anos, e 6 meses a 2 anos. O estudo envolveu crian\u00e7as com ou sem evid\u00eancia pr\u00e9via de infec\u00e7\u00e3o pelo Sars-CoV-2.<\/p>\n<p style=\"text-align: justify;\">\u201cAs mais jovens adoecem gravemente de Covid-19 e algumas sofrem complica\u00e7\u00f5es severas, embora elas sejam menos propensas a isso do que os adolescentes e adultos\u201d, afirma o infectologista Peter English, ex-editor da revista cient\u00edfica Vacinas na Pr\u00e1tica. Segundo o especialista, com a vacina\u00e7\u00e3o dos pequenos, a sociedade, como um todo, \u00e9 beneficiada, com a redu\u00e7\u00e3o da transmiss\u00e3o do v\u00edrus.<\/p>\n<p style=\"text-align: justify;\">\u201cInicialmente, pensou-se que as crian\u00e7as n\u00e3o eram infecciosas. Agora, sabemos que elas podem transmitir a infec\u00e7\u00e3o, e isso \u00e9 ainda mais importante agora que prevalece a variante delta mais infecciosa\u201d, diz English. De acordo com ele, para obter a imunidade coletiva, pode ser necess\u00e1rio imunizar todas as crian\u00e7as em idade escolar.<\/p>\n<p style=\"text-align: justify;\">O infectologista observa que, diferentemente dos estudos com adultos, esse n\u00e3o teve um grupo placebo. Em vez disso, foram usados, para compara\u00e7\u00e3o, dados da vacina em adolescentes de 16 a 25 anos. A resposta, portanto, foi medida pela concentra\u00e7\u00e3o de anticorpos neutralizantes. \u201cComo as crian\u00e7as s\u00e3o menos propensas a desenvolver doen\u00e7as sintom\u00e1ticas, \u00e9 prov\u00e1vel que seja mais dif\u00edcil, no contexto de um ensaio cl\u00ednico, obter dados robustos sobre a efic\u00e1cia da vacina, pois o n\u00famero de casos, provavelmente, seria pequeno. Podemos ter que aguardar a implementa\u00e7\u00e3o para ver a efic\u00e1cia cl\u00ednica em termos de preven\u00e7\u00e3o de doen\u00e7as graves\u201d, alerta English.<\/p>\n<p style=\"text-align: justify;\"><strong>Detalhes da rea\u00e7\u00e3o imunol\u00f3gica<\/strong><br \/>\nAs vacinas que est\u00e3o sendo administradas a milh\u00f5es de pessoas em todo o mundo s\u00e3o projetadas para pr\u00e9-avisar e armar o sistema imunol\u00f3gico para que, se infectados com Sars-CoV-2, os indiv\u00edduos tenham uma probabilidade significativamente menor de desenvolver doen\u00e7as graves ou morrer. Por\u00e9m outros dois bra\u00e7os cruciais do sistema imunol\u00f3gico \u2014 ou seja, c\u00e9lulas B e c\u00e9lulas T \u2014 tamb\u00e9m desempenham um papel central na luta contra a Covid-19.<\/p>\n<p style=\"text-align: justify;\">Embora a ci\u00eancia tenha uma compreens\u00e3o molecular de como os anticorpos, que s\u00e3o produzidos pelas c\u00e9lulas B, podem se ligar e neutralizar a prote\u00edna spike do Sars-CoV-2, at\u00e9 agora, os pesquisadores n\u00e3o sabiam como os receptores de c\u00e9lulas T (TCRs) reconhecem os ant\u00edgenos que surgem da prote\u00edna viral. Agora, pesquisadores da Universidade de Melbourne, na Austr\u00e1lia, descobriram como isso acontece.<\/p>\n<p style=\"text-align: justify;\">No estudo, liderado por Katherine Kedzierska, professora de Melbourne, e Priyanka Chaurasia, da Universidade de Monash, a equipe analisou o reconhecimento dos receptores das c\u00e9lulas T de um fragmento de prote\u00edna spike quando apresentado por uma mol\u00e9cula imune denominada ant\u00edgeno leucocit\u00e1rio humano A2 (HLA-A2). \u201cEssa \u00e9 uma pe\u00e7a de um quebra-cabe\u00e7a maior. Enquanto o Sars-CoV-2 continua a evoluir, temos que desenvolver nossa compreens\u00e3o de como as respostas imunol\u00f3gicas eficazes funcionam\u201d, disse Jan Petersen, pesquisador de Monash.<\/p>\n<p style=\"text-align: justify;\">De acordo com Kedzierska, a equipe encontrou informa\u00e7\u00f5es moleculares importantes para a compreens\u00e3o de como as c\u00e9lulas T do sistema imunol\u00f3gico humano respondem ao v\u00edrus da Covid-19. \u201cDiferentes indiv\u00edduos desenvolvem diferentes respostas imunol\u00f3gicas ao Sars-CoV-2, e esse trabalho forneceu uma vis\u00e3o fundamental dessa resposta\u201d, afirma. Detalhes do trabalho foram divulgados na revista Journal of Biological Chemistry.<\/p>\n<p style=\"text-align: justify;\">Fonte: Diario de Pernambuco<\/p>\n","protected":false},"excerpt":{"rendered":"<p>Os primeiros resultados sobre efic\u00e1cia e seguran\u00e7a da vacina da Covid-19 para crian\u00e7as de 5 a 11 anos mostram que ela \u00e9 bem tolerada e gera \u201crespostas robustas de anticorpos neutralizantes\u201d. Os dados do estudo de fase 2 com 2.268 volunt\u00e1rios foram anunciados ontem pelo cons\u00f3rcio Pfizer\/BioNTech em um comunicado \u00e0 imprensa e devem ser [&hellip;]<\/p>\n","protected":false},"author":1,"featured_media":61379,"comment_status":"open","ping_status":"open","sticky":false,"template":"","format":"standard","meta":{"ocean_post_layout":"","ocean_both_sidebars_style":"","ocean_both_sidebars_content_width":0,"ocean_both_sidebars_sidebars_width":0,"ocean_sidebar":"","ocean_second_sidebar":"","ocean_disable_margins":"enable","ocean_add_body_class":"","ocean_shortcode_before_top_bar":"","ocean_shortcode_after_top_bar":"","ocean_shortcode_before_header":"","ocean_shortcode_after_header":"","ocean_has_shortcode":"","ocean_shortcode_after_title":"","ocean_shortcode_before_footer_widgets":"","ocean_shortcode_after_footer_widgets":"","ocean_shortcode_before_footer_bottom":"","ocean_shortcode_after_footer_bottom":"","ocean_display_top_bar":"default","ocean_display_header":"default","ocean_header_style":"","ocean_center_header_left_menu":"","ocean_custom_header_template":"","ocean_custom_logo":0,"ocean_custom_retina_logo":0,"ocean_custom_logo_max_width":0,"ocean_custom_logo_tablet_max_width":0,"ocean_custom_logo_mobile_max_width":0,"ocean_custom_logo_max_height":0,"ocean_custom_logo_tablet_max_height":0,"ocean_custom_logo_mobile_max_height":0,"ocean_header_custom_menu":"","ocean_menu_typo_font_family":"","ocean_menu_typo_font_subset":"","ocean_menu_typo_font_size":0,"ocean_menu_typo_font_size_tablet":0,"ocean_menu_typo_font_size_mobile":0,"ocean_menu_typo_font_size_unit":"px","ocean_menu_typo_font_weight":"","ocean_menu_typo_font_weight_tablet":"","ocean_menu_typo_font_weight_mobile":"","ocean_menu_typo_transform":"","ocean_menu_typo_transform_tablet":"","ocean_menu_typo_transform_mobile":"","ocean_menu_typo_line_height":0,"ocean_menu_typo_line_height_tablet":0,"ocean_menu_typo_line_height_mobile":0,"ocean_menu_typo_line_height_unit":"","ocean_menu_typo_spacing":0,"ocean_menu_typo_spacing_tablet":0,"ocean_menu_typo_spacing_mobile":0,"ocean_menu_typo_spacing_unit":"","ocean_menu_link_color":"","ocean_menu_link_color_hover":"","ocean_menu_link_color_active":"","ocean_menu_link_background":"","ocean_menu_link_hover_background":"","ocean_menu_link_active_background":"","ocean_menu_social_links_bg":"","ocean_menu_social_hover_links_bg":"","ocean_menu_social_links_color":"","ocean_menu_social_hover_links_color":"","ocean_disable_title":"default","ocean_disable_heading":"default","ocean_post_title":"","ocean_post_subheading":"","ocean_post_title_style":"","ocean_post_title_background_color":"","ocean_post_title_background":0,"ocean_post_title_bg_image_position":"","ocean_post_title_bg_image_attachment":"","ocean_post_title_bg_image_repeat":"","ocean_post_title_bg_image_size":"","ocean_post_title_height":0,"ocean_post_title_bg_overlay":0.5,"ocean_post_title_bg_overlay_color":"","ocean_disable_breadcrumbs":"default","ocean_breadcrumbs_color":"","ocean_breadcrumbs_separator_color":"","ocean_breadcrumbs_links_color":"","ocean_breadcrumbs_links_hover_color":"","ocean_display_footer_widgets":"default","ocean_display_footer_bottom":"default","ocean_custom_footer_template":"","ocean_post_oembed":"","ocean_post_self_hosted_media":"","ocean_post_video_embed":"","ocean_link_format":"","ocean_link_format_target":"self","ocean_quote_format":"","ocean_quote_format_link":"post","ocean_gallery_link_images":"on","ocean_gallery_id":[]},"categories":[9],"tags":[],"acf":[],"_links":{"self":[{"href":"https:\/\/www.simepe.com.br\/novo\/wp-json\/wp\/v2\/posts\/61378"}],"collection":[{"href":"https:\/\/www.simepe.com.br\/novo\/wp-json\/wp\/v2\/posts"}],"about":[{"href":"https:\/\/www.simepe.com.br\/novo\/wp-json\/wp\/v2\/types\/post"}],"author":[{"embeddable":true,"href":"https:\/\/www.simepe.com.br\/novo\/wp-json\/wp\/v2\/users\/1"}],"replies":[{"embeddable":true,"href":"https:\/\/www.simepe.com.br\/novo\/wp-json\/wp\/v2\/comments?post=61378"}],"version-history":[{"count":1,"href":"https:\/\/www.simepe.com.br\/novo\/wp-json\/wp\/v2\/posts\/61378\/revisions"}],"predecessor-version":[{"id":61380,"href":"https:\/\/www.simepe.com.br\/novo\/wp-json\/wp\/v2\/posts\/61378\/revisions\/61380"}],"wp:featuredmedia":[{"embeddable":true,"href":"https:\/\/www.simepe.com.br\/novo\/wp-json\/wp\/v2\/media\/61379"}],"wp:attachment":[{"href":"https:\/\/www.simepe.com.br\/novo\/wp-json\/wp\/v2\/media?parent=61378"}],"wp:term":[{"taxonomy":"category","embeddable":true,"href":"https:\/\/www.simepe.com.br\/novo\/wp-json\/wp\/v2\/categories?post=61378"},{"taxonomy":"post_tag","embeddable":true,"href":"https:\/\/www.simepe.com.br\/novo\/wp-json\/wp\/v2\/tags?post=61378"}],"curies":[{"name":"wp","href":"https:\/\/api.w.org\/{rel}","templated":true}]}}