{"id":61388,"date":"2021-09-21T10:22:35","date_gmt":"2021-09-21T13:22:35","guid":{"rendered":"https:\/\/www.simepe.com.br\/novo\/?p=61388"},"modified":"2021-09-21T10:22:35","modified_gmt":"2021-09-21T13:22:35","slug":"projeto-de-paulo-camara-quer-exigir-vacinacao-contra-a-covid-19-de-servidores-em-pernambuco","status":"publish","type":"post","link":"https:\/\/www.simepe.com.br\/novo\/projeto-de-paulo-camara-quer-exigir-vacinacao-contra-a-covid-19-de-servidores-em-pernambuco\/","title":{"rendered":"Projeto de Paulo C\u00e2mara quer exigir vacina\u00e7\u00e3o contra a Covid-19 de servidores em Pernambuco"},"content":{"rendered":"<p style=\"text-align: justify;\">Um Projeto de Lei de autoria do governador de Pernambuco, Paulo C\u00e2mara (PSB), pretende tornar obrigat\u00f3ria a vacina\u00e7\u00e3o contra a Covid-19 de servidores contratados por \u00f3rg\u00e3os e poderes do Estado, incluindo militares, tempor\u00e1rios e terceirizados.<\/p>\n<p style=\"text-align: justify;\">De acordo com o texto do projeto n\u00ba 002661\/2021, caso os servidores n\u00e3o comprovem a vacina\u00e7\u00e3o completa contra o coronav\u00edrus, &#8220;ser\u00e3o impedidos de permanecer nos seus locais de trabalho&#8221; e, com isso, receber\u00e3o falta at\u00e9 que a regulariza\u00e7\u00e3o da imuniza\u00e7\u00e3o seja feita e atestada. San\u00e7\u00f5es tamb\u00e9m poder\u00e3o ser aplicadas.<\/p>\n<p style=\"text-align: justify;\">Os servidores que j\u00e1 tomaram a primeira dose do imunizante e aguardam a data para a segunda aplica\u00e7\u00e3o poder\u00e3o continuar trabalhando normalmente, desde que comprovem os prazos entre as doses.<\/p>\n<p style=\"text-align: justify;\">O projeto foi encaminhado pelo governador \u00e0s comiss\u00f5es da Assembleia Legislativa de Pernambuco (Alepe) em regime de urg\u00eancia, na \u00faltima sexta-feira (17), e publicado na edi\u00e7\u00e3o de s\u00e1bado (18) do Di\u00e1rio Oficial da Casa.<\/p>\n<p style=\"text-align: justify;\">O Estado aceitar\u00e1 como comprovante o Certificado Nacional de Vacina\u00e7\u00e3o Covid-19, que pode ser obtido no aplicativo ou na vers\u00e3o web do SUS Conecte Cidad\u00e3o, ou ent\u00e3o a c\u00f3pia da carteira de vacina\u00e7\u00e3o entregue pelo respectivo munic\u00edpio.<\/p>\n<p style=\"text-align: justify;\">Apenas quest\u00f5es ligadas \u00e0 sa\u00fade, desde que devidamente comprovadas por laudo m\u00e9dico, s\u00e3o pass\u00edveis de justa causa para a n\u00e3o vacina\u00e7\u00e3o.<\/p>\n<p style=\"text-align: justify;\">Em mensagem encaminhada aos deputados da Alepe, Paulo C\u00e2mara afirmou que o &#8220;projeto tem por objetivo conter a dissemina\u00e7\u00e3o da Covid-19 e assegurar o adequado funcionamento dos servi\u00e7os de sa\u00fade, de preserva\u00e7\u00e3o da sa\u00fade p\u00fablica, bem como dos servi\u00e7os p\u00fablicos em geral&#8221;.<\/p>\n<p style=\"text-align: justify;\">O governador ainda cita a decis\u00e3o do plen\u00e1rio do Supremo Tribunal Federal (STF) que determina compuls\u00f3ria a vacina\u00e7\u00e3o contra a Covid-19, o que garante a disposi\u00e7\u00e3o legal do projeto apresentado por ele.<\/p>\n<p style=\"text-align: justify;\">&#8220;A proposi\u00e7\u00e3o guarda conson\u00e2ncia com a Constitui\u00e7\u00e3o Federal, que estabelece a preval\u00eancia dos direitos coletivos \u00e0 vida e \u00e0 sa\u00fade sobre eventuais interesses individuais, especialmente no enfrentamento \u00e0s pandemias, como a que ocorre no atual contexto, devendo aos servidores deste Poder proceder, p\u00fablica e particularmente, de forma a dignificar a fun\u00e7\u00e3o p\u00fablica&#8221;, diz a mensagem do governador aos deputados.<\/p>\n<p style=\"text-align: justify;\"><strong>Vota\u00e7\u00f5es na Alepe<\/strong><\/p>\n<p style=\"text-align: justify;\">Para se tornar Lei, o projeto ser\u00e1 primeiramente votado nas Comiss\u00f5es da Alepe. O texto foi encaminhado \u00e0s Comiss\u00f5es de Constitui\u00e7\u00e3o, Legisla\u00e7\u00e3o e Justi\u00e7a; Administra\u00e7\u00e3o P\u00fablica; e Sa\u00fade e Assist\u00eancia Social.<\/p>\n<p style=\"text-align: justify;\">Em reuni\u00e3o ordin\u00e1ria, nesta segunda-feira (20), o texto foi distribu\u00eddo na Comiss\u00e3o de Justi\u00e7a e houve a defini\u00e7\u00e3o da relatoria, que ficar\u00e1 a cargo do deputado Jo\u00e3o Paulo (PCdoB).<\/p>\n<p style=\"text-align: justify;\">Ap\u00f3s as vota\u00e7\u00f5es nas comiss\u00f5es, em car\u00e1ter de urg\u00eancia, o projeto segue para ser votado no plen\u00e1rio da Alepe e, caso aprovado, segue para a Mesa Diretora, que ir\u00e1 devolver o texto a Paulo C\u00e2mara com o que tiver sido decidido pelos parlamentares.<\/p>\n<p style=\"text-align: justify;\">Para o presidente da Comiss\u00e3o de Constitui\u00e7\u00e3o, Legisla\u00e7\u00e3o e Justi\u00e7a, o deputado estadual Waldemar Borges (PSB), a tend\u00eancia \u00e9 que o projeto seja aprovado.<\/p>\n<p style=\"text-align: justify;\">&#8220;A tend\u00eancia \u00e9 ser aprovado porque \u00e9 um consenso hoje dos n\u00e3o negacionistas de que a pessoa que n\u00e3o se vacina n\u00e3o est\u00e1 colocando em risco apenas a vida dele, mas tamb\u00e9m a vida de todos com quem ela interage&#8221;, disse o parlamentar.<\/p>\n<p style=\"text-align: justify;\">Fonte: Folha de Pernambuco<\/p>\n","protected":false},"excerpt":{"rendered":"<p>Um Projeto de Lei de autoria do governador de Pernambuco, Paulo C\u00e2mara (PSB), pretende tornar obrigat\u00f3ria a vacina\u00e7\u00e3o contra a Covid-19 de servidores contratados por \u00f3rg\u00e3os e poderes do Estado, incluindo militares, tempor\u00e1rios e terceirizados. De acordo com o texto do projeto n\u00ba 002661\/2021, caso os servidores n\u00e3o comprovem a vacina\u00e7\u00e3o completa contra o coronav\u00edrus, [&hellip;]<\/p>\n","protected":false},"author":1,"featured_media":0,"comment_status":"open","ping_status":"open","sticky":false,"template":"","format":"standard","meta":{"ocean_post_layout":"","ocean_both_sidebars_style":"","ocean_both_sidebars_content_width":0,"ocean_both_sidebars_sidebars_width":0,"ocean_sidebar":"","ocean_second_sidebar":"","ocean_disable_margins":"enable","ocean_add_body_class":"","ocean_shortcode_before_top_bar":"","ocean_shortcode_after_top_bar":"","ocean_shortcode_before_header":"","ocean_shortcode_after_header":"","ocean_has_shortcode":"","ocean_shortcode_after_title":"","ocean_shortcode_before_footer_widgets":"","ocean_shortcode_after_footer_widgets":"","ocean_shortcode_before_footer_bottom":"","ocean_shortcode_after_footer_bottom":"","ocean_display_top_bar":"default","ocean_display_header":"default","ocean_header_style":"","ocean_center_header_left_menu":"","ocean_custom_header_template":"","ocean_custom_logo":0,"ocean_custom_retina_logo":0,"ocean_custom_logo_max_width":0,"ocean_custom_logo_tablet_max_width":0,"ocean_custom_logo_mobile_max_width":0,"ocean_custom_logo_max_height":0,"ocean_custom_logo_tablet_max_height":0,"ocean_custom_logo_mobile_max_height":0,"ocean_header_custom_menu":"","ocean_menu_typo_font_family":"","ocean_menu_typo_font_subset":"","ocean_menu_typo_font_size":0,"ocean_menu_typo_font_size_tablet":0,"ocean_menu_typo_font_size_mobile":0,"ocean_menu_typo_font_size_unit":"px","ocean_menu_typo_font_weight":"","ocean_menu_typo_font_weight_tablet":"","ocean_menu_typo_font_weight_mobile":"","ocean_menu_typo_transform":"","ocean_menu_typo_transform_tablet":"","ocean_menu_typo_transform_mobile":"","ocean_menu_typo_line_height":0,"ocean_menu_typo_line_height_tablet":0,"ocean_menu_typo_line_height_mobile":0,"ocean_menu_typo_line_height_unit":"","ocean_menu_typo_spacing":0,"ocean_menu_typo_spacing_tablet":0,"ocean_menu_typo_spacing_mobile":0,"ocean_menu_typo_spacing_unit":"","ocean_menu_link_color":"","ocean_menu_link_color_hover":"","ocean_menu_link_color_active":"","ocean_menu_link_background":"","ocean_menu_link_hover_background":"","ocean_menu_link_active_background":"","ocean_menu_social_links_bg":"","ocean_menu_social_hover_links_bg":"","ocean_menu_social_links_color":"","ocean_menu_social_hover_links_color":"","ocean_disable_title":"default","ocean_disable_heading":"default","ocean_post_title":"","ocean_post_subheading":"","ocean_post_title_style":"","ocean_post_title_background_color":"","ocean_post_title_background":0,"ocean_post_title_bg_image_position":"","ocean_post_title_bg_image_attachment":"","ocean_post_title_bg_image_repeat":"","ocean_post_title_bg_image_size":"","ocean_post_title_height":0,"ocean_post_title_bg_overlay":0.5,"ocean_post_title_bg_overlay_color":"","ocean_disable_breadcrumbs":"default","ocean_breadcrumbs_color":"","ocean_breadcrumbs_separator_color":"","ocean_breadcrumbs_links_color":"","ocean_breadcrumbs_links_hover_color":"","ocean_display_footer_widgets":"default","ocean_display_footer_bottom":"default","ocean_custom_footer_template":"","ocean_post_oembed":"","ocean_post_self_hosted_media":"","ocean_post_video_embed":"","ocean_link_format":"","ocean_link_format_target":"self","ocean_quote_format":"","ocean_quote_format_link":"post","ocean_gallery_link_images":"on","ocean_gallery_id":[]},"categories":[9],"tags":[],"acf":[],"_links":{"self":[{"href":"https:\/\/www.simepe.com.br\/novo\/wp-json\/wp\/v2\/posts\/61388"}],"collection":[{"href":"https:\/\/www.simepe.com.br\/novo\/wp-json\/wp\/v2\/posts"}],"about":[{"href":"https:\/\/www.simepe.com.br\/novo\/wp-json\/wp\/v2\/types\/post"}],"author":[{"embeddable":true,"href":"https:\/\/www.simepe.com.br\/novo\/wp-json\/wp\/v2\/users\/1"}],"replies":[{"embeddable":true,"href":"https:\/\/www.simepe.com.br\/novo\/wp-json\/wp\/v2\/comments?post=61388"}],"version-history":[{"count":1,"href":"https:\/\/www.simepe.com.br\/novo\/wp-json\/wp\/v2\/posts\/61388\/revisions"}],"predecessor-version":[{"id":61389,"href":"https:\/\/www.simepe.com.br\/novo\/wp-json\/wp\/v2\/posts\/61388\/revisions\/61389"}],"wp:attachment":[{"href":"https:\/\/www.simepe.com.br\/novo\/wp-json\/wp\/v2\/media?parent=61388"}],"wp:term":[{"taxonomy":"category","embeddable":true,"href":"https:\/\/www.simepe.com.br\/novo\/wp-json\/wp\/v2\/categories?post=61388"},{"taxonomy":"post_tag","embeddable":true,"href":"https:\/\/www.simepe.com.br\/novo\/wp-json\/wp\/v2\/tags?post=61388"}],"curies":[{"name":"wp","href":"https:\/\/api.w.org\/{rel}","templated":true}]}}