{"id":61444,"date":"2021-09-24T12:59:12","date_gmt":"2021-09-24T15:59:12","guid":{"rendered":"https:\/\/www.simepe.com.br\/novo\/?p=61444"},"modified":"2021-09-24T12:59:12","modified_gmt":"2021-09-24T15:59:12","slug":"tcu-quer-mais-transparencia-nos-gastos-em-saude-envolvendo-oss","status":"publish","type":"post","link":"https:\/\/www.simepe.com.br\/novo\/tcu-quer-mais-transparencia-nos-gastos-em-saude-envolvendo-oss\/","title":{"rendered":"TCU quer mais transpar\u00eancia nos gastos em sa\u00fade envolvendo OSs"},"content":{"rendered":"<p style=\"text-align: justify;\">Segundo informa\u00e7\u00f5es divulgadas pelo Tribunal de Contas da Uni\u00e3o \u2013 TCU, nesta ter\u00e7a-feira, 21, os gastos da Uni\u00e3o com a\u00e7\u00f5es e servi\u00e7os p\u00fablicos de sa\u00fade evolu\u00edram de R$ 48,7 bilh\u00f5es em 2008 para R$ 161,54 bilh\u00f5es em 2020. O volume de recursos da \u00e1rea de sa\u00fade transferidos aos entes subnacionais \u00e9 vultoso e tem baixa rastreabilidade, principalmente quando sub-repassados a entidades do terceiro setor.<\/p>\n<p style=\"text-align: justify;\">Apesar da expressividade do or\u00e7amento destinado a a\u00e7\u00f5es e servi\u00e7os p\u00fablicos de sa\u00fade, o TCU informou que s\u00e3o prec\u00e1rias as informa\u00e7\u00f5es sobre a aplica\u00e7\u00e3o de recursos federais pelos entes subnacionais na rede pr\u00f3pria, contratada e conveniada. Como mostra o Relat\u00f3rio Anual de Gest\u00e3o do SUS de 2018, onde apenas 74,07% dos estados e 79,15% dos munic\u00edpios declararam os dados relativos no Sistema de Informa\u00e7\u00e3o sobre Or\u00e7amento P\u00fablico em Sa\u00fade (Siops), em viola\u00e7\u00e3o \u00e0 Lei Complementar 141\/2012.<\/p>\n<p style=\"text-align: justify;\">Para o TCU \u00e9 necess\u00e1rio o aperfei\u00e7oamento dos mecanismos de transpar\u00eancia e visibilidade do gasto federal com a implementa\u00e7\u00e3o de pol\u00edticas p\u00fablicas, assim como a regulamenta\u00e7\u00e3o de identifica\u00e7\u00e3o na destina\u00e7\u00e3o dos recursos repassados aos Fundos de Sa\u00fade dos Estados, do Distrito Federal e dos Munic\u00edpios. Pois estes s\u00e3o os respons\u00e1veis pela integral operacionaliza\u00e7\u00e3o e consequente divulga\u00e7\u00e3o dos dados de transpar\u00eancia dos recursos vinculados \u00e0 Uni\u00e3o e sub-repassados a organiza\u00e7\u00f5es sociais e entidades cong\u00eaneres. Devendo a eles seguir as normas gerais para o registro cont\u00e1bil das despesas, que ser\u00e3o editadas pela Secretaria do Tesouro Nacional.<\/p>\n<p style=\"text-align: justify;\"><strong>TAC<\/strong><br \/>\nEm Santar\u00e9m, um Termo de Ajustamento de Conduta, assinado pela prefeitura e o Minist\u00e9rio P\u00fablico do Estado do Par\u00e1, estabelece que os contratos de gest\u00e3o com Organiza\u00e7\u00f5es Sociais no munic\u00edpio devem exigir a cria\u00e7\u00e3o de um Portal de publicidade oficial, onde os usu\u00e1rios possam ter f\u00e1cil acesso aos dados referentes a administra\u00e7\u00e3o da organiza\u00e7\u00e3o, seu procedimento de contrata\u00e7\u00e3o, ao contrato de gest\u00e3o, nomes e sal\u00e1rios de pessoas f\u00edsicas e jur\u00eddicas contratadas pela OS, entre outros.<\/p>\n<p style=\"text-align: justify;\">O documento prev\u00ea ainda que o Portal seja atualizado em tempo real, de acordo com as a\u00e7\u00f5es realizadas para execu\u00e7\u00e3o contratual e estabelece o per\u00edodo de 10 dias \u00fateis, a contar da assinatura do Contrato de Gest\u00e3o, para cria\u00e7\u00e3o do Portal de Transpar\u00eancia. Caso a Organiza\u00e7\u00e3o Social contratada n\u00e3o cumpra a cl\u00e1usula, ser\u00e3o adotadas medidas necess\u00e1rias pela prefeitura e a secretaria de sa\u00fade do munic\u00edpio, respons\u00e1veis pela fiscaliza\u00e7\u00e3o e manuten\u00e7\u00e3o do procedimento.<\/p>\n<p style=\"text-align: justify;\">O Sindmepa defende que o TAC seja expandido aos demais munic\u00edpios e que seja criado o Portal da Transpar\u00eancia a todas as OSs respons\u00e1veis por unidades de sa\u00fade no Estado. A transpar\u00eancia nos gastos dos recursos p\u00fablicos para sa\u00fade pode garantir mais dignidade aos profissionais e \u00e0 popula\u00e7\u00e3o, pois evitaria o esc\u00e2ndalo das Organiza\u00e7\u00f5es Sociais no Par\u00e1, que desviaram mais de R$ 500 milh\u00f5es de recursos da sa\u00fade no estado, incluindo os hospitais de campanha de Bel\u00e9m, Santar\u00e9m e outras cidades no interior do estado.<\/p>\n<p style=\"text-align: justify;\"><em>Com informa\u00e7\u00f5es de Portal TCU<\/em><\/p>\n<p style=\"text-align: justify;\">Fonte: Sindicato dos M\u00e9dicos do Par\u00e1 (Sindmepa)<\/p>\n","protected":false},"excerpt":{"rendered":"<p>Segundo informa\u00e7\u00f5es divulgadas pelo Tribunal de Contas da Uni\u00e3o \u2013 TCU, nesta ter\u00e7a-feira, 21, os gastos da Uni\u00e3o com a\u00e7\u00f5es e servi\u00e7os p\u00fablicos de sa\u00fade evolu\u00edram de R$ 48,7 bilh\u00f5es em 2008 para R$ 161,54 bilh\u00f5es em 2020. O volume de recursos da \u00e1rea de sa\u00fade transferidos aos entes subnacionais \u00e9 vultoso e tem baixa [&hellip;]<\/p>\n","protected":false},"author":1,"featured_media":61445,"comment_status":"open","ping_status":"open","sticky":false,"template":"","format":"standard","meta":{"ocean_post_layout":"","ocean_both_sidebars_style":"","ocean_both_sidebars_content_width":0,"ocean_both_sidebars_sidebars_width":0,"ocean_sidebar":"","ocean_second_sidebar":"","ocean_disable_margins":"enable","ocean_add_body_class":"","ocean_shortcode_before_top_bar":"","ocean_shortcode_after_top_bar":"","ocean_shortcode_before_header":"","ocean_shortcode_after_header":"","ocean_has_shortcode":"","ocean_shortcode_after_title":"","ocean_shortcode_before_footer_widgets":"","ocean_shortcode_after_footer_widgets":"","ocean_shortcode_before_footer_bottom":"","ocean_shortcode_after_footer_bottom":"","ocean_display_top_bar":"default","ocean_display_header":"default","ocean_header_style":"","ocean_center_header_left_menu":"","ocean_custom_header_template":"","ocean_custom_logo":0,"ocean_custom_retina_logo":0,"ocean_custom_logo_max_width":0,"ocean_custom_logo_tablet_max_width":0,"ocean_custom_logo_mobile_max_width":0,"ocean_custom_logo_max_height":0,"ocean_custom_logo_tablet_max_height":0,"ocean_custom_logo_mobile_max_height":0,"ocean_header_custom_menu":"","ocean_menu_typo_font_family":"","ocean_menu_typo_font_subset":"","ocean_menu_typo_font_size":0,"ocean_menu_typo_font_size_tablet":0,"ocean_menu_typo_font_size_mobile":0,"ocean_menu_typo_font_size_unit":"px","ocean_menu_typo_font_weight":"","ocean_menu_typo_font_weight_tablet":"","ocean_menu_typo_font_weight_mobile":"","ocean_menu_typo_transform":"","ocean_menu_typo_transform_tablet":"","ocean_menu_typo_transform_mobile":"","ocean_menu_typo_line_height":0,"ocean_menu_typo_line_height_tablet":0,"ocean_menu_typo_line_height_mobile":0,"ocean_menu_typo_line_height_unit":"","ocean_menu_typo_spacing":0,"ocean_menu_typo_spacing_tablet":0,"ocean_menu_typo_spacing_mobile":0,"ocean_menu_typo_spacing_unit":"","ocean_menu_link_color":"","ocean_menu_link_color_hover":"","ocean_menu_link_color_active":"","ocean_menu_link_background":"","ocean_menu_link_hover_background":"","ocean_menu_link_active_background":"","ocean_menu_social_links_bg":"","ocean_menu_social_hover_links_bg":"","ocean_menu_social_links_color":"","ocean_menu_social_hover_links_color":"","ocean_disable_title":"default","ocean_disable_heading":"default","ocean_post_title":"","ocean_post_subheading":"","ocean_post_title_style":"","ocean_post_title_background_color":"","ocean_post_title_background":0,"ocean_post_title_bg_image_position":"","ocean_post_title_bg_image_attachment":"","ocean_post_title_bg_image_repeat":"","ocean_post_title_bg_image_size":"","ocean_post_title_height":0,"ocean_post_title_bg_overlay":0.5,"ocean_post_title_bg_overlay_color":"","ocean_disable_breadcrumbs":"default","ocean_breadcrumbs_color":"","ocean_breadcrumbs_separator_color":"","ocean_breadcrumbs_links_color":"","ocean_breadcrumbs_links_hover_color":"","ocean_display_footer_widgets":"default","ocean_display_footer_bottom":"default","ocean_custom_footer_template":"","ocean_post_oembed":"","ocean_post_self_hosted_media":"","ocean_post_video_embed":"","ocean_link_format":"","ocean_link_format_target":"self","ocean_quote_format":"","ocean_quote_format_link":"post","ocean_gallery_link_images":"on","ocean_gallery_id":[]},"categories":[1],"tags":[],"acf":[],"_links":{"self":[{"href":"https:\/\/www.simepe.com.br\/novo\/wp-json\/wp\/v2\/posts\/61444"}],"collection":[{"href":"https:\/\/www.simepe.com.br\/novo\/wp-json\/wp\/v2\/posts"}],"about":[{"href":"https:\/\/www.simepe.com.br\/novo\/wp-json\/wp\/v2\/types\/post"}],"author":[{"embeddable":true,"href":"https:\/\/www.simepe.com.br\/novo\/wp-json\/wp\/v2\/users\/1"}],"replies":[{"embeddable":true,"href":"https:\/\/www.simepe.com.br\/novo\/wp-json\/wp\/v2\/comments?post=61444"}],"version-history":[{"count":1,"href":"https:\/\/www.simepe.com.br\/novo\/wp-json\/wp\/v2\/posts\/61444\/revisions"}],"predecessor-version":[{"id":61446,"href":"https:\/\/www.simepe.com.br\/novo\/wp-json\/wp\/v2\/posts\/61444\/revisions\/61446"}],"wp:featuredmedia":[{"embeddable":true,"href":"https:\/\/www.simepe.com.br\/novo\/wp-json\/wp\/v2\/media\/61445"}],"wp:attachment":[{"href":"https:\/\/www.simepe.com.br\/novo\/wp-json\/wp\/v2\/media?parent=61444"}],"wp:term":[{"taxonomy":"category","embeddable":true,"href":"https:\/\/www.simepe.com.br\/novo\/wp-json\/wp\/v2\/categories?post=61444"},{"taxonomy":"post_tag","embeddable":true,"href":"https:\/\/www.simepe.com.br\/novo\/wp-json\/wp\/v2\/tags?post=61444"}],"curies":[{"name":"wp","href":"https:\/\/api.w.org\/{rel}","templated":true}]}}