{"id":61472,"date":"2021-09-27T11:34:28","date_gmt":"2021-09-27T14:34:28","guid":{"rendered":"https:\/\/www.simepe.com.br\/novo\/?p=61472"},"modified":"2021-09-27T11:34:29","modified_gmt":"2021-09-27T14:34:29","slug":"pernambuco-totaliza-619-048-casos-da-covid-19-e-19-693-mortes-apos-confirmar-mais-205-infectados-e-dez-obitos","status":"publish","type":"post","link":"https:\/\/www.simepe.com.br\/novo\/pernambuco-totaliza-619-048-casos-da-covid-19-e-19-693-mortes-apos-confirmar-mais-205-infectados-e-dez-obitos\/","title":{"rendered":"Pernambuco totaliza 619.048 casos da Covid-19 e 19.693 mortes ap\u00f3s confirmar mais 205 infectados e dez \u00f3bitos"},"content":{"rendered":"<p><em>Estado contabilizou, entre mar\u00e7o de 2020 e este domingo (26), 53.917 pacientes com casos graves e 565.131 pessoas com formas leves da doen\u00e7a provocada pelo novo coronav\u00edrus.<\/em><\/p>\n<p>A confirma\u00e7\u00e3o, neste domingo (26), de mais 205 casos da <a href=\"https:\/\/g1.globo.com\/saude\/coronavirus\/\">Covid-19<\/a> e dez \u00f3bitos provocados por essa infec\u00e7\u00e3o em Pernambuco levou o estado a totalizar 619.048 infectados pelo novo coronav\u00edrus e 19.693 mortes devido \u00e0 doen\u00e7a. Os registros da pandemia <a href=\"https:\/\/g1.globo.com\/pe\/pernambuco\/noticia\/2020\/03\/12\/primeiros-casos-de-coronavirus-sao-confirmados-pela-secretaria-de-saude-de-pernambuco.ghtml\">come\u00e7aram a ser feitos em mar\u00e7o de 2020<\/a>.<\/p>\n<div class=\"mc-column content-text active-extra-styles \">\n<p class=\"content-text__container \">Segundo a Secretaria Estadual de Sa\u00fade (SES), os novos registros incluem 16 (8%) diagn\u00f3sticos de S\u00edndrome Respirat\u00f3ria Aguda Grave (Srag) e 189 (92%) pacientes com quadros leves da Covid-19. Ao todo, Pernambuco contabilizou 53.917 casos graves e 565.131 pessoas com a forma leve da doen\u00e7a.<\/p>\n<\/div>\n<div class=\"mc-column content-text active-extra-styles \">\n<p class=\"content-text__container \">O estado registrou um total de 556.332 recuperados da Covid-19. Entre eles, est\u00e3o 32.692 pacientes que tiveram casos graves da doen\u00e7a e precisaram de internamento hospitalar, al\u00e9m de 523.640 pessoas que apresentaram quadros leves da doen\u00e7a.<\/p>\n<\/div>\n<div class=\"mc-column content-text active-extra-styles\">\n<div class=\"content-intertitle\">\n<h2>Mortes<\/h2>\n<\/div>\n<\/div>\n<div class=\"mc-column content-text active-extra-styles \">\n<p class=\"content-text__container \">Com rela\u00e7\u00e3o aos novos dez \u00f3bitos, eles aconteceram entre o dia 30 de mar\u00e7o de 2021 e a sexta-feira (24). As v\u00edtimas foram quatro homens e seis mulheres, com idade entre 43 e 100 anos, nas seguintes faixas et\u00e1rias: 40 a 49 (1), 50 a 59 (2), 60 a 69 (2), 70 a 79 (3) e 80 e mais (2).<\/p>\n<div class=\"mc-column content-text active-extra-styles \">\n<p class=\"content-text__container \">Esses pacientes que faleceram moravam nas cidades de <a href=\"https:\/\/g1.globo.com\/pe\/pernambuco\/cidade\/alianca\/\">Alian\u00e7a<\/a> (1), <a href=\"https:\/\/g1.globo.com\/pe\/caruaru-regiao\/cidade\/brejo-da-madre-de-deus\/\">Brejo da Madre de Deus<\/a> (1), <a href=\"https:\/\/g1.globo.com\/pe\/pernambuco\/cidade\/camaragibe\/\">Camaragibe<\/a> (1), <a href=\"https:\/\/g1.globo.com\/pe\/pernambuco\/cidade\/goiana-pe\/\">Goiana<\/a> (3), <a href=\"https:\/\/g1.globo.com\/pe\/pernambuco\/cidade\/itamaraca\/\">Ilha de Itamarac\u00e1<\/a> (1) e <a href=\"https:\/\/g1.globo.com\/pe\/pernambuco\/cidade\/recife\/\">Recife<\/a> (3).<\/p>\n<\/div>\n<div class=\"mc-column content-text active-extra-styles \">\n<p class=\"content-text__container \">Entre eles, oito tinham doen\u00e7as preexistentes: doen\u00e7a cardiovascular (7), hipertens\u00e3o (4), diabetes (4), obesidade (4) e doen\u00e7a de Alzheimer (2). A SES informou que um paciente pode ter mais de uma comorbidade e que dois casos seguem em investiga\u00e7\u00e3o.<\/p>\n<\/div>\n<div class=\"mc-column content-text active-extra-styles\">\n<div class=\"content-intertitle\">\n<h2>Ocupa\u00e7\u00e3o de leitos<\/h2>\n<\/div>\n<\/div>\n<div class=\"mc-column content-text active-extra-styles \">\n<p class=\"content-text__container \">A taxa de ocupa\u00e7\u00e3o m\u00e9dia dos 1.843 leitos da rede p\u00fablica, neste domingo (26), era de 38%. Entre os 948 leitos de UTI, 42% estavam com pacientes. Com rela\u00e7\u00e3o aos 895 leitos de enfermaria, a taxa de ocupa\u00e7\u00e3o era de 33%.<\/p>\n<\/div>\n<div class=\"mc-column content-text active-extra-styles \">\n<p class=\"content-text__container \">Na rede privada, 48% dos 167 leitos de UTI estavam ocupados e 26% dos 126 leitos de enfermaria tinham pacientes. A taxa global de ocupa\u00e7\u00e3o dos 293 leitos era de 39%.<\/p>\n<div class=\"mc-column content-text active-extra-styles\">\n<div class=\"content-intertitle\">\n<h2>Testes<\/h2>\n<\/div>\n<\/div>\n<div class=\"mc-column content-text active-extra-styles \">\n<p class=\"content-text__container \">Desde mar\u00e7o de 2020 at\u00e9 este domingo (26), Pernambuco realizou 2.432.489 testes para detectar a Covid-19.<\/p>\n<\/div>\n<div class=\"mc-column content-text active-extra-styles\">\n<div class=\"content-intertitle\">\n<h2>Vacina\u00e7\u00e3o<\/h2>\n<\/div>\n<\/div>\n<div class=\"mc-column content-text active-extra-styles \">\n<p class=\"content-text__container \">Entre <a href=\"https:\/\/g1.globo.com\/pe\/pernambuco\/noticia\/2021\/01\/18\/e-um-momento-historico-para-mim-e-para-todos-diz-tecnica-de-enfermagem-que-recebeu-a-primeira-dose-da-vacina-em-pernambuco.ghtml\">o dia 18 de janeiro de 2021<\/a> e este domingo (26), foram aplicadas 9.701.242 doses de vacinas contra a Covid-19 em Pernambuco, sendo 6.317.926 primeiras aplica\u00e7\u00f5es.<\/p>\n<\/div>\n<div class=\"mc-column content-text active-extra-styles \">\n<p class=\"content-text__container \">Ao todo, 3.374.087 moradores do estado completaram a imuniza\u00e7\u00e3o, sendo 3.201.096 pessoas que foram vacinadas com imunizantes aplicados em duas doses e outras 172.991 que foram contempladas com vacina aplicada em dose \u00fanica. Em rela\u00e7\u00e3o \u00e0s doses de refor\u00e7os, foram 9.229 aplica\u00e7\u00f5es.<\/p>\n<p class=\"content-text__container \">Fonte: G1<\/p>\n<\/div>\n<\/div>\n<\/div>\n","protected":false},"excerpt":{"rendered":"<p>Estado contabilizou, entre mar\u00e7o de 2020 e este domingo (26), 53.917 pacientes com casos graves e 565.131 pessoas com formas leves da doen\u00e7a provocada pelo novo coronav\u00edrus. A confirma\u00e7\u00e3o, neste domingo (26), de mais 205 casos da Covid-19 e dez \u00f3bitos provocados por essa infec\u00e7\u00e3o em Pernambuco levou o estado a totalizar 619.048 infectados pelo [&hellip;]<\/p>\n","protected":false},"author":1,"featured_media":0,"comment_status":"open","ping_status":"open","sticky":false,"template":"","format":"standard","meta":{"ocean_post_layout":"","ocean_both_sidebars_style":"","ocean_both_sidebars_content_width":0,"ocean_both_sidebars_sidebars_width":0,"ocean_sidebar":"","ocean_second_sidebar":"","ocean_disable_margins":"enable","ocean_add_body_class":"","ocean_shortcode_before_top_bar":"","ocean_shortcode_after_top_bar":"","ocean_shortcode_before_header":"","ocean_shortcode_after_header":"","ocean_has_shortcode":"","ocean_shortcode_after_title":"","ocean_shortcode_before_footer_widgets":"","ocean_shortcode_after_footer_widgets":"","ocean_shortcode_before_footer_bottom":"","ocean_shortcode_after_footer_bottom":"","ocean_display_top_bar":"default","ocean_display_header":"default","ocean_header_style":"","ocean_center_header_left_menu":"","ocean_custom_header_template":"","ocean_custom_logo":0,"ocean_custom_retina_logo":0,"ocean_custom_logo_max_width":0,"ocean_custom_logo_tablet_max_width":0,"ocean_custom_logo_mobile_max_width":0,"ocean_custom_logo_max_height":0,"ocean_custom_logo_tablet_max_height":0,"ocean_custom_logo_mobile_max_height":0,"ocean_header_custom_menu":"","ocean_menu_typo_font_family":"","ocean_menu_typo_font_subset":"","ocean_menu_typo_font_size":0,"ocean_menu_typo_font_size_tablet":0,"ocean_menu_typo_font_size_mobile":0,"ocean_menu_typo_font_size_unit":"px","ocean_menu_typo_font_weight":"","ocean_menu_typo_font_weight_tablet":"","ocean_menu_typo_font_weight_mobile":"","ocean_menu_typo_transform":"","ocean_menu_typo_transform_tablet":"","ocean_menu_typo_transform_mobile":"","ocean_menu_typo_line_height":0,"ocean_menu_typo_line_height_tablet":0,"ocean_menu_typo_line_height_mobile":0,"ocean_menu_typo_line_height_unit":"","ocean_menu_typo_spacing":0,"ocean_menu_typo_spacing_tablet":0,"ocean_menu_typo_spacing_mobile":0,"ocean_menu_typo_spacing_unit":"","ocean_menu_link_color":"","ocean_menu_link_color_hover":"","ocean_menu_link_color_active":"","ocean_menu_link_background":"","ocean_menu_link_hover_background":"","ocean_menu_link_active_background":"","ocean_menu_social_links_bg":"","ocean_menu_social_hover_links_bg":"","ocean_menu_social_links_color":"","ocean_menu_social_hover_links_color":"","ocean_disable_title":"default","ocean_disable_heading":"default","ocean_post_title":"","ocean_post_subheading":"","ocean_post_title_style":"","ocean_post_title_background_color":"","ocean_post_title_background":0,"ocean_post_title_bg_image_position":"","ocean_post_title_bg_image_attachment":"","ocean_post_title_bg_image_repeat":"","ocean_post_title_bg_image_size":"","ocean_post_title_height":0,"ocean_post_title_bg_overlay":0.5,"ocean_post_title_bg_overlay_color":"","ocean_disable_breadcrumbs":"default","ocean_breadcrumbs_color":"","ocean_breadcrumbs_separator_color":"","ocean_breadcrumbs_links_color":"","ocean_breadcrumbs_links_hover_color":"","ocean_display_footer_widgets":"default","ocean_display_footer_bottom":"default","ocean_custom_footer_template":"","ocean_post_oembed":"","ocean_post_self_hosted_media":"","ocean_post_video_embed":"","ocean_link_format":"","ocean_link_format_target":"self","ocean_quote_format":"","ocean_quote_format_link":"post","ocean_gallery_link_images":"on","ocean_gallery_id":[]},"categories":[9],"tags":[],"acf":[],"_links":{"self":[{"href":"https:\/\/www.simepe.com.br\/novo\/wp-json\/wp\/v2\/posts\/61472"}],"collection":[{"href":"https:\/\/www.simepe.com.br\/novo\/wp-json\/wp\/v2\/posts"}],"about":[{"href":"https:\/\/www.simepe.com.br\/novo\/wp-json\/wp\/v2\/types\/post"}],"author":[{"embeddable":true,"href":"https:\/\/www.simepe.com.br\/novo\/wp-json\/wp\/v2\/users\/1"}],"replies":[{"embeddable":true,"href":"https:\/\/www.simepe.com.br\/novo\/wp-json\/wp\/v2\/comments?post=61472"}],"version-history":[{"count":1,"href":"https:\/\/www.simepe.com.br\/novo\/wp-json\/wp\/v2\/posts\/61472\/revisions"}],"predecessor-version":[{"id":61473,"href":"https:\/\/www.simepe.com.br\/novo\/wp-json\/wp\/v2\/posts\/61472\/revisions\/61473"}],"wp:attachment":[{"href":"https:\/\/www.simepe.com.br\/novo\/wp-json\/wp\/v2\/media?parent=61472"}],"wp:term":[{"taxonomy":"category","embeddable":true,"href":"https:\/\/www.simepe.com.br\/novo\/wp-json\/wp\/v2\/categories?post=61472"},{"taxonomy":"post_tag","embeddable":true,"href":"https:\/\/www.simepe.com.br\/novo\/wp-json\/wp\/v2\/tags?post=61472"}],"curies":[{"name":"wp","href":"https:\/\/api.w.org\/{rel}","templated":true}]}}