{"id":61500,"date":"2021-09-29T12:56:04","date_gmt":"2021-09-29T15:56:04","guid":{"rendered":"https:\/\/www.simepe.com.br\/novo\/?p=61500"},"modified":"2021-09-29T12:56:04","modified_gmt":"2021-09-29T15:56:04","slug":"medicos-apoiam-dose-de-reforco-em-profissionais-de-saude","status":"publish","type":"post","link":"https:\/\/www.simepe.com.br\/novo\/medicos-apoiam-dose-de-reforco-em-profissionais-de-saude\/","title":{"rendered":"M\u00e9dicos apoiam dose de refor\u00e7o em profissionais de sa\u00fade"},"content":{"rendered":"<p style=\"text-align: justify;\">O Governo Federal anunciou na \u00faltima sexta-feira, 24, que os profissionais de sa\u00fade foram inclu\u00eddos no grupo de pessoas que receber\u00e3o a dose de refor\u00e7o da vacina contra a covid-19. Segundo o comunicado, a aplica\u00e7\u00e3o deve ser realizada a partir de seis meses da imuniza\u00e7\u00e3o completa dessas pessoas. Para o Sindmepa a nova dose da vacina representa mais seguran\u00e7a \u00e0 categoria.<\/p>\n<p style=\"text-align: justify;\">\u201cA oportunidade da 3\u00b0 dose de vacina contra Covid em profissionais da sa\u00fade vem no momento certo, considerando que estes profissionais s\u00e3o uns dos mais expostos ao cont\u00e1gio, em fun\u00e7\u00e3o da especificidade do exerc\u00edcio da profiss\u00e3o. Ao mesmo tempo que n\u00e3o temos encontrado a imunidade pretendida em muitos dos profissionais vacinados, o que tem deixado muitos deles preocupados com a sua pr\u00f3pria seguran\u00e7a e de suas fam\u00edlias\u201d, frisa o diretor, Wilson Machado.<\/p>\n<p style=\"text-align: justify;\">A m\u00e9dica infectologista e representante da Sociedade Brasileira de Imuniza\u00e7\u00e3o \u2013 Par\u00e1, T\u00e2nia Chaves explica que a dose de refor\u00e7o age como um est\u00edmulo ao sistema imune para produzir as c\u00e9lulas de defesa, que s\u00e3o os anticorpos, de forma eficaz para evitar as formas graves e letais da doen\u00e7a.<\/p>\n<p style=\"text-align: justify;\">\u201cEstudos t\u00eam mostrado que h\u00e1 queda de anticorpos, tanto os produzidos a partir da Covid-19 como a partir da vacina\u00e7\u00e3o. Em geral, h\u00e1 uma queda de anticorpos entre seis a nove meses. Esta evid\u00eancia baliza as doses de refor\u00e7o ou adicional para melhor resposta do sistema imune\u201d, acrescenta a m\u00e9dica.<\/p>\n<p style=\"text-align: justify;\">Entre as pessoas que receber\u00e3o o refor\u00e7o, ainda est\u00e3o idosos acima dos 70 anos e imunossuprimidos: pessoas transplantadas, com c\u00e2ncer e outros tipos de doen\u00e7as graves. Segundo o Minist\u00e9rio da Sa\u00fade, a nova etapa da imuniza\u00e7\u00e3o deve ser realizada preferencialmente com a vacina da Pfizer.<\/p>\n<p style=\"text-align: justify;\">Fonte: Sindicato dos M\u00e9dicos do Par\u00e1 (Sindmepa)<\/p>\n","protected":false},"excerpt":{"rendered":"<p>O Governo Federal anunciou na \u00faltima sexta-feira, 24, que os profissionais de sa\u00fade foram inclu\u00eddos no grupo de pessoas que receber\u00e3o a dose de refor\u00e7o da vacina contra a covid-19. Segundo o comunicado, a aplica\u00e7\u00e3o deve ser realizada a partir de seis meses da imuniza\u00e7\u00e3o completa dessas pessoas. Para o Sindmepa a nova dose da [&hellip;]<\/p>\n","protected":false},"author":1,"featured_media":61501,"comment_status":"open","ping_status":"open","sticky":false,"template":"","format":"standard","meta":{"ocean_post_layout":"","ocean_both_sidebars_style":"","ocean_both_sidebars_content_width":0,"ocean_both_sidebars_sidebars_width":0,"ocean_sidebar":"","ocean_second_sidebar":"","ocean_disable_margins":"enable","ocean_add_body_class":"","ocean_shortcode_before_top_bar":"","ocean_shortcode_after_top_bar":"","ocean_shortcode_before_header":"","ocean_shortcode_after_header":"","ocean_has_shortcode":"","ocean_shortcode_after_title":"","ocean_shortcode_before_footer_widgets":"","ocean_shortcode_after_footer_widgets":"","ocean_shortcode_before_footer_bottom":"","ocean_shortcode_after_footer_bottom":"","ocean_display_top_bar":"default","ocean_display_header":"default","ocean_header_style":"","ocean_center_header_left_menu":"","ocean_custom_header_template":"","ocean_custom_logo":0,"ocean_custom_retina_logo":0,"ocean_custom_logo_max_width":0,"ocean_custom_logo_tablet_max_width":0,"ocean_custom_logo_mobile_max_width":0,"ocean_custom_logo_max_height":0,"ocean_custom_logo_tablet_max_height":0,"ocean_custom_logo_mobile_max_height":0,"ocean_header_custom_menu":"","ocean_menu_typo_font_family":"","ocean_menu_typo_font_subset":"","ocean_menu_typo_font_size":0,"ocean_menu_typo_font_size_tablet":0,"ocean_menu_typo_font_size_mobile":0,"ocean_menu_typo_font_size_unit":"px","ocean_menu_typo_font_weight":"","ocean_menu_typo_font_weight_tablet":"","ocean_menu_typo_font_weight_mobile":"","ocean_menu_typo_transform":"","ocean_menu_typo_transform_tablet":"","ocean_menu_typo_transform_mobile":"","ocean_menu_typo_line_height":0,"ocean_menu_typo_line_height_tablet":0,"ocean_menu_typo_line_height_mobile":0,"ocean_menu_typo_line_height_unit":"","ocean_menu_typo_spacing":0,"ocean_menu_typo_spacing_tablet":0,"ocean_menu_typo_spacing_mobile":0,"ocean_menu_typo_spacing_unit":"","ocean_menu_link_color":"","ocean_menu_link_color_hover":"","ocean_menu_link_color_active":"","ocean_menu_link_background":"","ocean_menu_link_hover_background":"","ocean_menu_link_active_background":"","ocean_menu_social_links_bg":"","ocean_menu_social_hover_links_bg":"","ocean_menu_social_links_color":"","ocean_menu_social_hover_links_color":"","ocean_disable_title":"default","ocean_disable_heading":"default","ocean_post_title":"","ocean_post_subheading":"","ocean_post_title_style":"","ocean_post_title_background_color":"","ocean_post_title_background":0,"ocean_post_title_bg_image_position":"","ocean_post_title_bg_image_attachment":"","ocean_post_title_bg_image_repeat":"","ocean_post_title_bg_image_size":"","ocean_post_title_height":0,"ocean_post_title_bg_overlay":0.5,"ocean_post_title_bg_overlay_color":"","ocean_disable_breadcrumbs":"default","ocean_breadcrumbs_color":"","ocean_breadcrumbs_separator_color":"","ocean_breadcrumbs_links_color":"","ocean_breadcrumbs_links_hover_color":"","ocean_display_footer_widgets":"default","ocean_display_footer_bottom":"default","ocean_custom_footer_template":"","ocean_post_oembed":"","ocean_post_self_hosted_media":"","ocean_post_video_embed":"","ocean_link_format":"","ocean_link_format_target":"self","ocean_quote_format":"","ocean_quote_format_link":"post","ocean_gallery_link_images":"on","ocean_gallery_id":[]},"categories":[1],"tags":[],"acf":[],"_links":{"self":[{"href":"https:\/\/www.simepe.com.br\/novo\/wp-json\/wp\/v2\/posts\/61500"}],"collection":[{"href":"https:\/\/www.simepe.com.br\/novo\/wp-json\/wp\/v2\/posts"}],"about":[{"href":"https:\/\/www.simepe.com.br\/novo\/wp-json\/wp\/v2\/types\/post"}],"author":[{"embeddable":true,"href":"https:\/\/www.simepe.com.br\/novo\/wp-json\/wp\/v2\/users\/1"}],"replies":[{"embeddable":true,"href":"https:\/\/www.simepe.com.br\/novo\/wp-json\/wp\/v2\/comments?post=61500"}],"version-history":[{"count":1,"href":"https:\/\/www.simepe.com.br\/novo\/wp-json\/wp\/v2\/posts\/61500\/revisions"}],"predecessor-version":[{"id":61502,"href":"https:\/\/www.simepe.com.br\/novo\/wp-json\/wp\/v2\/posts\/61500\/revisions\/61502"}],"wp:featuredmedia":[{"embeddable":true,"href":"https:\/\/www.simepe.com.br\/novo\/wp-json\/wp\/v2\/media\/61501"}],"wp:attachment":[{"href":"https:\/\/www.simepe.com.br\/novo\/wp-json\/wp\/v2\/media?parent=61500"}],"wp:term":[{"taxonomy":"category","embeddable":true,"href":"https:\/\/www.simepe.com.br\/novo\/wp-json\/wp\/v2\/categories?post=61500"},{"taxonomy":"post_tag","embeddable":true,"href":"https:\/\/www.simepe.com.br\/novo\/wp-json\/wp\/v2\/tags?post=61500"}],"curies":[{"name":"wp","href":"https:\/\/api.w.org\/{rel}","templated":true}]}}