{"id":61503,"date":"2021-09-29T13:03:09","date_gmt":"2021-09-29T16:03:09","guid":{"rendered":"https:\/\/www.simepe.com.br\/novo\/?p=61503"},"modified":"2021-09-29T13:03:09","modified_gmt":"2021-09-29T16:03:09","slug":"com-a-maior-campanha-de-vacinacao-da-historia-governo-federal-amplia-dose-de-reforco-para-idosos-acima-de-60-anos","status":"publish","type":"post","link":"https:\/\/www.simepe.com.br\/novo\/com-a-maior-campanha-de-vacinacao-da-historia-governo-federal-amplia-dose-de-reforco-para-idosos-acima-de-60-anos\/","title":{"rendered":"Com a maior campanha de vacina\u00e7\u00e3o da hist\u00f3ria, Governo Federal amplia dose de refor\u00e7o para idosos acima de 60 anos"},"content":{"rendered":"<p><em>Estrat\u00e9gia diversificada de contrata\u00e7\u00e3o de fabricantes de vacinas Covid-19 garante ritmo acelerado da imuniza\u00e7\u00e3o dos brasileiros.<\/em><\/p>\n<p>Com a maior campanha de vacina\u00e7\u00e3o da hist\u00f3ria do Brasil, o governo do presidente Jair Bolsonaro completa 1.000 dias \u00e0 frente da na\u00e7\u00e3o brasileira. Em mais um passo para garantir a imuniza\u00e7\u00e3o dos brasileiros, o Governo Federal amplia a vacina\u00e7\u00e3o com a dose de refor\u00e7o para idosos acima de 60 anos.<\/p>\n<p>O an\u00fancio foi feito nesta ter\u00e7a-feira (28) em Jo\u00e3o Pessoa (PB), durante o evento que marcou os 1.000 dias da gest\u00e3o Bolsonaro. Tamb\u00e9m participaram da celebra\u00e7\u00e3o o ministro de Minas e Energia, Bento Albuquerque, o ministro da Sa\u00fade substituto Rodrigo Cruz, o secret\u00e1rio de Vigil\u00e2ncia em Sa\u00fade do Minist\u00e9rio da Sa\u00fade, Arnaldo Medeiros e outras autoridades.<\/p>\n<p>As pessoas imunossuprimidas e profissionais de sa\u00fade j\u00e1 est\u00e3o contemplados nessa nova etapa da campanha. O ministro da Sa\u00fade, Marcelo Queiroga, gravou um v\u00eddeo para celebrar esse marco na gest\u00e3o do Governo Federal e falar sobre os pr\u00f3ximos passos da vacina\u00e7\u00e3o.<\/p>\n<p>\u201cGra\u00e7as \u00e0 estrat\u00e9gia diversificada que o Governo Federal, por interm\u00e9dio do Minist\u00e9rio da Sa\u00fade, adotou para aquisi\u00e7\u00e3o de vacinas, \u00e9 poss\u00edvel no final do m\u00eas de setembro j\u00e1 ofertar para os idosos brasileiros uma dose de refor\u00e7o da vacina. O Minist\u00e9rio da Sa\u00fade vai atender aqueles com mais de 60 anos. S\u00e3o cerca de 7 milh\u00f5es de brasileiros nestas condi\u00e7\u00f5es. Vamos em frente, todos contra o coronav\u00edrus\u201d, afirmou o ministro.<\/p>\n<p>A imuniza\u00e7\u00e3o contra a Covid-19 mostrou a for\u00e7a do Sistema \u00danico de Sa\u00fade (SUS), diante da situa\u00e7\u00e3o de emerg\u00eancia causada pela pandemia, levando a vacina para todos os cantos do pa\u00eds. Desde a primeira dose aplicada no come\u00e7o do ano at\u00e9 agora, a Campanha de Vacina\u00e7\u00e3o contra a Covid-19, que est\u00e1 perto de completar 300 milh\u00f5es de doses distribu\u00eddas, atingiu marcos hist\u00f3ricos.<\/p>\n<p>\u201cNesses 1.000 dias de Governo Bolsonaro, o Sistema \u00danico de Sa\u00fade foi colocado \u00e0 prova. N\u00e3o s\u00f3 o sistema de sa\u00fade brasileiro, mas do mundo inteiro. Para isso, o Minist\u00e9rio da Sa\u00fade adotou tr\u00eas pilares para enfrentar a pandemia. O primeiro, acelerar a vacina\u00e7\u00e3o. O segundo, garantir recursos e mecanismos para que todos aqueles que, eventualmente fossem contaminados, tivessem assist\u00eancia. E o terceiro, fortalecer todas as medidas de sa\u00fade p\u00fablica. Isso, somado aos n\u00fameros de distribui\u00e7\u00e3o e aplica\u00e7\u00e3o de doses de vacina Covid-19, mostram que a gente vem realizando a maior campanha de vacina\u00e7\u00e3o da hist\u00f3ria do Pa\u00eds\u201d, ressaltou o ministro da Sa\u00fade substituto, Rodrigo Cruz.<\/p>\n<p>O reflexo do trabalho incans\u00e1vel no combate \u00e0 pandemia, com milh\u00f5es de brasileiros imunizados, est\u00e1 nos n\u00fameros e no sentimento de cada vez mais seguran\u00e7a para retomar a vida normal. Desde junho, quando os \u00edndices da pandemia come\u00e7aram a cair, a m\u00e9dia m\u00f3vel de casos e \u00f3bitos pela doen\u00e7a j\u00e1 reduziu mais de 70%. Enquanto as taxas caem, os hospitais brasileiros retomam a rotina normal de atendimentos. Mais de 23 entes federativos est\u00e3o com a taxa de ocupa\u00e7\u00e3o de leitos abaixo de 50%.<\/p>\n<p>O SUS e os milhares de profissionais de sa\u00fade s\u00e3o protagonistas e os pilares no enfrentamento \u00e0 pandemia da Covid-19. Durante esses mil dias, os brasileiros puderam acompanhar ainda mais de perto a for\u00e7a de um dos maiores sistemas p\u00fablicos de sa\u00fade do mundo. Em 2021, o Brasil triplicou a capacidade de vacina\u00e7\u00e3o e, junto com outros imunizantes de rotina do calend\u00e1rio nacional de vacina\u00e7\u00e3o, ir\u00e1 atingir a marca de mais de 600 milh\u00f5es de doses distribu\u00eddas.<\/p>\n<p>Os investimentos na Aten\u00e7\u00e3o Prim\u00e1ria, a porta de entrada do SUS, garantiram o refor\u00e7o para que todas as Unidades B\u00e1sicas de Sa\u00fade do pa\u00eds tivessem condi\u00e7\u00f5es de atender todos que precisaram. O acesso igualit\u00e1rio \u00e0 sa\u00fade de Norte a Sul do Brasil \u00e9 prioridade do Governo Federal.<\/p>\n<p>Campanha hist\u00f3rica<\/p>\n<p>A imuniza\u00e7\u00e3o contra a Covid-19, promovida pelo Minist\u00e9rio da Sa\u00fade, j\u00e1 conta com a aplica\u00e7\u00e3o de mais de 233 milh\u00f5es de vacinas no bra\u00e7o de brasileiros e mais de 91% dos adultos j\u00e1 come\u00e7aram o ciclo vacinal. Em setembro, o Governo Federal cumpriu a meta de distribuir 100% das primeiras doses para todos os 158 milh\u00f5es de brasileiros adultos e a imuniza\u00e7\u00e3o completa dessa popula\u00e7\u00e3o est\u00e1 cada vez mais pr\u00f3xima.<\/p>\n<p>S\u00e3o quase R$ 30 bilh\u00f5es destinados para compra de imunizantes. Para garantir a prote\u00e7\u00e3o da popula\u00e7\u00e3o, o Governo Federal encomendou mais de 550 milh\u00f5es de doses que ser\u00e3o entregues at\u00e9 o fim de 2021. Essa estrat\u00e9gia diversificada adotada desde o come\u00e7o da pandemia, ap\u00f3s negocia\u00e7\u00f5es com diversos laborat\u00f3rios fabricantes nacionais e internacionais, garantiu uma ampla entrega de vacinas e o ritmo acelerado da campanha.<\/p>\n<p>Com uma ampla capacidade de produ\u00e7\u00e3o de imunizantes em territ\u00f3rio nacional, o Brasil passou de pa\u00eds importador para exportador de vacinas. O acordo de transfer\u00eancia de tecnologia, entre a AstraZeneca e Funda\u00e7\u00e3o Oswaldo Cruz (Fiocruz), \u00e9 mais um passo importante para a autossufici\u00eancia do pa\u00eds na produ\u00e7\u00e3o de doses. A farmac\u00eautica Pfizer\/BioNTech tamb\u00e9m encontrou no Brasil a oportunidade para ampliar a fabrica\u00e7\u00e3o de imunizantes. A parceria com a Eurofarma vai garantir mais de 100 milh\u00f5es de doses de vacinas Covid-19 por ano, a partir de 2022.<\/p>\n<p><strong>Testar para cuidar<\/strong><\/p>\n<p>Para acompanhar com mais detalhes o cen\u00e1rio epidemiol\u00f3gico brasileiro e garantir que todos possam circular com seguran\u00e7a, o Governo Federal expandiu o Plano Nacional de Testagem. Desde o come\u00e7o da pandemia, o Minist\u00e9rio da Sa\u00fade comandou a distribui\u00e7\u00e3o de testes r\u00e1pidos e RT-PCR para todos os entes da federa\u00e7\u00e3o, totalizando quase 100 milh\u00f5es de unidades enviadas at\u00e9 o fim do ano e R$ 1,5 bilh\u00e3o de investimentos totais.<\/p>\n<p>Com o avan\u00e7o da tecnologia, a pasta est\u00e1 investindo na distribui\u00e7\u00e3o de testes de ant\u00edgenos, seguros e mais r\u00e1pidos, e ampliou o programa para testar a popula\u00e7\u00e3o brasileira em todos os 5.570 munic\u00edpios do pa\u00eds. At\u00e9 o fim de 2021, mais de 60 milh\u00f5es de testes de ant\u00edgenos produzidos pela Fiocruz ser\u00e3o entregues.<\/p>\n<p>Al\u00e9m da amplia\u00e7\u00e3o da testagem, o Governo Federal tamb\u00e9m investe no monitoramento dos casos, vigil\u00e2ncia epidemiol\u00f3gica e gen\u00f4mica, cada vez mais necess\u00e1ria diante do aparecimento de novas variantes da Covid-19. Em mil dias, o Minist\u00e9rio da Sa\u00fade investiu na amplia\u00e7\u00e3o dos Centros de Informa\u00e7\u00f5es Estrat\u00e9gicas em Vigil\u00e2ncia em Sa\u00fade (Cievs), que passaram de 55 para 129 centros em todas as regi\u00f5es do pa\u00eds. O investimento \u00e9 de mais de R$ 160 milh\u00f5es.<\/p>\n<p><strong>Porta de entrada do SUS<\/strong><\/p>\n<p>Para garantir que todos os brasileiros tenham acesso igualit\u00e1rio ao SUS, \u00e9 preciso investir na base, na porta de entrada do sistema. Foi essa a prioridade desde o come\u00e7o da gest\u00e3o do presidente Jair Bolsonaro, que investiu mais de R$ 43 bilh\u00f5es na Aten\u00e7\u00e3o Prim\u00e1ria. Em mil dias, foram mais de 577 milh\u00f5es de atendimentos e 2.079 novas Unidades B\u00e1sicas de Sa\u00fade (UBSs) implementadas no Brasil. S\u00f3 para a Covid-19, as UBSs receberam R$ 7 bilh\u00f5es e desempenham um papel fundamental no primeiro atendimento dos pacientes.<\/p>\n<p>S\u00f3 em 2021, na modalidade Fundo a Fundo, o Governo Federal repassou mais de R$ 73 bilh\u00f5es para todos os estados e Distrito Federal em recursos para sa\u00fade, para rotina do SUS e para o enfrentamento da pandemia.<\/p>\n<p><strong>Aten\u00e7\u00e3o especializada<\/strong><\/p>\n<p>Para os brasileiros que precisam de atendimento de sa\u00fade especializado, principalmente diante da pandemia da Covid-19, a qualidade e efici\u00eancia dos tratamentos s\u00e3o fundamentais. Para enfrentar os casos graves da Covid-19, o Governo Federal intensificou o apoio aos estados e munic\u00edpios que precisam de refor\u00e7o na abertura de novos leitos para atender toda a demanda. At\u00e9 agora, j\u00e1 s\u00e3o mais de 25 mil leitos de UTI Covid autorizados e mais de R$ 10,9 bilh\u00f5es para custeio em todos os estados e Distrito Federal. Al\u00e9m dos leitos, mais de 17 mil respiradores pulmonares foram entregues para todo pa\u00eds.<\/p>\n<p>Mesmo com os in\u00fameros desafios trazidos pela pandemia, o Governo Federal e o Minist\u00e9rio da Sa\u00fade trabalharam intensamente para que os pacientes com outras doen\u00e7as tivessem o acesso igualit\u00e1rio ao sistema de sa\u00fade p\u00fablico. Em mil dias de gest\u00e3o, foram repassados mais de R$ 5 bilh\u00f5es para Santas Casas e hospitais filantr\u00f3picos em todo Brasil. Nesse mesmo per\u00edodo, 5 mil leitos de cuidados prolongados e quase 6 mil UTIs convencionais receberam repasses federais para custeio, refor\u00e7ando o atendimento em todo pa\u00eds.<\/p>\n<p>Al\u00e9m da Aten\u00e7\u00e3o Prim\u00e1ria, aprimorar e refor\u00e7ar o atendimento na Aten\u00e7\u00e3o Especializada faz parte das prioridades da gest\u00e3o desde o in\u00edcio. At\u00e9 agora, j\u00e1 s\u00e3o mais de 3,4 mil novos servi\u00e7os especializados em cardiologia, ortopedia, oncologia, entre outros, espalhados pelo pa\u00eds.<\/p>\n<p><strong>Urg\u00eancia e Emerg\u00eancia<\/strong><\/p>\n<p>Em mil dias de governo Jair Bolsonaro, o Brasil passou a contar com 101 novas Unidades de Pronto Atendimento (UPA) em v\u00e1rios estados brasileiros, com investimento de R$ 272 milh\u00f5es. Al\u00e9m dessas, outras 369 UPAs receberam custeio federal de R$ 381 milh\u00f5es. O Servi\u00e7o de Atendimento M\u00f3vel de Urg\u00eancia (SAMU) recebeu mais de 1,7 mil ambul\u00e2ncias para refor\u00e7ar o atendimento.<\/p>\n<p><strong>Educa\u00e7\u00e3o e sa\u00fade mental<\/strong><\/p>\n<p>A educa\u00e7\u00e3o \u00e9 pe\u00e7a-chave nas a\u00e7\u00f5es de sa\u00fade, na forma\u00e7\u00e3o de novos profissionais e na amplia\u00e7\u00e3o de novos atendimentos. Somente nessas a\u00e7\u00f5es, o Governo Federal investiu R$ 4,2 bilh\u00f5es desde o come\u00e7o da gest\u00e3o. Esses recursos s\u00e3o suficientes para diversas a\u00e7\u00f5es educacionais, como a forma\u00e7\u00e3o de 22 mil novos residentes por m\u00eas, cursos de capacita\u00e7\u00e3o para agentes de sa\u00fade e de profissionais do SAMU para atenderem pacientes com doen\u00e7as mentais. Em uma a\u00e7\u00e3o especializada em Doen\u00e7as Raras, os profissionais de sa\u00fade de todo pa\u00eds tamb\u00e9m poder\u00e3o se capacitar para identificar esses pacientes na Aten\u00e7\u00e3o Prim\u00e1ria.<\/p>\n<p><strong>Sa\u00fade ind\u00edgena<\/strong><\/p>\n<p>A Campanha Nacional de Vacina\u00e7\u00e3o contra a Covid-19 tamb\u00e9m foi hist\u00f3rica para a sa\u00fade ind\u00edgena. V\u00e1rias equipes do Minist\u00e9rio da Sa\u00fade trabalham sem medir esfor\u00e7os para levar a vacina at\u00e9 as aldeias, mesmo com a dificuldade de acesso, e para conscientizar essa popula\u00e7\u00e3o sobre a import\u00e2ncia da imuniza\u00e7\u00e3o. Entre os mais de 400 mil ind\u00edgenas aldeados atendidos, 88% j\u00e1 receberam a primeira dose e 81% est\u00e3o com o esquema vacinal completo.<\/p>\n<p>Para garantir o atendimento durante a pandemia, 352 novas unidades de aten\u00e7\u00e3o prim\u00e1ria ind\u00edgena foram criadas nas aldeias. Os 34 Distritos Sanit\u00e1rios Especiais receberam 330 novos pontos de internet, essenciais para o atendimento de sa\u00fade de qualidade. Em mil dias, foram mais de 35 milh\u00f5es de atendimentos em 66 a\u00e7\u00f5es integradas do Governo Federal nas aldeias.<\/p>\n<p><strong>Outros investimentos<\/strong><\/p>\n<p>Para garantir o acesso a medicamentos b\u00e1sicos e especializado, no programa de Assist\u00eancia Farmac\u00eautica do SUS e do programa Farm\u00e1cia Popular, o governo federal investiu mais de R$ 11,7 bilh\u00f5es at\u00e9 agora. Para os pacientes que precisam de radioterapia, 49 novas unidades foram implementadas, com alta tecnologia, at\u00e9 agora. Outros 100 centros devem ser implementados at\u00e9 2022.<\/p>\n<p><strong>Pesquisa<\/strong><\/p>\n<p>Acompanhar as evid\u00eancias cient\u00edficas e conduzir pesquisas sobre a Covid-19 s\u00e3o essenciais para frear o car\u00e1ter pand\u00eamico da pandemia. Em mil dias, o Governo Federal investiu mais de R$ 104,2 milh\u00f5es em pesquisas relacionadas \u00e0 doen\u00e7a.<br \/>\nO programa Genomas Brasil, que tem o objetivo de implementar a medicina de precis\u00e3o no SUS, recebeu recursos federais de R$ 160 milh\u00f5es.<\/p>\n<p>Fonte: Minist\u00e9rio da Sa\u00fade<\/p>\n","protected":false},"excerpt":{"rendered":"<p>Estrat\u00e9gia diversificada de contrata\u00e7\u00e3o de fabricantes de vacinas Covid-19 garante ritmo acelerado da imuniza\u00e7\u00e3o dos brasileiros. Com a maior campanha de vacina\u00e7\u00e3o da hist\u00f3ria do Brasil, o governo do presidente Jair Bolsonaro completa 1.000 dias \u00e0 frente da na\u00e7\u00e3o brasileira. Em mais um passo para garantir a imuniza\u00e7\u00e3o dos brasileiros, o Governo Federal amplia a [&hellip;]<\/p>\n","protected":false},"author":1,"featured_media":0,"comment_status":"open","ping_status":"open","sticky":false,"template":"","format":"standard","meta":{"ocean_post_layout":"","ocean_both_sidebars_style":"","ocean_both_sidebars_content_width":0,"ocean_both_sidebars_sidebars_width":0,"ocean_sidebar":"","ocean_second_sidebar":"","ocean_disable_margins":"enable","ocean_add_body_class":"","ocean_shortcode_before_top_bar":"","ocean_shortcode_after_top_bar":"","ocean_shortcode_before_header":"","ocean_shortcode_after_header":"","ocean_has_shortcode":"","ocean_shortcode_after_title":"","ocean_shortcode_before_footer_widgets":"","ocean_shortcode_after_footer_widgets":"","ocean_shortcode_before_footer_bottom":"","ocean_shortcode_after_footer_bottom":"","ocean_display_top_bar":"default","ocean_display_header":"default","ocean_header_style":"","ocean_center_header_left_menu":"","ocean_custom_header_template":"","ocean_custom_logo":0,"ocean_custom_retina_logo":0,"ocean_custom_logo_max_width":0,"ocean_custom_logo_tablet_max_width":0,"ocean_custom_logo_mobile_max_width":0,"ocean_custom_logo_max_height":0,"ocean_custom_logo_tablet_max_height":0,"ocean_custom_logo_mobile_max_height":0,"ocean_header_custom_menu":"","ocean_menu_typo_font_family":"","ocean_menu_typo_font_subset":"","ocean_menu_typo_font_size":0,"ocean_menu_typo_font_size_tablet":0,"ocean_menu_typo_font_size_mobile":0,"ocean_menu_typo_font_size_unit":"px","ocean_menu_typo_font_weight":"","ocean_menu_typo_font_weight_tablet":"","ocean_menu_typo_font_weight_mobile":"","ocean_menu_typo_transform":"","ocean_menu_typo_transform_tablet":"","ocean_menu_typo_transform_mobile":"","ocean_menu_typo_line_height":0,"ocean_menu_typo_line_height_tablet":0,"ocean_menu_typo_line_height_mobile":0,"ocean_menu_typo_line_height_unit":"","ocean_menu_typo_spacing":0,"ocean_menu_typo_spacing_tablet":0,"ocean_menu_typo_spacing_mobile":0,"ocean_menu_typo_spacing_unit":"","ocean_menu_link_color":"","ocean_menu_link_color_hover":"","ocean_menu_link_color_active":"","ocean_menu_link_background":"","ocean_menu_link_hover_background":"","ocean_menu_link_active_background":"","ocean_menu_social_links_bg":"","ocean_menu_social_hover_links_bg":"","ocean_menu_social_links_color":"","ocean_menu_social_hover_links_color":"","ocean_disable_title":"default","ocean_disable_heading":"default","ocean_post_title":"","ocean_post_subheading":"","ocean_post_title_style":"","ocean_post_title_background_color":"","ocean_post_title_background":0,"ocean_post_title_bg_image_position":"","ocean_post_title_bg_image_attachment":"","ocean_post_title_bg_image_repeat":"","ocean_post_title_bg_image_size":"","ocean_post_title_height":0,"ocean_post_title_bg_overlay":0.5,"ocean_post_title_bg_overlay_color":"","ocean_disable_breadcrumbs":"default","ocean_breadcrumbs_color":"","ocean_breadcrumbs_separator_color":"","ocean_breadcrumbs_links_color":"","ocean_breadcrumbs_links_hover_color":"","ocean_display_footer_widgets":"default","ocean_display_footer_bottom":"default","ocean_custom_footer_template":"","ocean_post_oembed":"","ocean_post_self_hosted_media":"","ocean_post_video_embed":"","ocean_link_format":"","ocean_link_format_target":"self","ocean_quote_format":"","ocean_quote_format_link":"post","ocean_gallery_link_images":"on","ocean_gallery_id":[]},"categories":[9],"tags":[3847,1490,82],"acf":[],"_links":{"self":[{"href":"https:\/\/www.simepe.com.br\/novo\/wp-json\/wp\/v2\/posts\/61503"}],"collection":[{"href":"https:\/\/www.simepe.com.br\/novo\/wp-json\/wp\/v2\/posts"}],"about":[{"href":"https:\/\/www.simepe.com.br\/novo\/wp-json\/wp\/v2\/types\/post"}],"author":[{"embeddable":true,"href":"https:\/\/www.simepe.com.br\/novo\/wp-json\/wp\/v2\/users\/1"}],"replies":[{"embeddable":true,"href":"https:\/\/www.simepe.com.br\/novo\/wp-json\/wp\/v2\/comments?post=61503"}],"version-history":[{"count":1,"href":"https:\/\/www.simepe.com.br\/novo\/wp-json\/wp\/v2\/posts\/61503\/revisions"}],"predecessor-version":[{"id":61504,"href":"https:\/\/www.simepe.com.br\/novo\/wp-json\/wp\/v2\/posts\/61503\/revisions\/61504"}],"wp:attachment":[{"href":"https:\/\/www.simepe.com.br\/novo\/wp-json\/wp\/v2\/media?parent=61503"}],"wp:term":[{"taxonomy":"category","embeddable":true,"href":"https:\/\/www.simepe.com.br\/novo\/wp-json\/wp\/v2\/categories?post=61503"},{"taxonomy":"post_tag","embeddable":true,"href":"https:\/\/www.simepe.com.br\/novo\/wp-json\/wp\/v2\/tags?post=61503"}],"curies":[{"name":"wp","href":"https:\/\/api.w.org\/{rel}","templated":true}]}}