{"id":61554,"date":"2021-10-06T11:00:58","date_gmt":"2021-10-06T14:00:58","guid":{"rendered":"https:\/\/www.simepe.com.br\/novo\/?p=61554"},"modified":"2021-10-06T11:00:58","modified_gmt":"2021-10-06T14:00:58","slug":"brasil-atinge-marca-de-60-da-populacao-adulta-completamente-vacinada-contra-a-covid-19","status":"publish","type":"post","link":"https:\/\/www.simepe.com.br\/novo\/brasil-atinge-marca-de-60-da-populacao-adulta-completamente-vacinada-contra-a-covid-19\/","title":{"rendered":"Brasil atinge marca de 60% da popula\u00e7\u00e3o adulta completamente vacinada contra a Covid-19"},"content":{"rendered":"<div class=\"documentDescription\"><em>Com avan\u00e7o da imuniza\u00e7\u00e3o, pa\u00eds registra m\u00eas com menor n\u00famero de mortes pela doen\u00e7a este ano.<\/em><\/div>\n<div class=\"documentDescription\"><\/div>\n<div class=\"documentDescription\">\n<p>O Brasil d\u00e1 mais um passo importante no enfrentamento da pandemia: o pa\u00eds atingiu, nesta quarta-feira (6), a marca de 60% da popula\u00e7\u00e3o maior de 18 anos com o ciclo vacinal completo contra a Covid-19. Isso significa que 95,3 milh\u00f5es de brasileiros j\u00e1 tomaram a segunda dose ou a vacina de dose \u00fanica.<\/p>\n<p>Quando chegar o seu momento da segunda dose, procure a unidade de sa\u00fade mais pr\u00f3xima, caso o seu imunizante seja de dose dupla. Quem n\u00e3o completa o esquema vacinal fica mais vulner\u00e1vel \u00e0 infec\u00e7\u00e3o pela Covid-19 e suas complica\u00e7\u00f5es. Segundo o \u00faltimo levantamento feio pelo Minist\u00e9rio da Sa\u00fade, cerca de 17 milh\u00f5es de brasileiros est\u00e3o nesta situa\u00e7\u00e3o e precisam completar o ciclo vacinal, mesmo com atraso.<\/p>\n<p>O resultado do avan\u00e7o da imuniza\u00e7\u00e3o \u00e9 muito importante: \u00e9 essencial para a retomada da economia, desafoga o sistema de sa\u00fade, e, o mais importante, diminui o n\u00famero de mortes causadas pelo v\u00edrus. At\u00e9 agora, o Minist\u00e9rio da Sa\u00fade j\u00e1 distribuiu mais de 300 milh\u00f5es de doses para todos os estados e Distrito Federal, suficiente para vacinar quase 94% da popula\u00e7\u00e3o adulta com a primeira dose, ou seja, mais de 148 milh\u00f5es de brasileiros.<\/p>\n<p>Os reflexos da maior campanha de vacina\u00e7\u00e3o da hist\u00f3ria do Brasil j\u00e1 aparecem todos os dias. Desde junho, a m\u00e9dia m\u00f3vel de casos e \u00f3bitos pela doen\u00e7a registra queda de mais de 70%. Em setembro, o pa\u00eds registrou o menor n\u00famero de mortes pela Covid-19 em 2021.<\/p>\n<p>Dados do Minist\u00e9rio da Sa\u00fade mostram que, ao todo, foram notificadas 16,3 mil vidas perdidas pela doen\u00e7a em setembro. Comparado a abril, m\u00eas com o maior n\u00famero de registros (82,2 mil), a redu\u00e7\u00e3o de mortes \u00e9 de 80%.<\/p>\n<p><strong>Doses de refor\u00e7o<\/strong><br \/>\nOutra importante estrat\u00e9gia do Minist\u00e9rio da Sa\u00fade no enfrentamento da pandemia \u00e9 o refor\u00e7o da vacina\u00e7\u00e3o dos idosos acima de 60 anos, das pessoas imunussuprimidas e dos profissionais de sa\u00fade que est\u00e3o na linha de frente do combate \u00e0 pandemia.<\/p>\n<p>Estes p\u00fablicos foram escolhidos como priorit\u00e1rios por estarem entre os grupos com mais riscos de acometimento pelas formas graves e \u00f3bitos causados pela doen\u00e7a. O refor\u00e7o \u00e9 feito preferencialmente com o imunizante da Pfizer.<\/p>\n<p>A aplica\u00e7\u00e3o do refor\u00e7o \u00e9 para as pessoas que tomaram a segunda dose h\u00e1 mais de seis meses, independentemente da vacina usada no primeiro ciclo de imuniza\u00e7\u00e3o. No caso dos imunossuprimidos, o refor\u00e7o deve ser feito 28 dias ap\u00f3s a segunda ou dose \u00fanica.<\/p>\n<p>Fonte: Minist\u00e9rio da Sa\u00fade<\/p>\n<\/div>\n","protected":false},"excerpt":{"rendered":"<p>Com avan\u00e7o da imuniza\u00e7\u00e3o, pa\u00eds registra m\u00eas com menor n\u00famero de mortes pela doen\u00e7a este ano. O Brasil d\u00e1 mais um passo importante no enfrentamento da pandemia: o pa\u00eds atingiu, nesta quarta-feira (6), a marca de 60% da popula\u00e7\u00e3o maior de 18 anos com o ciclo vacinal completo contra a Covid-19. Isso significa que 95,3 [&hellip;]<\/p>\n","protected":false},"author":1,"featured_media":0,"comment_status":"open","ping_status":"open","sticky":false,"template":"","format":"standard","meta":{"ocean_post_layout":"","ocean_both_sidebars_style":"","ocean_both_sidebars_content_width":0,"ocean_both_sidebars_sidebars_width":0,"ocean_sidebar":"","ocean_second_sidebar":"","ocean_disable_margins":"enable","ocean_add_body_class":"","ocean_shortcode_before_top_bar":"","ocean_shortcode_after_top_bar":"","ocean_shortcode_before_header":"","ocean_shortcode_after_header":"","ocean_has_shortcode":"","ocean_shortcode_after_title":"","ocean_shortcode_before_footer_widgets":"","ocean_shortcode_after_footer_widgets":"","ocean_shortcode_before_footer_bottom":"","ocean_shortcode_after_footer_bottom":"","ocean_display_top_bar":"default","ocean_display_header":"default","ocean_header_style":"","ocean_center_header_left_menu":"","ocean_custom_header_template":"","ocean_custom_logo":0,"ocean_custom_retina_logo":0,"ocean_custom_logo_max_width":0,"ocean_custom_logo_tablet_max_width":0,"ocean_custom_logo_mobile_max_width":0,"ocean_custom_logo_max_height":0,"ocean_custom_logo_tablet_max_height":0,"ocean_custom_logo_mobile_max_height":0,"ocean_header_custom_menu":"","ocean_menu_typo_font_family":"","ocean_menu_typo_font_subset":"","ocean_menu_typo_font_size":0,"ocean_menu_typo_font_size_tablet":0,"ocean_menu_typo_font_size_mobile":0,"ocean_menu_typo_font_size_unit":"px","ocean_menu_typo_font_weight":"","ocean_menu_typo_font_weight_tablet":"","ocean_menu_typo_font_weight_mobile":"","ocean_menu_typo_transform":"","ocean_menu_typo_transform_tablet":"","ocean_menu_typo_transform_mobile":"","ocean_menu_typo_line_height":0,"ocean_menu_typo_line_height_tablet":0,"ocean_menu_typo_line_height_mobile":0,"ocean_menu_typo_line_height_unit":"","ocean_menu_typo_spacing":0,"ocean_menu_typo_spacing_tablet":0,"ocean_menu_typo_spacing_mobile":0,"ocean_menu_typo_spacing_unit":"","ocean_menu_link_color":"","ocean_menu_link_color_hover":"","ocean_menu_link_color_active":"","ocean_menu_link_background":"","ocean_menu_link_hover_background":"","ocean_menu_link_active_background":"","ocean_menu_social_links_bg":"","ocean_menu_social_hover_links_bg":"","ocean_menu_social_links_color":"","ocean_menu_social_hover_links_color":"","ocean_disable_title":"default","ocean_disable_heading":"default","ocean_post_title":"","ocean_post_subheading":"","ocean_post_title_style":"","ocean_post_title_background_color":"","ocean_post_title_background":0,"ocean_post_title_bg_image_position":"","ocean_post_title_bg_image_attachment":"","ocean_post_title_bg_image_repeat":"","ocean_post_title_bg_image_size":"","ocean_post_title_height":0,"ocean_post_title_bg_overlay":0.5,"ocean_post_title_bg_overlay_color":"","ocean_disable_breadcrumbs":"default","ocean_breadcrumbs_color":"","ocean_breadcrumbs_separator_color":"","ocean_breadcrumbs_links_color":"","ocean_breadcrumbs_links_hover_color":"","ocean_display_footer_widgets":"default","ocean_display_footer_bottom":"default","ocean_custom_footer_template":"","ocean_post_oembed":"","ocean_post_self_hosted_media":"","ocean_post_video_embed":"","ocean_link_format":"","ocean_link_format_target":"self","ocean_quote_format":"","ocean_quote_format_link":"post","ocean_gallery_link_images":"on","ocean_gallery_id":[]},"categories":[9],"tags":[],"acf":[],"_links":{"self":[{"href":"https:\/\/www.simepe.com.br\/novo\/wp-json\/wp\/v2\/posts\/61554"}],"collection":[{"href":"https:\/\/www.simepe.com.br\/novo\/wp-json\/wp\/v2\/posts"}],"about":[{"href":"https:\/\/www.simepe.com.br\/novo\/wp-json\/wp\/v2\/types\/post"}],"author":[{"embeddable":true,"href":"https:\/\/www.simepe.com.br\/novo\/wp-json\/wp\/v2\/users\/1"}],"replies":[{"embeddable":true,"href":"https:\/\/www.simepe.com.br\/novo\/wp-json\/wp\/v2\/comments?post=61554"}],"version-history":[{"count":1,"href":"https:\/\/www.simepe.com.br\/novo\/wp-json\/wp\/v2\/posts\/61554\/revisions"}],"predecessor-version":[{"id":61555,"href":"https:\/\/www.simepe.com.br\/novo\/wp-json\/wp\/v2\/posts\/61554\/revisions\/61555"}],"wp:attachment":[{"href":"https:\/\/www.simepe.com.br\/novo\/wp-json\/wp\/v2\/media?parent=61554"}],"wp:term":[{"taxonomy":"category","embeddable":true,"href":"https:\/\/www.simepe.com.br\/novo\/wp-json\/wp\/v2\/categories?post=61554"},{"taxonomy":"post_tag","embeddable":true,"href":"https:\/\/www.simepe.com.br\/novo\/wp-json\/wp\/v2\/tags?post=61554"}],"curies":[{"name":"wp","href":"https:\/\/api.w.org\/{rel}","templated":true}]}}