{"id":61567,"date":"2021-10-06T13:40:30","date_gmt":"2021-10-06T16:40:30","guid":{"rendered":"https:\/\/www.simepe.com.br\/novo\/?p=61567"},"modified":"2021-10-06T13:40:30","modified_gmt":"2021-10-06T16:40:30","slug":"sindicato-dos-medicos-realiza-maior-evento-de-saude-do-norte-do-pais","status":"publish","type":"post","link":"https:\/\/www.simepe.com.br\/novo\/sindicato-dos-medicos-realiza-maior-evento-de-saude-do-norte-do-pais\/","title":{"rendered":"SINDICATO DOS M\u00c9DICOS REALIZA MAIOR EVENTO DE SA\u00daDE DO NORTE DO PA\u00cdS"},"content":{"rendered":"<p style=\"text-align: justify;\">Congresso vai reunir especialistas e autoridades para discutir formas de preven\u00e7\u00e3o e combate a pandemias e cat\u00e1strofes e a carreira m\u00e9dica de estado como fator estruturante para a sa\u00fade do interior.<\/p>\n<p style=\"text-align: justify;\">No per\u00edodo de 12 a 15 de novembro de 2021, o SIMEAM (Sindicato dos M\u00e9dicos do Amazonas) realizar\u00e1 o IV Congresso Internacional de Sa\u00fade do Interior e Fronteiras (IV CISIF), na Universidade Federal do Amazonas (UFAM), em Manaus, com ciclos de palestras e debates.<\/p>\n<p style=\"text-align: justify;\">Para discutir os desafios e os dilemas ante a maior cat\u00e1strofe pand\u00eamica da sa\u00fade mundial, esse ano o evento traz como tema \u201cA carreira m\u00e9dica como fator estruturante para a sa\u00fade do interior\u201d e \u201cPlanejamento estrat\u00e9gico para a preven\u00e7\u00e3o e combate a pandemias e cat\u00e1strofes\u201d.<\/p>\n<p style=\"text-align: justify;\">O IV CISIF ser\u00e1 realizado no formato h\u00edbrido (presencial e virtual), com a participa\u00e7\u00e3o de autoridades e especialistas da \u00e1rea da sa\u00fade do Amazonas, de outros estados brasileiros e outros pa\u00edses, com objetivo de fazer um reestudo das tr\u00eas primeiras edi\u00e7\u00f5es.<\/p>\n<p style=\"text-align: justify;\">A programa\u00e7\u00e3o conta com solenidade de abertura no dia 12\/11, \u00e0s 18h, no audit\u00f3rio Eul\u00e1lio Chaves, na UFAM. No s\u00e1bado (13), ciclos de palestras e debates a partir das 08h00. No domingo (14), uma comitiva segue numa viagem de instru\u00e7\u00e3o para o interior do estado. E na segunda (15), solenidade de encerramento com apresenta\u00e7\u00e3o da Carta de Manaus.<\/p>\n<p style=\"text-align: justify;\">Por conta do contexto da triste pandemia que afeta o mundo, \u00e9 necess\u00e1rio buscar estrat\u00e9gias de preven\u00e7\u00e3o e combate \u00e0 doen\u00e7as infectocontagiosas e cat\u00e1strofes naturais ou provocadas pelo homem.<\/p>\n<p style=\"text-align: justify;\">Diante do cen\u00e1rio atual, se faz necess\u00e1rio uma melhor prepara\u00e7\u00e3o dos profissionais da sa\u00fade desde a gradua\u00e7\u00e3o, p\u00f3s-gradua\u00e7\u00e3o, al\u00e9m de uma necess\u00e1ria intera\u00e7\u00e3o com institui\u00e7\u00f5es como, For\u00e7as Armadas, Defesa Civil, Minist\u00e9rio da Sa\u00fade, dentre outras.<\/p>\n<p style=\"text-align: justify;\">Com base nas carreiras t\u00edpicas de estado, o IV CISIF volta a reafirmar a import\u00e2ncia da Carreira M\u00e9dica de Estado como forma de minimizar os problemas dos munic\u00edpios do interior do Amazonas que sofrem com a falta de recursos humanos e estrutura para o atendimento a popula\u00e7\u00e3o.<\/p>\n<p style=\"text-align: justify;\">Voltado para todos os profissionais da sa\u00fade, o evento contar\u00e1 com representantes a n\u00edvel nacional e internacional, estudantes, al\u00e9m de autoridades da \u00e1rea de gest\u00e3o da sa\u00fade e de outras atividades de interesse na melhoria da qualidade da sa\u00fade p\u00fablica no Amazonas, Fronteiras, Brasil e dos pa\u00edses da Latino \u2013 Ibero \u2013 Am\u00e9rica e do Caribe.<\/p>\n<p style=\"text-align: justify;\">As inscri\u00e7\u00f5es podem ser feitas pelo endere\u00e7o eletr\u00f4nico www.sympla.com.br\/ivcongressointernacionaldesaudedointeriorefronteiras.<\/p>\n<p style=\"text-align: justify;\"><strong>Programa\u00e7\u00e3o<\/strong><\/p>\n<p style=\"text-align: justify;\">12\/11\u2013 Solenidade de abertura a partir de 18h, com atra\u00e7\u00e3o musical e coquetel.<\/p>\n<p style=\"text-align: justify;\">13\/11\u2013 Ciclos de palestras e debates a partir de 08h, com coffee break durante a programa\u00e7\u00e3o, e atra\u00e7\u00e3o cultural ap\u00f3s o encerramento.<\/p>\n<p style=\"text-align: justify;\">14\/11\u2013 Viagem de instru\u00e7\u00e3o.<\/p>\n<p style=\"text-align: justify;\">15\/11\u2013 Leitura da Carta de Manaus, com almo\u00e7o e atra\u00e7\u00e3o musical.<\/p>\n<p style=\"text-align: justify;\">Fonte: Sindicato dos M\u00e9dicos do Amazonas (Simeam)<\/p>\n","protected":false},"excerpt":{"rendered":"<p>Congresso vai reunir especialistas e autoridades para discutir formas de preven\u00e7\u00e3o e combate a pandemias e cat\u00e1strofes e a carreira m\u00e9dica de estado como fator estruturante para a sa\u00fade do interior. No per\u00edodo de 12 a 15 de novembro de 2021, o SIMEAM (Sindicato dos M\u00e9dicos do Amazonas) realizar\u00e1 o IV Congresso Internacional de Sa\u00fade [&hellip;]<\/p>\n","protected":false},"author":1,"featured_media":61568,"comment_status":"open","ping_status":"open","sticky":false,"template":"","format":"standard","meta":{"ocean_post_layout":"","ocean_both_sidebars_style":"","ocean_both_sidebars_content_width":0,"ocean_both_sidebars_sidebars_width":0,"ocean_sidebar":"","ocean_second_sidebar":"","ocean_disable_margins":"enable","ocean_add_body_class":"","ocean_shortcode_before_top_bar":"","ocean_shortcode_after_top_bar":"","ocean_shortcode_before_header":"","ocean_shortcode_after_header":"","ocean_has_shortcode":"","ocean_shortcode_after_title":"","ocean_shortcode_before_footer_widgets":"","ocean_shortcode_after_footer_widgets":"","ocean_shortcode_before_footer_bottom":"","ocean_shortcode_after_footer_bottom":"","ocean_display_top_bar":"default","ocean_display_header":"default","ocean_header_style":"","ocean_center_header_left_menu":"","ocean_custom_header_template":"","ocean_custom_logo":0,"ocean_custom_retina_logo":0,"ocean_custom_logo_max_width":0,"ocean_custom_logo_tablet_max_width":0,"ocean_custom_logo_mobile_max_width":0,"ocean_custom_logo_max_height":0,"ocean_custom_logo_tablet_max_height":0,"ocean_custom_logo_mobile_max_height":0,"ocean_header_custom_menu":"","ocean_menu_typo_font_family":"","ocean_menu_typo_font_subset":"","ocean_menu_typo_font_size":0,"ocean_menu_typo_font_size_tablet":0,"ocean_menu_typo_font_size_mobile":0,"ocean_menu_typo_font_size_unit":"px","ocean_menu_typo_font_weight":"","ocean_menu_typo_font_weight_tablet":"","ocean_menu_typo_font_weight_mobile":"","ocean_menu_typo_transform":"","ocean_menu_typo_transform_tablet":"","ocean_menu_typo_transform_mobile":"","ocean_menu_typo_line_height":0,"ocean_menu_typo_line_height_tablet":0,"ocean_menu_typo_line_height_mobile":0,"ocean_menu_typo_line_height_unit":"","ocean_menu_typo_spacing":0,"ocean_menu_typo_spacing_tablet":0,"ocean_menu_typo_spacing_mobile":0,"ocean_menu_typo_spacing_unit":"","ocean_menu_link_color":"","ocean_menu_link_color_hover":"","ocean_menu_link_color_active":"","ocean_menu_link_background":"","ocean_menu_link_hover_background":"","ocean_menu_link_active_background":"","ocean_menu_social_links_bg":"","ocean_menu_social_hover_links_bg":"","ocean_menu_social_links_color":"","ocean_menu_social_hover_links_color":"","ocean_disable_title":"default","ocean_disable_heading":"default","ocean_post_title":"","ocean_post_subheading":"","ocean_post_title_style":"","ocean_post_title_background_color":"","ocean_post_title_background":0,"ocean_post_title_bg_image_position":"","ocean_post_title_bg_image_attachment":"","ocean_post_title_bg_image_repeat":"","ocean_post_title_bg_image_size":"","ocean_post_title_height":0,"ocean_post_title_bg_overlay":0.5,"ocean_post_title_bg_overlay_color":"","ocean_disable_breadcrumbs":"default","ocean_breadcrumbs_color":"","ocean_breadcrumbs_separator_color":"","ocean_breadcrumbs_links_color":"","ocean_breadcrumbs_links_hover_color":"","ocean_display_footer_widgets":"default","ocean_display_footer_bottom":"default","ocean_custom_footer_template":"","ocean_post_oembed":"","ocean_post_self_hosted_media":"","ocean_post_video_embed":"","ocean_link_format":"","ocean_link_format_target":"self","ocean_quote_format":"","ocean_quote_format_link":"post","ocean_gallery_link_images":"on","ocean_gallery_id":[]},"categories":[1],"tags":[],"acf":[],"_links":{"self":[{"href":"https:\/\/www.simepe.com.br\/novo\/wp-json\/wp\/v2\/posts\/61567"}],"collection":[{"href":"https:\/\/www.simepe.com.br\/novo\/wp-json\/wp\/v2\/posts"}],"about":[{"href":"https:\/\/www.simepe.com.br\/novo\/wp-json\/wp\/v2\/types\/post"}],"author":[{"embeddable":true,"href":"https:\/\/www.simepe.com.br\/novo\/wp-json\/wp\/v2\/users\/1"}],"replies":[{"embeddable":true,"href":"https:\/\/www.simepe.com.br\/novo\/wp-json\/wp\/v2\/comments?post=61567"}],"version-history":[{"count":1,"href":"https:\/\/www.simepe.com.br\/novo\/wp-json\/wp\/v2\/posts\/61567\/revisions"}],"predecessor-version":[{"id":61569,"href":"https:\/\/www.simepe.com.br\/novo\/wp-json\/wp\/v2\/posts\/61567\/revisions\/61569"}],"wp:featuredmedia":[{"embeddable":true,"href":"https:\/\/www.simepe.com.br\/novo\/wp-json\/wp\/v2\/media\/61568"}],"wp:attachment":[{"href":"https:\/\/www.simepe.com.br\/novo\/wp-json\/wp\/v2\/media?parent=61567"}],"wp:term":[{"taxonomy":"category","embeddable":true,"href":"https:\/\/www.simepe.com.br\/novo\/wp-json\/wp\/v2\/categories?post=61567"},{"taxonomy":"post_tag","embeddable":true,"href":"https:\/\/www.simepe.com.br\/novo\/wp-json\/wp\/v2\/tags?post=61567"}],"curies":[{"name":"wp","href":"https:\/\/api.w.org\/{rel}","templated":true}]}}