{"id":61574,"date":"2021-10-07T10:42:25","date_gmt":"2021-10-07T13:42:25","guid":{"rendered":"https:\/\/www.simepe.com.br\/novo\/?p=61574"},"modified":"2021-10-07T10:42:25","modified_gmt":"2021-10-07T13:42:25","slug":"recife-confirma-morte-por-covid-19-apos-dois-dias-sem-registro","status":"publish","type":"post","link":"https:\/\/www.simepe.com.br\/novo\/recife-confirma-morte-por-covid-19-apos-dois-dias-sem-registro\/","title":{"rendered":"Recife confirma morte por Covid-19 ap\u00f3s dois dias sem registro"},"content":{"rendered":"<p>Ap\u00f3s dois dias sem registro de mortes por s\u00edndrome respirat\u00f3ria aguda grave (srag) causados pela Covid-19, Recife voltou a registrar \u00f3bitos na \u00faltima ter\u00e7a-feira (05), segundo o Resumo Epidemiol\u00f3gico da Covid-19 do munic\u00edpio divulgado na noite de ontem (06).<\/p>\n<p>De acordo com a Secretaria de Sa\u00fade do Recife, ap\u00f3s o per\u00edodo sem mortes nos dias 3 e 4 de outubro, foi confirmado um \u00f3bito no dia 5 e sete novas mortes entre os dias 27 de fevereiro e 5 de outubro.<\/p>\n<p>Segundo o infectologista Demetrius Montenegro, ainda n\u00e3o \u00e9 o momento de abandonar as medidas de preven\u00e7\u00e3o.<\/p>\n<p>\u201cA pandemia n\u00e3o acabou e o v\u00edrus ainda est\u00e1 circulando. De forma alguma \u00e9 o momento de se descuidar, at\u00e9 porque a gente precisa ter um percentual alto de pessoas com o esquema completo de vacina\u00e7\u00e3o, sem contar que a variante Delta est\u00e1 circulando. As pessoas n\u00e3o podem se descuidar de, mesmo tendo o esquema completo vacinal, manter o distanciamento e a utiliza\u00e7\u00e3o das m\u00e1scaras\u201d, afirmou o infectologista Demetrius Montenegro.<\/p>\n<p>De acordo com o professor e pesquisador Jones Albuquerque, do Instituto para Redu\u00e7\u00e3o de Riscos e Desastres de Pernambuco (IRRD), para considerar que a pandemia realmente acabou, \u00e9 necess\u00e1rio um per\u00edodo maior sem \u00f3bitos.<\/p>\n<p>\u201cSem sombra de d\u00favida, os dados de \u00f3bito no Recife s\u00e3o resultados muito bons, mas lembremos que a pandemia tem um ciclo de duas a tr\u00eas semanas. At\u00e9 a gente ter duas a tr\u00eas semanas de \u00f3bito zero, n\u00e3o podemos considerar que a pandemia se foi, porque os nossos indicadores que trabalham com risco alimentado pela tra\u00e7\u00e3o mundial ainda indicam risco alto a moderado no Recife e em Pernambuco. O Brasil continua em risco alto, ent\u00e3o mesmo com esse bom sinal, resultado das v\u00e1rias a\u00e7\u00f5es de todos os atores, como Secretaria de Sa\u00fade, Governo do Estado e popula\u00e7\u00e3o que se vacinou, ainda assim \u00e9 muito arriscado, porque lembremos que as vacinas t\u00eam uma efetividade temporal determinada\u201d, explicou Jones.<\/p>\n<p>Para o infectologista e chefe da triagem do Hospital Universit\u00e1rio Oswaldo Cruz, Filipe Prohaska, o avan\u00e7o da vacina\u00e7\u00e3o \u00e9 essencial para a diminui\u00e7\u00e3o dos casos graves da doen\u00e7a.<\/p>\n<p>\u201cAgora, n\u00f3s come\u00e7amos com o avan\u00e7o da vacina\u00e7\u00e3o em todas as idades, chegando aos mais jovens e j\u00e1 iniciando uma terceira dose para grande parte da popula\u00e7\u00e3o. Esse avan\u00e7o da vacina\u00e7\u00e3o faz com que os n\u00fameros de casos graves, de cont\u00e1gio, de infec\u00e7\u00f5es e de internamentos caiam, e por consequente, voc\u00ea vai vendo todo o desmonte de uma estrutura de hospitais de campanha que vinham sendo necess\u00e1rios, Com isso, cai o n\u00famero de \u00f3bitos tamb\u00e9m\u201d, destacou o infectologista.<\/p>\n<section class=\"bannerBillboardDetalhe\">\n<div id=\"middle\">\u00a0Fonte: Folha de Pernambuco<\/div>\n<\/section>\n","protected":false},"excerpt":{"rendered":"<p>Ap\u00f3s dois dias sem registro de mortes por s\u00edndrome respirat\u00f3ria aguda grave (srag) causados pela Covid-19, Recife voltou a registrar \u00f3bitos na \u00faltima ter\u00e7a-feira (05), segundo o Resumo Epidemiol\u00f3gico da Covid-19 do munic\u00edpio divulgado na noite de ontem (06). De acordo com a Secretaria de Sa\u00fade do Recife, ap\u00f3s o per\u00edodo sem mortes nos dias [&hellip;]<\/p>\n","protected":false},"author":1,"featured_media":0,"comment_status":"open","ping_status":"open","sticky":false,"template":"","format":"standard","meta":{"ocean_post_layout":"","ocean_both_sidebars_style":"","ocean_both_sidebars_content_width":0,"ocean_both_sidebars_sidebars_width":0,"ocean_sidebar":"","ocean_second_sidebar":"","ocean_disable_margins":"enable","ocean_add_body_class":"","ocean_shortcode_before_top_bar":"","ocean_shortcode_after_top_bar":"","ocean_shortcode_before_header":"","ocean_shortcode_after_header":"","ocean_has_shortcode":"","ocean_shortcode_after_title":"","ocean_shortcode_before_footer_widgets":"","ocean_shortcode_after_footer_widgets":"","ocean_shortcode_before_footer_bottom":"","ocean_shortcode_after_footer_bottom":"","ocean_display_top_bar":"default","ocean_display_header":"default","ocean_header_style":"","ocean_center_header_left_menu":"","ocean_custom_header_template":"","ocean_custom_logo":0,"ocean_custom_retina_logo":0,"ocean_custom_logo_max_width":0,"ocean_custom_logo_tablet_max_width":0,"ocean_custom_logo_mobile_max_width":0,"ocean_custom_logo_max_height":0,"ocean_custom_logo_tablet_max_height":0,"ocean_custom_logo_mobile_max_height":0,"ocean_header_custom_menu":"","ocean_menu_typo_font_family":"","ocean_menu_typo_font_subset":"","ocean_menu_typo_font_size":0,"ocean_menu_typo_font_size_tablet":0,"ocean_menu_typo_font_size_mobile":0,"ocean_menu_typo_font_size_unit":"px","ocean_menu_typo_font_weight":"","ocean_menu_typo_font_weight_tablet":"","ocean_menu_typo_font_weight_mobile":"","ocean_menu_typo_transform":"","ocean_menu_typo_transform_tablet":"","ocean_menu_typo_transform_mobile":"","ocean_menu_typo_line_height":0,"ocean_menu_typo_line_height_tablet":0,"ocean_menu_typo_line_height_mobile":0,"ocean_menu_typo_line_height_unit":"","ocean_menu_typo_spacing":0,"ocean_menu_typo_spacing_tablet":0,"ocean_menu_typo_spacing_mobile":0,"ocean_menu_typo_spacing_unit":"","ocean_menu_link_color":"","ocean_menu_link_color_hover":"","ocean_menu_link_color_active":"","ocean_menu_link_background":"","ocean_menu_link_hover_background":"","ocean_menu_link_active_background":"","ocean_menu_social_links_bg":"","ocean_menu_social_hover_links_bg":"","ocean_menu_social_links_color":"","ocean_menu_social_hover_links_color":"","ocean_disable_title":"default","ocean_disable_heading":"default","ocean_post_title":"","ocean_post_subheading":"","ocean_post_title_style":"","ocean_post_title_background_color":"","ocean_post_title_background":0,"ocean_post_title_bg_image_position":"","ocean_post_title_bg_image_attachment":"","ocean_post_title_bg_image_repeat":"","ocean_post_title_bg_image_size":"","ocean_post_title_height":0,"ocean_post_title_bg_overlay":0.5,"ocean_post_title_bg_overlay_color":"","ocean_disable_breadcrumbs":"default","ocean_breadcrumbs_color":"","ocean_breadcrumbs_separator_color":"","ocean_breadcrumbs_links_color":"","ocean_breadcrumbs_links_hover_color":"","ocean_display_footer_widgets":"default","ocean_display_footer_bottom":"default","ocean_custom_footer_template":"","ocean_post_oembed":"","ocean_post_self_hosted_media":"","ocean_post_video_embed":"","ocean_link_format":"","ocean_link_format_target":"self","ocean_quote_format":"","ocean_quote_format_link":"post","ocean_gallery_link_images":"on","ocean_gallery_id":[]},"categories":[9],"tags":[],"acf":[],"_links":{"self":[{"href":"https:\/\/www.simepe.com.br\/novo\/wp-json\/wp\/v2\/posts\/61574"}],"collection":[{"href":"https:\/\/www.simepe.com.br\/novo\/wp-json\/wp\/v2\/posts"}],"about":[{"href":"https:\/\/www.simepe.com.br\/novo\/wp-json\/wp\/v2\/types\/post"}],"author":[{"embeddable":true,"href":"https:\/\/www.simepe.com.br\/novo\/wp-json\/wp\/v2\/users\/1"}],"replies":[{"embeddable":true,"href":"https:\/\/www.simepe.com.br\/novo\/wp-json\/wp\/v2\/comments?post=61574"}],"version-history":[{"count":1,"href":"https:\/\/www.simepe.com.br\/novo\/wp-json\/wp\/v2\/posts\/61574\/revisions"}],"predecessor-version":[{"id":61575,"href":"https:\/\/www.simepe.com.br\/novo\/wp-json\/wp\/v2\/posts\/61574\/revisions\/61575"}],"wp:attachment":[{"href":"https:\/\/www.simepe.com.br\/novo\/wp-json\/wp\/v2\/media?parent=61574"}],"wp:term":[{"taxonomy":"category","embeddable":true,"href":"https:\/\/www.simepe.com.br\/novo\/wp-json\/wp\/v2\/categories?post=61574"},{"taxonomy":"post_tag","embeddable":true,"href":"https:\/\/www.simepe.com.br\/novo\/wp-json\/wp\/v2\/tags?post=61574"}],"curies":[{"name":"wp","href":"https:\/\/api.w.org\/{rel}","templated":true}]}}