{"id":61606,"date":"2021-10-13T10:32:13","date_gmt":"2021-10-13T13:32:13","guid":{"rendered":"https:\/\/www.simepe.com.br\/novo\/?p=61606"},"modified":"2021-10-13T10:32:13","modified_gmt":"2021-10-13T13:32:13","slug":"covid-19-105-mil-idosos-acima-de-75-anos-no-brasil-nao-tomaram-dose-de-reforco-da-vacina","status":"publish","type":"post","link":"https:\/\/www.simepe.com.br\/novo\/covid-19-105-mil-idosos-acima-de-75-anos-no-brasil-nao-tomaram-dose-de-reforco-da-vacina\/","title":{"rendered":"Covid-19: 105 mil idosos acima de 75 anos no Brasil n\u00e3o tomaram dose de refor\u00e7o da vacina"},"content":{"rendered":"<p>Ao menos 105 mil idosos a partir de 75 anos que completaram o esquema vacinal contra a Covid-19 ainda n\u00e3o retornaram aos postos de sa\u00fade para receber a dose de refor\u00e7o, que come\u00e7ou a ser aplicada no dia 13 de setembro.<img src=\"https:\/\/agenciabrasil.ebc.com.br\/ebc.png?id=1424273&amp;o=node\" alt=\"\" \/><img src=\"https:\/\/agenciabrasil.ebc.com.br\/ebc.gif?id=1424273&amp;o=node\" alt=\"\" \/><\/p>\n<p>De acordo com o painel da\u00a0<a href=\"https:\/\/experience.arcgis.com\/experience\/38efc69787a346959c931568bd9e2cc4\" target=\"_blank\">Secretaria Municipal de Sa\u00fade<\/a>\u00a0(SMS), na faixa et\u00e1ria a partir de 80 anos, um total de 8.941 n\u00e3o se vacinaram e 9.622 tomaram apenas a primeira dose. O esquema completo com as duas doses foi aplicada em 55.394 pessoas e 146.309 j\u00e1 tomaram a dose de refor\u00e7o.<\/p>\n<p>Entre as pessoas de 75 a 79 anos, a estimativa \u00e9 que 100% do p\u00fablico-alvo tenha tomado ao menos a primeira dose, sendo que 13.725 tomaram apenas a primeira dose, 49.954 tomaram as duas doses regulares e 96.414 j\u00e1 tomaram a dose de refor\u00e7o.<\/p>\n<p>Na faixa de 70 a 74 anos, a estimativa \u00e9 que 8.721 pessoas n\u00e3o se vacinaram contra a Covid-19, 4.971 receberam apenas a primeira dose, 117.125 est\u00e3o com as duas doses do imunizante e 99.340 j\u00e1 tomaram a dose de refor\u00e7o.<\/p>\n<p>Pelo escalonamento por idade, podem voltar hoje (13) aos postos para receber a dose de refor\u00e7o as pessoas com 70 anos ou mais. At\u00e9 s\u00e1bado (16), a SMS conclui o refor\u00e7o nos idosos de 67 anos.<\/p>\n<p>Os trabalhadores da sa\u00fade que tomaram a segunda dose em fevereiro tamb\u00e9m podem se vacinar a partir de hoje, assim como as pessoas com alto grau de imunossupress\u00e3o que tomaram a segunda dose na cidade do Rio de Janeiro at\u00e9 31 de mar\u00e7o.<\/p>\n<p>O painel da SMS indica que 85,8% da popula\u00e7\u00e3o total do munic\u00edpio receberam pelo menos a primeira dose da vacina contra a Covid-19 e 58,5% est\u00e3o com o esquema completo. Dentro do p\u00fablico-alvo, a partir dos 12 anos, 99,2% receberam a primeira dose e 68,3% j\u00e1 tomaram as duas doses ou a dose \u00fanica.<\/p>\n<p>Hoje, a Secretaria de Estado de Sa\u00fade (SES) entrega 308.880 doses da vacina da Pfizer aos 92 munic\u00edpios do estado, destinadas \u00e0 segunda aplica\u00e7\u00e3o do esquema vacinal.<\/p>\n<section class=\"bannerBillboardDetalhe\">\n<div id=\"middle\">\u00a0Fonte: Folha de Pernambuco<\/div>\n<\/section>\n","protected":false},"excerpt":{"rendered":"<p>Ao menos 105 mil idosos a partir de 75 anos que completaram o esquema vacinal contra a Covid-19 ainda n\u00e3o retornaram aos postos de sa\u00fade para receber a dose de refor\u00e7o, que come\u00e7ou a ser aplicada no dia 13 de setembro. De acordo com o painel da\u00a0Secretaria Municipal de Sa\u00fade\u00a0(SMS), na faixa et\u00e1ria a partir [&hellip;]<\/p>\n","protected":false},"author":1,"featured_media":0,"comment_status":"open","ping_status":"open","sticky":false,"template":"","format":"standard","meta":{"ocean_post_layout":"","ocean_both_sidebars_style":"","ocean_both_sidebars_content_width":0,"ocean_both_sidebars_sidebars_width":0,"ocean_sidebar":"","ocean_second_sidebar":"","ocean_disable_margins":"enable","ocean_add_body_class":"","ocean_shortcode_before_top_bar":"","ocean_shortcode_after_top_bar":"","ocean_shortcode_before_header":"","ocean_shortcode_after_header":"","ocean_has_shortcode":"","ocean_shortcode_after_title":"","ocean_shortcode_before_footer_widgets":"","ocean_shortcode_after_footer_widgets":"","ocean_shortcode_before_footer_bottom":"","ocean_shortcode_after_footer_bottom":"","ocean_display_top_bar":"default","ocean_display_header":"default","ocean_header_style":"","ocean_center_header_left_menu":"","ocean_custom_header_template":"","ocean_custom_logo":0,"ocean_custom_retina_logo":0,"ocean_custom_logo_max_width":0,"ocean_custom_logo_tablet_max_width":0,"ocean_custom_logo_mobile_max_width":0,"ocean_custom_logo_max_height":0,"ocean_custom_logo_tablet_max_height":0,"ocean_custom_logo_mobile_max_height":0,"ocean_header_custom_menu":"","ocean_menu_typo_font_family":"","ocean_menu_typo_font_subset":"","ocean_menu_typo_font_size":0,"ocean_menu_typo_font_size_tablet":0,"ocean_menu_typo_font_size_mobile":0,"ocean_menu_typo_font_size_unit":"px","ocean_menu_typo_font_weight":"","ocean_menu_typo_font_weight_tablet":"","ocean_menu_typo_font_weight_mobile":"","ocean_menu_typo_transform":"","ocean_menu_typo_transform_tablet":"","ocean_menu_typo_transform_mobile":"","ocean_menu_typo_line_height":0,"ocean_menu_typo_line_height_tablet":0,"ocean_menu_typo_line_height_mobile":0,"ocean_menu_typo_line_height_unit":"","ocean_menu_typo_spacing":0,"ocean_menu_typo_spacing_tablet":0,"ocean_menu_typo_spacing_mobile":0,"ocean_menu_typo_spacing_unit":"","ocean_menu_link_color":"","ocean_menu_link_color_hover":"","ocean_menu_link_color_active":"","ocean_menu_link_background":"","ocean_menu_link_hover_background":"","ocean_menu_link_active_background":"","ocean_menu_social_links_bg":"","ocean_menu_social_hover_links_bg":"","ocean_menu_social_links_color":"","ocean_menu_social_hover_links_color":"","ocean_disable_title":"default","ocean_disable_heading":"default","ocean_post_title":"","ocean_post_subheading":"","ocean_post_title_style":"","ocean_post_title_background_color":"","ocean_post_title_background":0,"ocean_post_title_bg_image_position":"","ocean_post_title_bg_image_attachment":"","ocean_post_title_bg_image_repeat":"","ocean_post_title_bg_image_size":"","ocean_post_title_height":0,"ocean_post_title_bg_overlay":0.5,"ocean_post_title_bg_overlay_color":"","ocean_disable_breadcrumbs":"default","ocean_breadcrumbs_color":"","ocean_breadcrumbs_separator_color":"","ocean_breadcrumbs_links_color":"","ocean_breadcrumbs_links_hover_color":"","ocean_display_footer_widgets":"default","ocean_display_footer_bottom":"default","ocean_custom_footer_template":"","ocean_post_oembed":"","ocean_post_self_hosted_media":"","ocean_post_video_embed":"","ocean_link_format":"","ocean_link_format_target":"self","ocean_quote_format":"","ocean_quote_format_link":"post","ocean_gallery_link_images":"on","ocean_gallery_id":[]},"categories":[9],"tags":[],"acf":[],"_links":{"self":[{"href":"https:\/\/www.simepe.com.br\/novo\/wp-json\/wp\/v2\/posts\/61606"}],"collection":[{"href":"https:\/\/www.simepe.com.br\/novo\/wp-json\/wp\/v2\/posts"}],"about":[{"href":"https:\/\/www.simepe.com.br\/novo\/wp-json\/wp\/v2\/types\/post"}],"author":[{"embeddable":true,"href":"https:\/\/www.simepe.com.br\/novo\/wp-json\/wp\/v2\/users\/1"}],"replies":[{"embeddable":true,"href":"https:\/\/www.simepe.com.br\/novo\/wp-json\/wp\/v2\/comments?post=61606"}],"version-history":[{"count":1,"href":"https:\/\/www.simepe.com.br\/novo\/wp-json\/wp\/v2\/posts\/61606\/revisions"}],"predecessor-version":[{"id":61607,"href":"https:\/\/www.simepe.com.br\/novo\/wp-json\/wp\/v2\/posts\/61606\/revisions\/61607"}],"wp:attachment":[{"href":"https:\/\/www.simepe.com.br\/novo\/wp-json\/wp\/v2\/media?parent=61606"}],"wp:term":[{"taxonomy":"category","embeddable":true,"href":"https:\/\/www.simepe.com.br\/novo\/wp-json\/wp\/v2\/categories?post=61606"},{"taxonomy":"post_tag","embeddable":true,"href":"https:\/\/www.simepe.com.br\/novo\/wp-json\/wp\/v2\/tags?post=61606"}],"curies":[{"name":"wp","href":"https:\/\/api.w.org\/{rel}","templated":true}]}}