{"id":61652,"date":"2021-10-18T09:45:03","date_gmt":"2021-10-18T12:45:03","guid":{"rendered":"https:\/\/www.simepe.com.br\/novo\/?p=61652"},"modified":"2021-10-18T09:45:03","modified_gmt":"2021-10-18T12:45:03","slug":"oito-bairros-do-recife-terao-testagem-gratuita-para-covid-19-esta-semana-veja-onde","status":"publish","type":"post","link":"https:\/\/www.simepe.com.br\/novo\/oito-bairros-do-recife-terao-testagem-gratuita-para-covid-19-esta-semana-veja-onde\/","title":{"rendered":"Oito bairros do Recife ter\u00e3o testagem gratuita para Covid-19 esta semana; veja onde"},"content":{"rendered":"<p>Oito bairros do Recife recebem, esta semana, pontos de testagem gratuita para a Covid-19. Diariamente, desta ter\u00e7a-feira (19) a sexta-feira (22),\u00a0profissionais da Secretaria de Sa\u00fade (Sesau) estar\u00e3o em mais de um ponto da cidade, das 8h \u00e0s 16h <strong><em>[veja lista no final do texto]<\/em><\/strong>.<\/p>\n<p>Em cada local, segundo a pasta, podem ser feitos at\u00e9 200 testes por dia.\u00a0A testagem gratuita faz parte do\u00a0Programa TestaPE, do Governo de Pernambuco.<\/p>\n<p>Qualquer pessoa pode fazer o teste que detecta a doen\u00e7a ativa, basta apresentar um documento de identifica\u00e7\u00e3o. O resultado fica pronto em menos de 30 minutos.<\/p>\n<p>Caso sejam identificadas pessoas com sintomas respirat\u00f3rios, refor\u00e7a a Sesau, e o teste de ant\u00edgeno der negativo, os pr\u00f3prios profissionais agendam, por meio da plataforma\u00a0Atende em Casa, a realiza\u00e7\u00e3o do RT-PCR (teste padr\u00e3o ouro para detec\u00e7\u00e3o do v\u00edrus ativo).<\/p>\n<p>Durante a a\u00e7\u00e3o, os profissionais da Sesau tamb\u00e9m realizam abordagens educativas sobre a import\u00e2ncia da vacina contra a Covid-19.<\/p>\n<p>As pessoas que n\u00e3o tiverem recebido nenhuma dose ou n\u00e3o tiverem o esquema vacinal completo poder\u00e3o agendar, atrav\u00e9s do <a href=\"https:\/\/conectarecife.recife.pe.gov.br\/\" target=\"_blank\">Conecta Recife<\/a>, para tomar a dose.<\/p>\n<p>At\u00e9 agora, a Sesau aplicou 11.407 testes dentro do programa, dos quais 319 foram reagentes, o que representa uma positividade de 2,8% do total de examinados.<\/p>\n<p>Os casos positivos est\u00e3o sendo cadastrados no Atende em Casa para telemonitoramento e identifica\u00e7\u00e3o dos contatos da pessoa infectada.<\/p>\n<p><strong>Confira a programa\u00e7\u00e3o:<\/strong><\/p>\n<p><strong>Ter\u00e7a-feira (19)<\/strong><\/p>\n<p><strong>Conjunto Residencial Jo\u00e3o Paulo II<\/strong><\/p>\n<p>Endere\u00e7o: Av. Beberibe, 3530 &#8211; Porto da Madeira<\/p>\n<p><strong>Parque da Macaxeira &#8211; das 7h \u00e0s 11h<\/strong><\/p>\n<p>Endere\u00e7o: Av. Norte Miguel Arraes de Alencar, S\/N &#8211; Macaxeira<br \/>\n<strong>Esta\u00e7\u00e3o Afogados (Metr\u00f4)<\/strong><\/p>\n<p>Endere\u00e7o: Afogados<br \/>\n<strong>Clube de\u00a0M\u00e3es de Tr\u00eas Carneiros<\/strong><\/p>\n<p>Endere\u00e7o: Rua Ibiraj\u00e1, 235 -Tr\u00eas Carneiros<\/p>\n<p>&nbsp;<\/p>\n<p><strong>Campo do Bueir\u00e3o na Vila Santa Luzia Torre<\/strong><\/p>\n<p>Endere\u00e7o: Rua Zilda S. de Santana, S\/N &#8211; Torre<\/p>\n<p>&nbsp;<\/p>\n<p><strong>Quarta-feira (20)<\/strong><\/p>\n<p><strong>Conjunto Residencial Jo\u00e3o Paulo II<\/strong><\/p>\n<p>Endere\u00e7o: Av. Beberibe, 3530 &#8211; Porto da Madeira<\/p>\n<p>&nbsp;<\/p>\n<p><strong>Esta\u00e7\u00e3o Afogados (Metr\u00f4)<\/strong><\/p>\n<p>Endere\u00e7o: Afogados<\/p>\n<p>&nbsp;<\/p>\n<p><strong>Clube de M\u00e3es de Tr\u00eas Carneiros<\/strong><\/p>\n<p>Endere\u00e7o: Rua Ibiraj\u00e1, 235 -Tr\u00eas Carneiros<\/p>\n<p>&nbsp;<\/p>\n<p><strong>Quinta-feira (21)<\/strong><\/p>\n<p><strong>Conjunto Residencial Jo\u00e3o Paulo II<\/strong><\/p>\n<p>Endere\u00e7o: Av. Beberibe, 3530 &#8211; Porto da Madeira<\/p>\n<p>&nbsp;<\/p>\n<p><strong>Sesc Casa Amarela<\/strong><\/p>\n<p>Endere\u00e7o: Av. Norte Miguel Arraes de Alencar, 1190 &#8211; Mangabeira<\/p>\n<p>&nbsp;<\/p>\n<p><strong>Esta\u00e7\u00e3o Central do Recife (Metr\u00f4)<\/strong><\/p>\n<p>Endere\u00e7o: S\u00e3o Jos\u00e9<\/p>\n<p>&nbsp;<\/p>\n<p><strong>Clube de M\u00e3es de Tr\u00eas Carneiros<\/strong><\/p>\n<p>Endere\u00e7o: Rua Ibiraj\u00e1, 235 -Tr\u00eas Carneiros<\/p>\n<p>&nbsp;<\/p>\n<p><strong>Campo do Bueir\u00e3o na Vila Santa Luzia Torre<\/strong><\/p>\n<p>Endere\u00e7o: Rua Zilda S. de Santana, S\/N &#8211; Torre<\/p>\n<p>&nbsp;<\/p>\n<p><strong>Convento S\u00e3o F\u00e9lix Cantalice<\/strong><\/p>\n<p>Endere\u00e7o: Rua Jos\u00e9 Rodrigues, 160 &#8211; Pina<\/p>\n<p>&nbsp;<\/p>\n<p><strong>Sexta-feira (22)<\/strong><\/p>\n<p><strong>Esta\u00e7\u00e3o Central do Recife (Metr\u00f4<\/strong>)<\/p>\n<p>Endere\u00e7o: S\u00e3o Jos\u00e9<\/p>\n<p>&nbsp;<\/p>\n<p><strong>CS Sa\u00fade Bidu Krause<\/strong><\/p>\n<p>Endere\u00e7o: 3\u00aa Travessa Onze de Agosto &#8211; Curado<\/p>\n<p>&nbsp;<\/p>\n<p><strong>Convento S\u00e3o F\u00e9lix Cantalice<\/strong><\/p>\n<p>Endere\u00e7o: Rua Jos\u00e9 Rodrigues, 160 &#8211; Pina<\/p>\n<p>&nbsp;<\/p>\n<p>Fonte: Folha de Pernambuco<\/p>\n<p>&nbsp;<\/p>\n","protected":false},"excerpt":{"rendered":"<p>Oito bairros do Recife recebem, esta semana, pontos de testagem gratuita para a Covid-19. Diariamente, desta ter\u00e7a-feira (19) a sexta-feira (22),\u00a0profissionais da Secretaria de Sa\u00fade (Sesau) estar\u00e3o em mais de um ponto da cidade, das 8h \u00e0s 16h [veja lista no final do texto]. Em cada local, segundo a pasta, podem ser feitos at\u00e9 200 [&hellip;]<\/p>\n","protected":false},"author":1,"featured_media":0,"comment_status":"open","ping_status":"open","sticky":false,"template":"","format":"standard","meta":{"ocean_post_layout":"","ocean_both_sidebars_style":"","ocean_both_sidebars_content_width":0,"ocean_both_sidebars_sidebars_width":0,"ocean_sidebar":"","ocean_second_sidebar":"","ocean_disable_margins":"enable","ocean_add_body_class":"","ocean_shortcode_before_top_bar":"","ocean_shortcode_after_top_bar":"","ocean_shortcode_before_header":"","ocean_shortcode_after_header":"","ocean_has_shortcode":"","ocean_shortcode_after_title":"","ocean_shortcode_before_footer_widgets":"","ocean_shortcode_after_footer_widgets":"","ocean_shortcode_before_footer_bottom":"","ocean_shortcode_after_footer_bottom":"","ocean_display_top_bar":"default","ocean_display_header":"default","ocean_header_style":"","ocean_center_header_left_menu":"","ocean_custom_header_template":"","ocean_custom_logo":0,"ocean_custom_retina_logo":0,"ocean_custom_logo_max_width":0,"ocean_custom_logo_tablet_max_width":0,"ocean_custom_logo_mobile_max_width":0,"ocean_custom_logo_max_height":0,"ocean_custom_logo_tablet_max_height":0,"ocean_custom_logo_mobile_max_height":0,"ocean_header_custom_menu":"","ocean_menu_typo_font_family":"","ocean_menu_typo_font_subset":"","ocean_menu_typo_font_size":0,"ocean_menu_typo_font_size_tablet":0,"ocean_menu_typo_font_size_mobile":0,"ocean_menu_typo_font_size_unit":"px","ocean_menu_typo_font_weight":"","ocean_menu_typo_font_weight_tablet":"","ocean_menu_typo_font_weight_mobile":"","ocean_menu_typo_transform":"","ocean_menu_typo_transform_tablet":"","ocean_menu_typo_transform_mobile":"","ocean_menu_typo_line_height":0,"ocean_menu_typo_line_height_tablet":0,"ocean_menu_typo_line_height_mobile":0,"ocean_menu_typo_line_height_unit":"","ocean_menu_typo_spacing":0,"ocean_menu_typo_spacing_tablet":0,"ocean_menu_typo_spacing_mobile":0,"ocean_menu_typo_spacing_unit":"","ocean_menu_link_color":"","ocean_menu_link_color_hover":"","ocean_menu_link_color_active":"","ocean_menu_link_background":"","ocean_menu_link_hover_background":"","ocean_menu_link_active_background":"","ocean_menu_social_links_bg":"","ocean_menu_social_hover_links_bg":"","ocean_menu_social_links_color":"","ocean_menu_social_hover_links_color":"","ocean_disable_title":"default","ocean_disable_heading":"default","ocean_post_title":"","ocean_post_subheading":"","ocean_post_title_style":"","ocean_post_title_background_color":"","ocean_post_title_background":0,"ocean_post_title_bg_image_position":"","ocean_post_title_bg_image_attachment":"","ocean_post_title_bg_image_repeat":"","ocean_post_title_bg_image_size":"","ocean_post_title_height":0,"ocean_post_title_bg_overlay":0.5,"ocean_post_title_bg_overlay_color":"","ocean_disable_breadcrumbs":"default","ocean_breadcrumbs_color":"","ocean_breadcrumbs_separator_color":"","ocean_breadcrumbs_links_color":"","ocean_breadcrumbs_links_hover_color":"","ocean_display_footer_widgets":"default","ocean_display_footer_bottom":"default","ocean_custom_footer_template":"","ocean_post_oembed":"","ocean_post_self_hosted_media":"","ocean_post_video_embed":"","ocean_link_format":"","ocean_link_format_target":"self","ocean_quote_format":"","ocean_quote_format_link":"post","ocean_gallery_link_images":"on","ocean_gallery_id":[]},"categories":[9],"tags":[],"acf":[],"_links":{"self":[{"href":"https:\/\/www.simepe.com.br\/novo\/wp-json\/wp\/v2\/posts\/61652"}],"collection":[{"href":"https:\/\/www.simepe.com.br\/novo\/wp-json\/wp\/v2\/posts"}],"about":[{"href":"https:\/\/www.simepe.com.br\/novo\/wp-json\/wp\/v2\/types\/post"}],"author":[{"embeddable":true,"href":"https:\/\/www.simepe.com.br\/novo\/wp-json\/wp\/v2\/users\/1"}],"replies":[{"embeddable":true,"href":"https:\/\/www.simepe.com.br\/novo\/wp-json\/wp\/v2\/comments?post=61652"}],"version-history":[{"count":1,"href":"https:\/\/www.simepe.com.br\/novo\/wp-json\/wp\/v2\/posts\/61652\/revisions"}],"predecessor-version":[{"id":61653,"href":"https:\/\/www.simepe.com.br\/novo\/wp-json\/wp\/v2\/posts\/61652\/revisions\/61653"}],"wp:attachment":[{"href":"https:\/\/www.simepe.com.br\/novo\/wp-json\/wp\/v2\/media?parent=61652"}],"wp:term":[{"taxonomy":"category","embeddable":true,"href":"https:\/\/www.simepe.com.br\/novo\/wp-json\/wp\/v2\/categories?post=61652"},{"taxonomy":"post_tag","embeddable":true,"href":"https:\/\/www.simepe.com.br\/novo\/wp-json\/wp\/v2\/tags?post=61652"}],"curies":[{"name":"wp","href":"https:\/\/api.w.org\/{rel}","templated":true}]}}