{"id":61658,"date":"2021-10-18T09:49:44","date_gmt":"2021-10-18T12:49:44","guid":{"rendered":"https:\/\/www.simepe.com.br\/novo\/?p=61658"},"modified":"2021-10-18T09:49:44","modified_gmt":"2021-10-18T12:49:44","slug":"secretaria-alerta-sobre-o-rastreamento-precoce-do-cancer-de-mama-e-do-colo-do-utero","status":"publish","type":"post","link":"https:\/\/www.simepe.com.br\/novo\/secretaria-alerta-sobre-o-rastreamento-precoce-do-cancer-de-mama-e-do-colo-do-utero\/","title":{"rendered":"Secretaria alerta sobre o rastreamento precoce do c\u00e2ncer de mama e do colo do \u00fatero"},"content":{"rendered":"<p>Um levantamento realizado pela Secretaria Estadual de Sa\u00fade (SES-PE) destaca que no ano de 2020, 801 mulheres faleceram em decorr\u00eancia dos tumores de mama, causa que ocupa o 1\u00ba lugar entre as neoplasias malignas em mulheres no pa\u00eds. O c\u00e2ncer de mama acomete principalmente mulheres com idade superior a 50 anos, sendo nesta popula\u00e7\u00e3o, a principal causa de morte por tumores malignos. J\u00e1 o c\u00e2ncer de colo do \u00fatero se tornou o quarto tipo mais comum em mulheres no mundo, e em Pernambuco no ano de 2020 foram notificados 315 \u00f3bitos por este tipo de neoplasia. Para refor\u00e7ar a sa\u00fade das mulheres, a campanha do Outubro Rosa estimula a conscientiza\u00e7\u00e3o sobre a import\u00e2ncia do diagn\u00f3stico precoce das doen\u00e7as.<\/p>\n<p>\u201cAs a\u00e7\u00f5es integradas possuem quatro eixos priorit\u00e1rios, que come\u00e7a com o rastreamento organizado atrav\u00e9s de busca ativa para realiza\u00e7\u00e3o dos exames em mulheres na faixa et\u00e1ria com maior risco de apresentarem les\u00e3o (mama \u2013 50 aos 69 anos e colo do \u00fatero \u2013 25 aos 64 anos), seguido de busca ativa, que envolve a localiza\u00e7\u00e3o das mulheres com resultados alterados de exames citopatol\u00f3gicos ou mamografias. As a\u00e7\u00f5es envolvem ainda a conclus\u00e3o diagn\u00f3stica e tratamento, etapas que envolvem o encerramento diagn\u00f3stico e o encaminhamento para servi\u00e7os de refer\u00eancia\u201d, explica a gerente de Aten\u00e7\u00e3o \u00e0 Sa\u00fade da Mulher da SES-PE, Cleon\u00fasia Vasconcelos.<\/p>\n<p>De acordo com o levantamento da SES-PE, no ano passado, os 801 \u00f3bitos de mulheres por neoplasia maligna de mama ocorreram, em sua maioria, nas faixas de 50 a 59 anos (207 \u00f3bitos), 60 a 69 (153) e 70 a 79 (146). J\u00e1 os casos de colo do \u00fatero, apresentam uma varia\u00e7\u00e3o na faixa et\u00e1ria de maior incid\u00eancia: 40 a 49 (75), 50 a 59 (64), 60 a 69 (55).<\/p>\n<p>Segundo o Sistema de Informa\u00e7\u00f5es Ambulatoriais do Sistema \u00danico de Sa\u00fade do Minist\u00e9rio da Sa\u00fade, foram realizadas, em todo o Estado de Pernambuco, 71.818 mamografias entre os meses de janeiro e julho deste ano. Em todo de 2020, esse n\u00famero foi de 92.297.<br \/>\nEm Pernambuco, as estimativas para 2021, segundo o Instituto Nacional do C\u00e2ncer (Inca), s\u00e3o de 2.390 casos novos de c\u00e2ncer de mama com uma taxa bruta de 47,86 casos a cada 100 mil mulheres. J\u00e1 para os casos envolvendo o c\u00e2ncer de colo do \u00fatero, essa estimativa \u00e9 um pouco mais baixa, mas ainda preocupante.<\/p>\n<p>\u201cO Inca estima para Pernambuco o surgimento de 730 novos casos de c\u00e2ncer do colo do \u00fatero, com uma taxa bruta de 14,64 a cada 100 mil mulheres. Esse dado nos traz um alerta para a import\u00e2ncia das a\u00e7\u00f5es preventivas envolvendo essas duas neoplasias que podem ser combatidas precocemente e com grandes chances de cura com tratamento\u201d, refor\u00e7a a gestora.<\/p>\n<p>A gerente de Aten\u00e7\u00e3o \u00e0 Sa\u00fade da Mulher ainda destaca os m\u00e9todos para rastreamento dos dois tipos de c\u00e2nceres no Brasil. \u201cPara os casos de mulheres sem sinais e sintomas, a recomenda\u00e7\u00e3o para detec\u00e7\u00e3o precoce do c\u00e2ncer de mama \u00e9 a realiza\u00e7\u00e3o da mamografia de rastreamento, para aquelas entre 50 e 69 anos de idade, faixa com maior incid\u00eancia para c\u00e2ncer de mama. Nesses casos, o exame pode ser feito a cada dois anos\u201d, disse.<\/p>\n<p>Pernambuco conta com servi\u00e7os de refer\u00eancia para o atendimento de casos dos c\u00e2nceres de colo do \u00fatero e de mama consideradas de alta complexidade, s\u00e3o eles: I Macro: hospitais Bar\u00e3o de Lucena, Cl\u00ednicas, do C\u00e2ncer e Universit\u00e1rio Oswaldo Cruz (HUOC) &#8211; todos no Recife; II Macro: hospitais Regional do Agreste e Mestre Vitalino &#8211; em Caruaru; III Macro: Hospital Memorial Arcoverde e na IV Macro: hospitais Dom Tom\u00e1s (Petrolina) e Memorial Arcoverde.<\/p>\n<p>\u201cJ\u00e1 o m\u00e9todo de rastreamento do c\u00e2ncer do colo do \u00fatero e de suas les\u00f5es precursoras \u00e9 o exame citopatol\u00f3gico, mais conhecido como exame de papanicolaou ou preventivo. Para estes casos observa-se o seguinte: os dois primeiros exames devem ser realizados com intervalo anual e, se ambos os resultados forem negativos, os pr\u00f3ximos devem ser realizados a cada tr\u00eas anos, sendo a faixa et\u00e1ria priorit\u00e1ria de 25 a 64 anos\u201d, finaliza Cleon\u00fasia Vasconcelos.<\/p>\n<p><strong>HPV<\/strong><br \/>\nAl\u00e9m do exame citopatol\u00f3gico, outra forma de preven\u00e7\u00e3o contra o c\u00e2ncer de colo do \u00fatero \u00e9 a vacina\u00e7\u00e3o. Meninas de 9 a 14 anos e meninos com idades entre 11 e 14 precisam receber a dose do imunizante que protege contra o Papiloma V\u00edrus Humano (HPV), causador do c\u00e2ncer de colo do \u00fatero nas mulheres. Em todo o pa\u00eds, at\u00e9 29 de outubro, acontece a Campanha de Multivacina\u00e7\u00e3o para Atualiza\u00e7\u00e3o da Caderneta de Vacina\u00e7\u00e3o que visa atualiza\u00e7\u00e3o dos esquemas vacinais de crian\u00e7as e adolescentes com a aplica\u00e7\u00e3o de alguns imunobiol\u00f3gicos que j\u00e1 fazem parte do calend\u00e1rio de rotina nos postos de sa\u00fade, como poliomielite, hepatites A e B, tr\u00edplice viral, rotav\u00edrus humano, dTp e a vacina contra o HPV.<\/p>\n<p>Fonte: Diario de Pernambuco<\/p>\n","protected":false},"excerpt":{"rendered":"<p>Um levantamento realizado pela Secretaria Estadual de Sa\u00fade (SES-PE) destaca que no ano de 2020, 801 mulheres faleceram em decorr\u00eancia dos tumores de mama, causa que ocupa o 1\u00ba lugar entre as neoplasias malignas em mulheres no pa\u00eds. O c\u00e2ncer de mama acomete principalmente mulheres com idade superior a 50 anos, sendo nesta popula\u00e7\u00e3o, a [&hellip;]<\/p>\n","protected":false},"author":1,"featured_media":0,"comment_status":"open","ping_status":"open","sticky":false,"template":"","format":"standard","meta":{"ocean_post_layout":"","ocean_both_sidebars_style":"","ocean_both_sidebars_content_width":0,"ocean_both_sidebars_sidebars_width":0,"ocean_sidebar":"","ocean_second_sidebar":"","ocean_disable_margins":"enable","ocean_add_body_class":"","ocean_shortcode_before_top_bar":"","ocean_shortcode_after_top_bar":"","ocean_shortcode_before_header":"","ocean_shortcode_after_header":"","ocean_has_shortcode":"","ocean_shortcode_after_title":"","ocean_shortcode_before_footer_widgets":"","ocean_shortcode_after_footer_widgets":"","ocean_shortcode_before_footer_bottom":"","ocean_shortcode_after_footer_bottom":"","ocean_display_top_bar":"default","ocean_display_header":"default","ocean_header_style":"","ocean_center_header_left_menu":"","ocean_custom_header_template":"","ocean_custom_logo":0,"ocean_custom_retina_logo":0,"ocean_custom_logo_max_width":0,"ocean_custom_logo_tablet_max_width":0,"ocean_custom_logo_mobile_max_width":0,"ocean_custom_logo_max_height":0,"ocean_custom_logo_tablet_max_height":0,"ocean_custom_logo_mobile_max_height":0,"ocean_header_custom_menu":"","ocean_menu_typo_font_family":"","ocean_menu_typo_font_subset":"","ocean_menu_typo_font_size":0,"ocean_menu_typo_font_size_tablet":0,"ocean_menu_typo_font_size_mobile":0,"ocean_menu_typo_font_size_unit":"px","ocean_menu_typo_font_weight":"","ocean_menu_typo_font_weight_tablet":"","ocean_menu_typo_font_weight_mobile":"","ocean_menu_typo_transform":"","ocean_menu_typo_transform_tablet":"","ocean_menu_typo_transform_mobile":"","ocean_menu_typo_line_height":0,"ocean_menu_typo_line_height_tablet":0,"ocean_menu_typo_line_height_mobile":0,"ocean_menu_typo_line_height_unit":"","ocean_menu_typo_spacing":0,"ocean_menu_typo_spacing_tablet":0,"ocean_menu_typo_spacing_mobile":0,"ocean_menu_typo_spacing_unit":"","ocean_menu_link_color":"","ocean_menu_link_color_hover":"","ocean_menu_link_color_active":"","ocean_menu_link_background":"","ocean_menu_link_hover_background":"","ocean_menu_link_active_background":"","ocean_menu_social_links_bg":"","ocean_menu_social_hover_links_bg":"","ocean_menu_social_links_color":"","ocean_menu_social_hover_links_color":"","ocean_disable_title":"default","ocean_disable_heading":"default","ocean_post_title":"","ocean_post_subheading":"","ocean_post_title_style":"","ocean_post_title_background_color":"","ocean_post_title_background":0,"ocean_post_title_bg_image_position":"","ocean_post_title_bg_image_attachment":"","ocean_post_title_bg_image_repeat":"","ocean_post_title_bg_image_size":"","ocean_post_title_height":0,"ocean_post_title_bg_overlay":0.5,"ocean_post_title_bg_overlay_color":"","ocean_disable_breadcrumbs":"default","ocean_breadcrumbs_color":"","ocean_breadcrumbs_separator_color":"","ocean_breadcrumbs_links_color":"","ocean_breadcrumbs_links_hover_color":"","ocean_display_footer_widgets":"default","ocean_display_footer_bottom":"default","ocean_custom_footer_template":"","ocean_post_oembed":"","ocean_post_self_hosted_media":"","ocean_post_video_embed":"","ocean_link_format":"","ocean_link_format_target":"self","ocean_quote_format":"","ocean_quote_format_link":"post","ocean_gallery_link_images":"on","ocean_gallery_id":[]},"categories":[9],"tags":[],"acf":[],"_links":{"self":[{"href":"https:\/\/www.simepe.com.br\/novo\/wp-json\/wp\/v2\/posts\/61658"}],"collection":[{"href":"https:\/\/www.simepe.com.br\/novo\/wp-json\/wp\/v2\/posts"}],"about":[{"href":"https:\/\/www.simepe.com.br\/novo\/wp-json\/wp\/v2\/types\/post"}],"author":[{"embeddable":true,"href":"https:\/\/www.simepe.com.br\/novo\/wp-json\/wp\/v2\/users\/1"}],"replies":[{"embeddable":true,"href":"https:\/\/www.simepe.com.br\/novo\/wp-json\/wp\/v2\/comments?post=61658"}],"version-history":[{"count":1,"href":"https:\/\/www.simepe.com.br\/novo\/wp-json\/wp\/v2\/posts\/61658\/revisions"}],"predecessor-version":[{"id":61659,"href":"https:\/\/www.simepe.com.br\/novo\/wp-json\/wp\/v2\/posts\/61658\/revisions\/61659"}],"wp:attachment":[{"href":"https:\/\/www.simepe.com.br\/novo\/wp-json\/wp\/v2\/media?parent=61658"}],"wp:term":[{"taxonomy":"category","embeddable":true,"href":"https:\/\/www.simepe.com.br\/novo\/wp-json\/wp\/v2\/categories?post=61658"},{"taxonomy":"post_tag","embeddable":true,"href":"https:\/\/www.simepe.com.br\/novo\/wp-json\/wp\/v2\/tags?post=61658"}],"curies":[{"name":"wp","href":"https:\/\/api.w.org\/{rel}","templated":true}]}}