{"id":61669,"date":"2021-10-14T13:46:23","date_gmt":"2021-10-14T16:46:23","guid":{"rendered":"https:\/\/www.simepe.com.br\/novo\/?p=61669"},"modified":"2021-10-18T13:49:12","modified_gmt":"2021-10-18T16:49:12","slug":"90-anos-em-defesa-dos-medicos-de-pernambuco","status":"publish","type":"post","link":"https:\/\/www.simepe.com.br\/novo\/90-anos-em-defesa-dos-medicos-de-pernambuco\/","title":{"rendered":"90 anos em defesa dos m\u00e9dicos de Pernambuco"},"content":{"rendered":"<p style=\"text-align: justify;\"><em>Claudia Beatriz Andrade<\/em><br \/>\n<em> Presidente do Simepe (gest\u00e3o de 2019 e 2022)<\/em><\/p>\n<p style=\"text-align: justify;\">A hist\u00f3ria se escreve com alguns m\u00e9dicos que dedicaram parte de suas vidas, conciliando esta atividade com o exerc\u00edcio profissional, para lutar e ajudar a categoria no estado de Pernambuco. S\u00e3o fatos e acontecimentos que iniciaram no dia 14 de outubro de 1931, quando 33 m\u00e9dicos, dentre eles, Barros Lima, Edgar Altino, Ageu Magalh\u00e3es, Geraldo Andrade e Jorge Lobo, fundaram o Sindicato dos M\u00e9dicos de Pernambuco (Simepe), que teve como primeiro presidente o professor Jo\u00e3o Marques.<\/p>\n<p style=\"text-align: justify;\">O Simepe \u00e9 o segundo sindicato de medicina mais antigo do Brasil e, ao longo de sua exist\u00eancia, a entidade enfrentou v\u00e1rias crises pol\u00edticas, econ\u00f4micas e sociais. Sempre lutando pelos interesses da categoria, al\u00e9m de defender o servi\u00e7o p\u00fablico e melhorias das condi\u00e7\u00f5es de trabalho, o sindicato busca continuamente a valoriza\u00e7\u00e3o da classe m\u00e9dica e os princ\u00edpios da medicina, pautada pela rela\u00e7\u00e3o m\u00e9dico-paciente e sua autonomia.<\/p>\n<p style=\"text-align: justify;\">\u00c9 importante ressaltar que o Simepe viveu 21 anos de ditadura militar. Na \u00e9poca, os militares desapropriaram as instala\u00e7\u00f5es do sindicato &#8211; pr\u00e9dio que ficava em frente ao Parque 13 de Maio, onde a entidade funcionava. Todos os documentos, e o \u00fanico bir\u00f4, foram jogados na rua. Nessa ocasi\u00e3o, o sindicato foi acolhido na Sociedade de Medicina, onde passou a atuar. \u00c9 necess\u00e1rio tamb\u00e9m referenciar a import\u00e2ncia dos advogados Geraldo Neves e \u00c9lio Siqueira para a representa\u00e7\u00e3o classista, em meio \u00e0 d\u00e9cada de 1960, quando entraram na Justi\u00e7a, em favor dos m\u00e9dicos.<\/p>\n<p style=\"text-align: justify;\">Ap\u00f3s a ditadura, o Simepe passou por uma fase de dificuldades, quando no ano de 1992 uma junta governativa assumiu as r\u00e9deas da gest\u00e3o no decorrer de seis meses. A partir de ent\u00e3o, registramos sucess\u00f5es de dire\u00e7\u00f5es que v\u00eam impulsionando a entidade at\u00e9 os dias atuais, atingindo reconhecimento para al\u00e9m do estado e sendo refer\u00eancia, por suas lutas e conquistas, a n\u00edvel nacional.<\/p>\n<p style=\"text-align: justify;\">Em sua constante batalha, a entidade vivenciou grandes conquistas. Uma delas foi em 2007, quando a categoria, desmotivada por longos anos sem aumento salarial, fez registro do maior movimento m\u00e9dico do estado. M\u00e9dicos pediram demiss\u00e3o, e ap\u00f3s dupla negocia\u00e7\u00e3o com o governo, cativou expressivo reajuste salarial, ganhos na gratifica\u00e7\u00e3o de plant\u00e3o, al\u00e9m de um Plano de Cargos, Carreiras e Vencimentos (PCCV) exclusivo para a categoria.<\/p>\n<p style=\"text-align: justify;\">\u00c9 ineg\u00e1vel essa longa caminhada que completa 90 anos nesta data, em um momento em que vivenciamos a maior crise sanit\u00e1ria do planeta. S\u00e3o 18 meses de supera\u00e7\u00e3o para todos os m\u00e9dicos que, mostrando o seu compromisso social, venceram seus medos, buscando conhecimento em tempo real, para zelar pelos seus pacientes. A categoria viveu ang\u00fastias e conquistas di\u00e1rias; sentiu todos os frutos na pele. Uma classe que, com muita maestria e for\u00e7a enorme, salvou muitas vidas e amenizou muito sofrimento.<\/p>\n<p style=\"text-align: justify;\">O Simepe esteve presente diariamente com os m\u00e9dicos do estado, cobrando Equipamentos de Prote\u00e7\u00e3o Individual, v\u00ednculos formais, prote\u00e7\u00e3o para os grupos de risco, al\u00e9m de lutar contra a redu\u00e7\u00e3o salarial, acolhendo o m\u00e9dico. Durante esta luta, o sindicato lamentou a perda de v\u00e1rios colegas\/amigos, destacando o dr. Assuero Gomes, diretor da entidade, que faleceu devido \u00e0 Covid-19.<\/p>\n<p style=\"text-align: justify;\">Apesar das dificuldades, seguimos como guarda avan\u00e7ada e o Simepe continua sendo s\u00edmbolo de luta, resist\u00eancia e refer\u00eancia em todo o pa\u00eds, construindo movimentos reivindicat\u00f3rios, atos p\u00fablicos, manifesta\u00e7\u00f5es, greves e paralisa\u00e7\u00f5es que mantiveram sua fidelidade ao conceito de ser um sindicato independente, aut\u00f4nomo e combativo. Nunca ficamos calados nem omissos aos desmandos e ao sucateamento da sa\u00fade p\u00fablica, bem como ao descaso e abandono dos hospitais p\u00fablicos, das maternidades, postos de sa\u00fade, Upas e Upinhas.<\/p>\n<p style=\"text-align: justify;\">O Simepe \u00e9 um jovem guerreiro que n\u00e3o foge da luta, n\u00e3o descansa e est\u00e1 sempre atento em sua renova\u00e7\u00e3o constante. \u00c9 com a uni\u00e3o e participa\u00e7\u00e3o dos m\u00e9dicos e m\u00e9dicas que seguiremos com for\u00e7a, coragem e vigor, empunhando a bandeira simepiana rumo ao nosso centen\u00e1rio.<\/p>\n<p style=\"text-align: justify;\">Eu, Claudia Beatriz, parabenizo a todos os m\u00e9dicos do estado por fazerem do sindicato este grande instrumento de luta e agrade\u00e7o imensamente a oportunidade de contribuir com essa hist\u00f3ria, sendo a terceira mulher presidente da entidade ao longo dos seus 90 anos de exist\u00eancia.<\/p>\n<p style=\"text-align: justify;\"><a href=\"https:\/\/www.diariodepernambuco.com.br\/noticia\/opiniao\/2021\/10\/90-anos-em-defesa-dos-medicos-de-pernambuco.html\">Fonte: Diario de Pernambuco<\/a><\/p>\n","protected":false},"excerpt":{"rendered":"<p>Claudia Beatriz Andrade Presidente do Simepe (gest\u00e3o de 2019 e 2022) A hist\u00f3ria se escreve com alguns m\u00e9dicos que dedicaram parte de suas vidas, conciliando esta atividade com o exerc\u00edcio profissional, para lutar e ajudar a categoria no estado de Pernambuco. S\u00e3o fatos e acontecimentos que iniciaram no dia 14 de outubro de 1931, quando [&hellip;]<\/p>\n","protected":false},"author":1,"featured_media":0,"comment_status":"open","ping_status":"open","sticky":false,"template":"","format":"standard","meta":{"ocean_post_layout":"","ocean_both_sidebars_style":"","ocean_both_sidebars_content_width":0,"ocean_both_sidebars_sidebars_width":0,"ocean_sidebar":"","ocean_second_sidebar":"","ocean_disable_margins":"enable","ocean_add_body_class":"","ocean_shortcode_before_top_bar":"","ocean_shortcode_after_top_bar":"","ocean_shortcode_before_header":"","ocean_shortcode_after_header":"","ocean_has_shortcode":"","ocean_shortcode_after_title":"","ocean_shortcode_before_footer_widgets":"","ocean_shortcode_after_footer_widgets":"","ocean_shortcode_before_footer_bottom":"","ocean_shortcode_after_footer_bottom":"","ocean_display_top_bar":"default","ocean_display_header":"default","ocean_header_style":"","ocean_center_header_left_menu":"","ocean_custom_header_template":"","ocean_custom_logo":0,"ocean_custom_retina_logo":0,"ocean_custom_logo_max_width":0,"ocean_custom_logo_tablet_max_width":0,"ocean_custom_logo_mobile_max_width":0,"ocean_custom_logo_max_height":0,"ocean_custom_logo_tablet_max_height":0,"ocean_custom_logo_mobile_max_height":0,"ocean_header_custom_menu":"","ocean_menu_typo_font_family":"","ocean_menu_typo_font_subset":"","ocean_menu_typo_font_size":0,"ocean_menu_typo_font_size_tablet":0,"ocean_menu_typo_font_size_mobile":0,"ocean_menu_typo_font_size_unit":"px","ocean_menu_typo_font_weight":"","ocean_menu_typo_font_weight_tablet":"","ocean_menu_typo_font_weight_mobile":"","ocean_menu_typo_transform":"","ocean_menu_typo_transform_tablet":"","ocean_menu_typo_transform_mobile":"","ocean_menu_typo_line_height":0,"ocean_menu_typo_line_height_tablet":0,"ocean_menu_typo_line_height_mobile":0,"ocean_menu_typo_line_height_unit":"","ocean_menu_typo_spacing":0,"ocean_menu_typo_spacing_tablet":0,"ocean_menu_typo_spacing_mobile":0,"ocean_menu_typo_spacing_unit":"","ocean_menu_link_color":"","ocean_menu_link_color_hover":"","ocean_menu_link_color_active":"","ocean_menu_link_background":"","ocean_menu_link_hover_background":"","ocean_menu_link_active_background":"","ocean_menu_social_links_bg":"","ocean_menu_social_hover_links_bg":"","ocean_menu_social_links_color":"","ocean_menu_social_hover_links_color":"","ocean_disable_title":"default","ocean_disable_heading":"default","ocean_post_title":"","ocean_post_subheading":"","ocean_post_title_style":"","ocean_post_title_background_color":"","ocean_post_title_background":0,"ocean_post_title_bg_image_position":"","ocean_post_title_bg_image_attachment":"","ocean_post_title_bg_image_repeat":"","ocean_post_title_bg_image_size":"","ocean_post_title_height":0,"ocean_post_title_bg_overlay":0.5,"ocean_post_title_bg_overlay_color":"","ocean_disable_breadcrumbs":"default","ocean_breadcrumbs_color":"","ocean_breadcrumbs_separator_color":"","ocean_breadcrumbs_links_color":"","ocean_breadcrumbs_links_hover_color":"","ocean_display_footer_widgets":"default","ocean_display_footer_bottom":"default","ocean_custom_footer_template":"","ocean_post_oembed":"","ocean_post_self_hosted_media":"","ocean_post_video_embed":"","ocean_link_format":"","ocean_link_format_target":"self","ocean_quote_format":"","ocean_quote_format_link":"post","ocean_gallery_link_images":"on","ocean_gallery_id":[]},"categories":[1],"tags":[],"acf":[],"_links":{"self":[{"href":"https:\/\/www.simepe.com.br\/novo\/wp-json\/wp\/v2\/posts\/61669"}],"collection":[{"href":"https:\/\/www.simepe.com.br\/novo\/wp-json\/wp\/v2\/posts"}],"about":[{"href":"https:\/\/www.simepe.com.br\/novo\/wp-json\/wp\/v2\/types\/post"}],"author":[{"embeddable":true,"href":"https:\/\/www.simepe.com.br\/novo\/wp-json\/wp\/v2\/users\/1"}],"replies":[{"embeddable":true,"href":"https:\/\/www.simepe.com.br\/novo\/wp-json\/wp\/v2\/comments?post=61669"}],"version-history":[{"count":1,"href":"https:\/\/www.simepe.com.br\/novo\/wp-json\/wp\/v2\/posts\/61669\/revisions"}],"predecessor-version":[{"id":61670,"href":"https:\/\/www.simepe.com.br\/novo\/wp-json\/wp\/v2\/posts\/61669\/revisions\/61670"}],"wp:attachment":[{"href":"https:\/\/www.simepe.com.br\/novo\/wp-json\/wp\/v2\/media?parent=61669"}],"wp:term":[{"taxonomy":"category","embeddable":true,"href":"https:\/\/www.simepe.com.br\/novo\/wp-json\/wp\/v2\/categories?post=61669"},{"taxonomy":"post_tag","embeddable":true,"href":"https:\/\/www.simepe.com.br\/novo\/wp-json\/wp\/v2\/tags?post=61669"}],"curies":[{"name":"wp","href":"https:\/\/api.w.org\/{rel}","templated":true}]}}