{"id":61682,"date":"2021-10-19T14:30:20","date_gmt":"2021-10-19T17:30:20","guid":{"rendered":"https:\/\/www.simepe.com.br\/novo\/?p=61682"},"modified":"2021-10-19T14:48:31","modified_gmt":"2021-10-19T17:48:31","slug":"simepe-90-anos-de-historias-e-conquistas","status":"publish","type":"post","link":"https:\/\/www.simepe.com.br\/novo\/simepe-90-anos-de-historias-e-conquistas\/","title":{"rendered":"Simepe 90 anos de hist\u00f3rias e conquistas"},"content":{"rendered":"<p style=\"text-align: center;\"><a href=\"https:\/\/www.simepe.com.br\/novo\/wp-content\/uploads\/2021\/10\/Folha-de-Pernambuco-Artigo-19.10.21.png\" rel=\"attachment wp-att-61684\"><img fetchpriority=\"high\" class=\"aligncenter size-large wp-image-61684\" src=\"https:\/\/www.simepe.com.br\/novo\/wp-content\/uploads\/2021\/10\/Folha-de-Pernambuco-Artigo-19.10.21-1024x530.png\" alt=\"Folha de Pernambuco - Artigo 19.10.21\" width=\"1024\" height=\"530\" srcset=\"https:\/\/www.simepe.com.br\/novo\/wp-content\/uploads\/2021\/10\/Folha-de-Pernambuco-Artigo-19.10.21-1024x530.png 1024w, https:\/\/www.simepe.com.br\/novo\/wp-content\/uploads\/2021\/10\/Folha-de-Pernambuco-Artigo-19.10.21-300x155.png 300w, https:\/\/www.simepe.com.br\/novo\/wp-content\/uploads\/2021\/10\/Folha-de-Pernambuco-Artigo-19.10.21-768x397.png 768w, https:\/\/www.simepe.com.br\/novo\/wp-content\/uploads\/2021\/10\/Folha-de-Pernambuco-Artigo-19.10.21.png 1247w\" sizes=\"(max-width: 1024px) 100vw, 1024px\" \/><\/a><\/p>\n<p style=\"text-align: justify;\">A hist\u00f3ria se escreve com alguns m\u00e9dicos que dedicaram parte de suas vidas, conciliando esta atividade com o exerc\u00edcio profissional, para lutar e ajudar a categoria no estado de Pernambuco. S\u00e3o fatos e acontecimentos, que iniciaram no dia 14 de outubro de 1931, quando 33 m\u00e9dicos, dentre eles, Barros Lima, Edgar Altino, Ageu Magalh\u00e3es, Geraldo Andrade e Jorge Lobo, fundaram o Sindicato dos M\u00e9dicos de Pernambuco (Simepe), e teve como primeiro presidente, o professor Jo\u00e3o Marques.<\/p>\n<p style=\"text-align: justify;\">O Simepe \u00e9 o segundo sindicato de medicina do Brasil e ao longo de sua exist\u00eancia, a entidade enfrentou v\u00e1rias crises pol\u00edticas, econ\u00f4micas e sociais, buscando continuamente a valoriza\u00e7\u00e3o da classe m\u00e9dica e os princ\u00edpios da medicina. O Simepe viveu 21 anos de ditadura militar, onde os militares desapropriaram as instala\u00e7\u00f5es do sindicato e nesta ocasi\u00e3o, a entidade foi acolhida na Sociedade de Medicina, onde passou a atuar. Ainda referencio a import\u00e2ncia dos advogados Geraldo Neves e \u00c9lio Siqueira para a representa\u00e7\u00e3o classista.<\/p>\n<p style=\"text-align: justify;\">Ap\u00f3s a ditadura, o Simepe passou por dificuldades, quando no ano de 1992 uma junta governativa assumiu a gest\u00e3o no decorrer de seis meses. Desde ent\u00e3o, registramos dire\u00e7\u00f5es que v\u00eam impulsionando a entidade at\u00e9 os dias atuais, sendo refer\u00eancia a n\u00edvel nacional. Em sua constante batalha, a entidade vivenciou grandes conquistas. Uma delas foi em 2007, quando a categoria, desmotivada por longos anos sem aumento salarial, fez registro do maior movimento m\u00e9dico do estado. A classe cativou expressivo reajuste salarial, ganhos na gratifica\u00e7\u00e3o de plant\u00e3o, al\u00e9m de um PCCV exclusivo para a categoria.<\/p>\n<p style=\"text-align: justify;\">\u00c9 ineg\u00e1vel essa longa caminhada que completa 90 anos nesta data, em um momento em que vivenciamos a maior crise sanit\u00e1ria do planeta. S\u00e3o 18 meses de supera\u00e7\u00e3o para todos os m\u00e9dicos que, mostrando o seu compromisso social, venceram seus medos, buscando sempre o cuidado dos pacientes. Uma classe que com maestria salvou vidas e amenizou sofrimentos. Durante esta luta, o sindicato lamentou a perda de v\u00e1rios colegas\/amigos, destacando o dr. Assuero Gomes, diretor da entidade, que faleceu devido a Covid-19.<\/p>\n<p style=\"text-align: justify;\">O Simepe \u00e9 um jovem guerreiro que n\u00e3o foge da luta, n\u00e3o descansa e est\u00e1 sempre atento em sua renova\u00e7\u00e3o constante. Parabenizo a todos por fazerem do sindicato este instrumento de luta e pela oportunidade de contribuir com essa hist\u00f3ria, sendo a terceira mulher presidente da entidade ao longo dos seus 90 anos de exist\u00eancia.<\/p>\n<p style=\"text-align: justify;\">*Presidente do Simepe (gest\u00e3o de 2019 e 2022)<\/p>\n","protected":false},"excerpt":{"rendered":"<p>A hist\u00f3ria se escreve com alguns m\u00e9dicos que dedicaram parte de suas vidas, conciliando esta atividade com o exerc\u00edcio profissional, para lutar e ajudar a categoria no estado de Pernambuco. S\u00e3o fatos e acontecimentos, que iniciaram no dia 14 de outubro de 1931, quando 33 m\u00e9dicos, dentre eles, Barros Lima, Edgar Altino, Ageu Magalh\u00e3es, Geraldo [&hellip;]<\/p>\n","protected":false},"author":1,"featured_media":0,"comment_status":"open","ping_status":"open","sticky":false,"template":"","format":"standard","meta":{"ocean_post_layout":"","ocean_both_sidebars_style":"","ocean_both_sidebars_content_width":0,"ocean_both_sidebars_sidebars_width":0,"ocean_sidebar":"","ocean_second_sidebar":"","ocean_disable_margins":"enable","ocean_add_body_class":"","ocean_shortcode_before_top_bar":"","ocean_shortcode_after_top_bar":"","ocean_shortcode_before_header":"","ocean_shortcode_after_header":"","ocean_has_shortcode":"","ocean_shortcode_after_title":"","ocean_shortcode_before_footer_widgets":"","ocean_shortcode_after_footer_widgets":"","ocean_shortcode_before_footer_bottom":"","ocean_shortcode_after_footer_bottom":"","ocean_display_top_bar":"default","ocean_display_header":"default","ocean_header_style":"","ocean_center_header_left_menu":"","ocean_custom_header_template":"","ocean_custom_logo":0,"ocean_custom_retina_logo":0,"ocean_custom_logo_max_width":0,"ocean_custom_logo_tablet_max_width":0,"ocean_custom_logo_mobile_max_width":0,"ocean_custom_logo_max_height":0,"ocean_custom_logo_tablet_max_height":0,"ocean_custom_logo_mobile_max_height":0,"ocean_header_custom_menu":"","ocean_menu_typo_font_family":"","ocean_menu_typo_font_subset":"","ocean_menu_typo_font_size":0,"ocean_menu_typo_font_size_tablet":0,"ocean_menu_typo_font_size_mobile":0,"ocean_menu_typo_font_size_unit":"px","ocean_menu_typo_font_weight":"","ocean_menu_typo_font_weight_tablet":"","ocean_menu_typo_font_weight_mobile":"","ocean_menu_typo_transform":"","ocean_menu_typo_transform_tablet":"","ocean_menu_typo_transform_mobile":"","ocean_menu_typo_line_height":0,"ocean_menu_typo_line_height_tablet":0,"ocean_menu_typo_line_height_mobile":0,"ocean_menu_typo_line_height_unit":"","ocean_menu_typo_spacing":0,"ocean_menu_typo_spacing_tablet":0,"ocean_menu_typo_spacing_mobile":0,"ocean_menu_typo_spacing_unit":"","ocean_menu_link_color":"","ocean_menu_link_color_hover":"","ocean_menu_link_color_active":"","ocean_menu_link_background":"","ocean_menu_link_hover_background":"","ocean_menu_link_active_background":"","ocean_menu_social_links_bg":"","ocean_menu_social_hover_links_bg":"","ocean_menu_social_links_color":"","ocean_menu_social_hover_links_color":"","ocean_disable_title":"default","ocean_disable_heading":"default","ocean_post_title":"","ocean_post_subheading":"","ocean_post_title_style":"","ocean_post_title_background_color":"","ocean_post_title_background":0,"ocean_post_title_bg_image_position":"","ocean_post_title_bg_image_attachment":"","ocean_post_title_bg_image_repeat":"","ocean_post_title_bg_image_size":"","ocean_post_title_height":0,"ocean_post_title_bg_overlay":0.5,"ocean_post_title_bg_overlay_color":"","ocean_disable_breadcrumbs":"default","ocean_breadcrumbs_color":"","ocean_breadcrumbs_separator_color":"","ocean_breadcrumbs_links_color":"","ocean_breadcrumbs_links_hover_color":"","ocean_display_footer_widgets":"default","ocean_display_footer_bottom":"default","ocean_custom_footer_template":"","ocean_post_oembed":"","ocean_post_self_hosted_media":"","ocean_post_video_embed":"","ocean_link_format":"","ocean_link_format_target":"self","ocean_quote_format":"","ocean_quote_format_link":"post","ocean_gallery_link_images":"on","ocean_gallery_id":[]},"categories":[1],"tags":[],"acf":[],"_links":{"self":[{"href":"https:\/\/www.simepe.com.br\/novo\/wp-json\/wp\/v2\/posts\/61682"}],"collection":[{"href":"https:\/\/www.simepe.com.br\/novo\/wp-json\/wp\/v2\/posts"}],"about":[{"href":"https:\/\/www.simepe.com.br\/novo\/wp-json\/wp\/v2\/types\/post"}],"author":[{"embeddable":true,"href":"https:\/\/www.simepe.com.br\/novo\/wp-json\/wp\/v2\/users\/1"}],"replies":[{"embeddable":true,"href":"https:\/\/www.simepe.com.br\/novo\/wp-json\/wp\/v2\/comments?post=61682"}],"version-history":[{"count":2,"href":"https:\/\/www.simepe.com.br\/novo\/wp-json\/wp\/v2\/posts\/61682\/revisions"}],"predecessor-version":[{"id":61685,"href":"https:\/\/www.simepe.com.br\/novo\/wp-json\/wp\/v2\/posts\/61682\/revisions\/61685"}],"wp:attachment":[{"href":"https:\/\/www.simepe.com.br\/novo\/wp-json\/wp\/v2\/media?parent=61682"}],"wp:term":[{"taxonomy":"category","embeddable":true,"href":"https:\/\/www.simepe.com.br\/novo\/wp-json\/wp\/v2\/categories?post=61682"},{"taxonomy":"post_tag","embeddable":true,"href":"https:\/\/www.simepe.com.br\/novo\/wp-json\/wp\/v2\/tags?post=61682"}],"curies":[{"name":"wp","href":"https:\/\/api.w.org\/{rel}","templated":true}]}}