{"id":61686,"date":"2021-10-19T15:22:11","date_gmt":"2021-10-19T18:22:11","guid":{"rendered":"https:\/\/www.simepe.com.br\/novo\/?p=61686"},"modified":"2021-10-22T13:55:11","modified_gmt":"2021-10-22T16:55:11","slug":"medalha-sao-lucas-2021-estimada-consideracao-aos-medicos-pernambucanos","status":"publish","type":"post","link":"https:\/\/www.simepe.com.br\/novo\/medalha-sao-lucas-2021-estimada-consideracao-aos-medicos-pernambucanos\/","title":{"rendered":"Medalha S\u00e3o Lucas 2021: estimada considera\u00e7\u00e3o aos m\u00e9dicos pernambucanos"},"content":{"rendered":"<p style=\"text-align: justify;\">As entidades m\u00e9dicas de Pernambuco &#8211; Sindicato dos M\u00e9dicos, Conselho Regional de Medicina, Associa\u00e7\u00e3o M\u00e9dica e Academia Pernambucana de Medicina &#8211; celebraram o dia do m\u00e9dico e a outorga da Medalha S\u00e3o Lucas, na noite desta segunda-feira, 18 de outubro. O evento aconteceu de forma h\u00edbrida, presencial para os representantes das entidades, os homenageados e familiares, na sede da AMPE, no bairro da Boa Vista, e ao p\u00fablico geral com transmiss\u00e3o via YouTube. O encontro foi marcado por uma s\u00e9rie de congratula\u00e7\u00f5es aos agraciados e suas trajet\u00f3rias marcantes em prol da medicina.<\/p>\n<p><a href=\"https:\/\/www.simepe.com.br\/novo\/wp-content\/uploads\/2021\/10\/Simepe-42.png\" rel=\"attachment wp-att-61687\"><img fetchpriority=\"high\" class=\"aligncenter size-large wp-image-61687\" src=\"https:\/\/www.simepe.com.br\/novo\/wp-content\/uploads\/2021\/10\/Simepe-42-1024x576.png\" alt=\"Simepe (42)\" width=\"1024\" height=\"576\" srcset=\"https:\/\/www.simepe.com.br\/novo\/wp-content\/uploads\/2021\/10\/Simepe-42-1024x576.png 1024w, https:\/\/www.simepe.com.br\/novo\/wp-content\/uploads\/2021\/10\/Simepe-42-300x169.png 300w, https:\/\/www.simepe.com.br\/novo\/wp-content\/uploads\/2021\/10\/Simepe-42-768x432.png 768w, https:\/\/www.simepe.com.br\/novo\/wp-content\/uploads\/2021\/10\/Simepe-42-1140x641.png 1140w, https:\/\/www.simepe.com.br\/novo\/wp-content\/uploads\/2021\/10\/Simepe-42.png 1920w\" sizes=\"(max-width: 1024px) 100vw, 1024px\" \/><\/a><\/p>\n<p><div id='gallery-1' class='gallery galleryid-61686 gallery-columns-3 gallery-size-thumbnail'><figure class='gallery-item'>\n\t\t\t<div class='gallery-icon landscape'>\n\t\t\t\t<a href='https:\/\/www.simepe.com.br\/novo\/medalha-sao-lucas-2021-estimada-consideracao-aos-medicos-pernambucanos\/01-22\/'><img width=\"150\" height=\"150\" src=\"https:\/\/www.simepe.com.br\/novo\/wp-content\/uploads\/2021\/10\/01-150x150.jpg\" class=\"attachment-thumbnail size-thumbnail\" alt=\"\" srcset=\"https:\/\/www.simepe.com.br\/novo\/wp-content\/uploads\/2021\/10\/01-150x150.jpg 150w, https:\/\/www.simepe.com.br\/novo\/wp-content\/uploads\/2021\/10\/01-80x80.jpg 80w, https:\/\/www.simepe.com.br\/novo\/wp-content\/uploads\/2021\/10\/01-360x360.jpg 360w, https:\/\/www.simepe.com.br\/novo\/wp-content\/uploads\/2021\/10\/01-750x750.jpg 750w\" sizes=\"(max-width: 150px) 100vw, 150px\" \/><\/a>\n\t\t\t<\/div><\/figure><figure class='gallery-item'>\n\t\t\t<div class='gallery-icon landscape'>\n\t\t\t\t<a href='https:\/\/www.simepe.com.br\/novo\/medalha-sao-lucas-2021-estimada-consideracao-aos-medicos-pernambucanos\/06-5\/'><img width=\"150\" height=\"150\" src=\"https:\/\/www.simepe.com.br\/novo\/wp-content\/uploads\/2021\/10\/06-150x150.jpg\" class=\"attachment-thumbnail size-thumbnail\" alt=\"\" srcset=\"https:\/\/www.simepe.com.br\/novo\/wp-content\/uploads\/2021\/10\/06-150x150.jpg 150w, https:\/\/www.simepe.com.br\/novo\/wp-content\/uploads\/2021\/10\/06-80x80.jpg 80w, https:\/\/www.simepe.com.br\/novo\/wp-content\/uploads\/2021\/10\/06-360x360.jpg 360w, https:\/\/www.simepe.com.br\/novo\/wp-content\/uploads\/2021\/10\/06-750x750.jpg 750w\" sizes=\"(max-width: 150px) 100vw, 150px\" \/><\/a>\n\t\t\t<\/div><\/figure><figure class='gallery-item'>\n\t\t\t<div class='gallery-icon landscape'>\n\t\t\t\t<a href='https:\/\/www.simepe.com.br\/novo\/medalha-sao-lucas-2021-estimada-consideracao-aos-medicos-pernambucanos\/attachment\/21\/'><img width=\"150\" height=\"150\" src=\"https:\/\/www.simepe.com.br\/novo\/wp-content\/uploads\/2021\/10\/21-150x150.jpg\" class=\"attachment-thumbnail size-thumbnail\" alt=\"\" srcset=\"https:\/\/www.simepe.com.br\/novo\/wp-content\/uploads\/2021\/10\/21-150x150.jpg 150w, https:\/\/www.simepe.com.br\/novo\/wp-content\/uploads\/2021\/10\/21-80x80.jpg 80w, https:\/\/www.simepe.com.br\/novo\/wp-content\/uploads\/2021\/10\/21-360x360.jpg 360w, https:\/\/www.simepe.com.br\/novo\/wp-content\/uploads\/2021\/10\/21-750x750.jpg 750w\" sizes=\"(max-width: 150px) 100vw, 150px\" \/><\/a>\n\t\t\t<\/div><\/figure>\n\t\t<\/div>\n<br \/>\nParticiparam da celebra\u00e7\u00e3o a presidente da entidade, Claudia Beatriz Andrade, o vice-presidente, Walber Steffano, o secret\u00e1rio-geral, Tadeu Calheiros, e o diretor administrativo e financeiro, M\u00e1rio Jorge Lobo. Em sua 51\u00aa edi\u00e7\u00e3o, a Medalha S\u00e3o Lucas homenageou os m\u00e9dicos Assuero Gomes da Silva Filho <em>(in memoriam)<\/em>, Carlos Roberto Ribeiro de Moraes, Luiz de Gonzaga Braga Barreto e Maria de Lourdes Correa de Ara\u00fajo.<\/p>\n<p style=\"text-align: justify;\">\u201c\u00c9 uma honra participar desse momento t\u00e3o especial onde estamos demonstrando todo nosso respeito e gratid\u00e3o a essas quatro personalidades da medicina pernambucana. Considero a Medalha de S\u00e3o Lucas como a maior honraria conferida ao m\u00e9dico\u201d, ressalta a presidente Claudia Beatriz.<\/p>\n<div id='gallery-2' class='gallery galleryid-61686 gallery-columns-2 gallery-size-medium'><figure class='gallery-item'>\n\t\t\t<div class='gallery-icon landscape'>\n\t\t\t\t<a href='https:\/\/www.simepe.com.br\/novo\/medalha-sao-lucas-2021-estimada-consideracao-aos-medicos-pernambucanos\/11-6\/'><img width=\"300\" height=\"200\" src=\"https:\/\/www.simepe.com.br\/novo\/wp-content\/uploads\/2021\/10\/11-300x200.jpg\" class=\"attachment-medium size-medium\" alt=\"\" srcset=\"https:\/\/www.simepe.com.br\/novo\/wp-content\/uploads\/2021\/10\/11-300x200.jpg 300w, https:\/\/www.simepe.com.br\/novo\/wp-content\/uploads\/2021\/10\/11-768x512.jpg 768w, https:\/\/www.simepe.com.br\/novo\/wp-content\/uploads\/2021\/10\/11-1024x683.jpg 1024w\" sizes=\"(max-width: 300px) 100vw, 300px\" \/><\/a>\n\t\t\t<\/div><\/figure><figure class='gallery-item'>\n\t\t\t<div class='gallery-icon landscape'>\n\t\t\t\t<a href='https:\/\/www.simepe.com.br\/novo\/medalha-sao-lucas-2021-estimada-consideracao-aos-medicos-pernambucanos\/12-8\/'><img width=\"300\" height=\"200\" src=\"https:\/\/www.simepe.com.br\/novo\/wp-content\/uploads\/2021\/10\/12-300x200.jpg\" class=\"attachment-medium size-medium\" alt=\"\" srcset=\"https:\/\/www.simepe.com.br\/novo\/wp-content\/uploads\/2021\/10\/12-300x200.jpg 300w, https:\/\/www.simepe.com.br\/novo\/wp-content\/uploads\/2021\/10\/12-768x512.jpg 768w, https:\/\/www.simepe.com.br\/novo\/wp-content\/uploads\/2021\/10\/12-1024x683.jpg 1024w\" sizes=\"(max-width: 300px) 100vw, 300px\" \/><\/a>\n\t\t\t<\/div><\/figure>\n\t\t<\/div>\n\n<p><div id='gallery-3' class='gallery galleryid-61686 gallery-columns-2 gallery-size-medium'><figure class='gallery-item'>\n\t\t\t<div class='gallery-icon landscape'>\n\t\t\t\t<a href='https:\/\/www.simepe.com.br\/novo\/medalha-sao-lucas-2021-estimada-consideracao-aos-medicos-pernambucanos\/15-7\/'><img width=\"300\" height=\"200\" src=\"https:\/\/www.simepe.com.br\/novo\/wp-content\/uploads\/2021\/10\/15-300x200.jpg\" class=\"attachment-medium size-medium\" alt=\"\" srcset=\"https:\/\/www.simepe.com.br\/novo\/wp-content\/uploads\/2021\/10\/15-300x200.jpg 300w, https:\/\/www.simepe.com.br\/novo\/wp-content\/uploads\/2021\/10\/15-768x512.jpg 768w, https:\/\/www.simepe.com.br\/novo\/wp-content\/uploads\/2021\/10\/15-1024x683.jpg 1024w\" sizes=\"(max-width: 300px) 100vw, 300px\" \/><\/a>\n\t\t\t<\/div><\/figure><figure class='gallery-item'>\n\t\t\t<div class='gallery-icon landscape'>\n\t\t\t\t<a href='https:\/\/www.simepe.com.br\/novo\/medalha-sao-lucas-2021-estimada-consideracao-aos-medicos-pernambucanos\/13-4\/'><img width=\"300\" height=\"200\" src=\"https:\/\/www.simepe.com.br\/novo\/wp-content\/uploads\/2021\/10\/13-300x200.jpg\" class=\"attachment-medium size-medium\" alt=\"\" srcset=\"https:\/\/www.simepe.com.br\/novo\/wp-content\/uploads\/2021\/10\/13-300x200.jpg 300w, https:\/\/www.simepe.com.br\/novo\/wp-content\/uploads\/2021\/10\/13-768x512.jpg 768w, https:\/\/www.simepe.com.br\/novo\/wp-content\/uploads\/2021\/10\/13-1024x683.jpg 1024w\" sizes=\"(max-width: 300px) 100vw, 300px\" \/><\/a>\n\t\t\t<\/div><\/figure>\n\t\t<\/div>\n<br \/>\nNa ocasi\u00e3o, ainda prestou tributo ao m\u00e9dico Assuero Gomes, colega e profissional que teve uma importante trajet\u00f3ria na medicina de Pernambuco, incluindo passagem memor\u00e1vel pelo Sindicato dos M\u00e9dicos de Pernambuco. \u201cAssuero estar\u00e1 sempre vivo em nossas lembran\u00e7as, nas nossas hist\u00f3rias e em tudo que ele construiu\u201d, concluiu a presidente.<\/p>\n<p><a href=\"https:\/\/www.simepe.com.br\/novo\/wp-content\/uploads\/2021\/10\/10.jpg\" rel=\"attachment wp-att-61701\"><img class=\"aligncenter size-large wp-image-61701\" src=\"https:\/\/www.simepe.com.br\/novo\/wp-content\/uploads\/2021\/10\/10-1024x683.jpg\" alt=\"10\" width=\"1024\" height=\"683\" srcset=\"https:\/\/www.simepe.com.br\/novo\/wp-content\/uploads\/2021\/10\/10-1024x683.jpg 1024w, https:\/\/www.simepe.com.br\/novo\/wp-content\/uploads\/2021\/10\/10-300x200.jpg 300w, https:\/\/www.simepe.com.br\/novo\/wp-content\/uploads\/2021\/10\/10-768x512.jpg 768w\" sizes=\"(max-width: 1024px) 100vw, 1024px\" \/><\/a><\/p>\n<p style=\"text-align: justify;\">A outorga da Medalha S\u00e3o Lucas \u00e9 entregue anualmente no m\u00eas de outubro, desde 1969, a personalidades de diversas \u00e1reas da medicina pernambucana. Foi criada pelo Simepe, Cremepe e AMPE para reconhecer a trajet\u00f3ria de importantes profissionais do Estado que servem de exemplo para os demais.<\/p>\n<div id='gallery-4' class='gallery galleryid-61686 gallery-columns-2 gallery-size-medium'><figure class='gallery-item'>\n\t\t\t<div class='gallery-icon landscape'>\n\t\t\t\t<a href='https:\/\/www.simepe.com.br\/novo\/medalha-sao-lucas-2021-estimada-consideracao-aos-medicos-pernambucanos\/16-3\/'><img width=\"300\" height=\"200\" src=\"https:\/\/www.simepe.com.br\/novo\/wp-content\/uploads\/2021\/10\/16-300x200.jpg\" class=\"attachment-medium size-medium\" alt=\"\" srcset=\"https:\/\/www.simepe.com.br\/novo\/wp-content\/uploads\/2021\/10\/16-300x200.jpg 300w, https:\/\/www.simepe.com.br\/novo\/wp-content\/uploads\/2021\/10\/16-768x512.jpg 768w, https:\/\/www.simepe.com.br\/novo\/wp-content\/uploads\/2021\/10\/16-1024x683.jpg 1024w\" sizes=\"(max-width: 300px) 100vw, 300px\" \/><\/a>\n\t\t\t<\/div><\/figure><figure class='gallery-item'>\n\t\t\t<div class='gallery-icon landscape'>\n\t\t\t\t<a href='https:\/\/www.simepe.com.br\/novo\/medalha-sao-lucas-2021-estimada-consideracao-aos-medicos-pernambucanos\/18-3\/'><img width=\"300\" height=\"200\" src=\"https:\/\/www.simepe.com.br\/novo\/wp-content\/uploads\/2021\/10\/18-300x200.jpg\" class=\"attachment-medium size-medium\" alt=\"\" srcset=\"https:\/\/www.simepe.com.br\/novo\/wp-content\/uploads\/2021\/10\/18-300x200.jpg 300w, https:\/\/www.simepe.com.br\/novo\/wp-content\/uploads\/2021\/10\/18-768x512.jpg 768w, https:\/\/www.simepe.com.br\/novo\/wp-content\/uploads\/2021\/10\/18-1024x683.jpg 1024w\" sizes=\"(max-width: 300px) 100vw, 300px\" \/><\/a>\n\t\t\t<\/div><\/figure>\n\t\t<\/div>\n\n<p style=\"text-align: justify;\"><a href=\"https:\/\/www.youtube.com\/watch?v=OzVpla-RRpc\">Assista a cerim\u00f4nia completa.<\/a><\/p>\n","protected":false},"excerpt":{"rendered":"<p>As entidades m\u00e9dicas de Pernambuco &#8211; Sindicato dos M\u00e9dicos, Conselho Regional de Medicina, Associa\u00e7\u00e3o M\u00e9dica e Academia Pernambucana de Medicina &#8211; celebraram o dia do m\u00e9dico e a outorga da Medalha S\u00e3o Lucas, na noite desta segunda-feira, 18 de outubro. O evento aconteceu de forma h\u00edbrida, presencial para os representantes das entidades, os homenageados e [&hellip;]<\/p>\n","protected":false},"author":1,"featured_media":61688,"comment_status":"open","ping_status":"open","sticky":false,"template":"","format":"standard","meta":{"ocean_post_layout":"","ocean_both_sidebars_style":"","ocean_both_sidebars_content_width":0,"ocean_both_sidebars_sidebars_width":0,"ocean_sidebar":"","ocean_second_sidebar":"","ocean_disable_margins":"enable","ocean_add_body_class":"","ocean_shortcode_before_top_bar":"","ocean_shortcode_after_top_bar":"","ocean_shortcode_before_header":"","ocean_shortcode_after_header":"","ocean_has_shortcode":"","ocean_shortcode_after_title":"","ocean_shortcode_before_footer_widgets":"","ocean_shortcode_after_footer_widgets":"","ocean_shortcode_before_footer_bottom":"","ocean_shortcode_after_footer_bottom":"","ocean_display_top_bar":"default","ocean_display_header":"default","ocean_header_style":"","ocean_center_header_left_menu":"","ocean_custom_header_template":"","ocean_custom_logo":0,"ocean_custom_retina_logo":0,"ocean_custom_logo_max_width":0,"ocean_custom_logo_tablet_max_width":0,"ocean_custom_logo_mobile_max_width":0,"ocean_custom_logo_max_height":0,"ocean_custom_logo_tablet_max_height":0,"ocean_custom_logo_mobile_max_height":0,"ocean_header_custom_menu":"","ocean_menu_typo_font_family":"","ocean_menu_typo_font_subset":"","ocean_menu_typo_font_size":0,"ocean_menu_typo_font_size_tablet":0,"ocean_menu_typo_font_size_mobile":0,"ocean_menu_typo_font_size_unit":"px","ocean_menu_typo_font_weight":"","ocean_menu_typo_font_weight_tablet":"","ocean_menu_typo_font_weight_mobile":"","ocean_menu_typo_transform":"","ocean_menu_typo_transform_tablet":"","ocean_menu_typo_transform_mobile":"","ocean_menu_typo_line_height":0,"ocean_menu_typo_line_height_tablet":0,"ocean_menu_typo_line_height_mobile":0,"ocean_menu_typo_line_height_unit":"","ocean_menu_typo_spacing":0,"ocean_menu_typo_spacing_tablet":0,"ocean_menu_typo_spacing_mobile":0,"ocean_menu_typo_spacing_unit":"","ocean_menu_link_color":"","ocean_menu_link_color_hover":"","ocean_menu_link_color_active":"","ocean_menu_link_background":"","ocean_menu_link_hover_background":"","ocean_menu_link_active_background":"","ocean_menu_social_links_bg":"","ocean_menu_social_hover_links_bg":"","ocean_menu_social_links_color":"","ocean_menu_social_hover_links_color":"","ocean_disable_title":"default","ocean_disable_heading":"default","ocean_post_title":"","ocean_post_subheading":"","ocean_post_title_style":"","ocean_post_title_background_color":"","ocean_post_title_background":0,"ocean_post_title_bg_image_position":"","ocean_post_title_bg_image_attachment":"","ocean_post_title_bg_image_repeat":"","ocean_post_title_bg_image_size":"","ocean_post_title_height":0,"ocean_post_title_bg_overlay":0.5,"ocean_post_title_bg_overlay_color":"","ocean_disable_breadcrumbs":"default","ocean_breadcrumbs_color":"","ocean_breadcrumbs_separator_color":"","ocean_breadcrumbs_links_color":"","ocean_breadcrumbs_links_hover_color":"","ocean_display_footer_widgets":"default","ocean_display_footer_bottom":"default","ocean_custom_footer_template":"","ocean_post_oembed":"","ocean_post_self_hosted_media":"","ocean_post_video_embed":"","ocean_link_format":"","ocean_link_format_target":"self","ocean_quote_format":"","ocean_quote_format_link":"post","ocean_gallery_link_images":"on","ocean_gallery_id":[]},"categories":[1],"tags":[],"acf":[],"_links":{"self":[{"href":"https:\/\/www.simepe.com.br\/novo\/wp-json\/wp\/v2\/posts\/61686"}],"collection":[{"href":"https:\/\/www.simepe.com.br\/novo\/wp-json\/wp\/v2\/posts"}],"about":[{"href":"https:\/\/www.simepe.com.br\/novo\/wp-json\/wp\/v2\/types\/post"}],"author":[{"embeddable":true,"href":"https:\/\/www.simepe.com.br\/novo\/wp-json\/wp\/v2\/users\/1"}],"replies":[{"embeddable":true,"href":"https:\/\/www.simepe.com.br\/novo\/wp-json\/wp\/v2\/comments?post=61686"}],"version-history":[{"count":4,"href":"https:\/\/www.simepe.com.br\/novo\/wp-json\/wp\/v2\/posts\/61686\/revisions"}],"predecessor-version":[{"id":61703,"href":"https:\/\/www.simepe.com.br\/novo\/wp-json\/wp\/v2\/posts\/61686\/revisions\/61703"}],"wp:featuredmedia":[{"embeddable":true,"href":"https:\/\/www.simepe.com.br\/novo\/wp-json\/wp\/v2\/media\/61688"}],"wp:attachment":[{"href":"https:\/\/www.simepe.com.br\/novo\/wp-json\/wp\/v2\/media?parent=61686"}],"wp:term":[{"taxonomy":"category","embeddable":true,"href":"https:\/\/www.simepe.com.br\/novo\/wp-json\/wp\/v2\/categories?post=61686"},{"taxonomy":"post_tag","embeddable":true,"href":"https:\/\/www.simepe.com.br\/novo\/wp-json\/wp\/v2\/tags?post=61686"}],"curies":[{"name":"wp","href":"https:\/\/api.w.org\/{rel}","templated":true}]}}