{"id":61710,"date":"2021-10-20T11:07:35","date_gmt":"2021-10-20T14:07:35","guid":{"rendered":"https:\/\/www.simepe.com.br\/novo\/?p=61710"},"modified":"2021-10-20T11:07:35","modified_gmt":"2021-10-20T14:07:35","slug":"pe-recebeu-mais-263-250-doses-de-vacinas","status":"publish","type":"post","link":"https:\/\/www.simepe.com.br\/novo\/pe-recebeu-mais-263-250-doses-de-vacinas\/","title":{"rendered":"PE recebeu mais 263.250 doses de vacinas"},"content":{"rendered":"<div class=\"field field-name-body field-type-text-with-summary field-label-hidden\">\n<div class=\"field-items\">\n<div class=\"field-item even\">\n<p>No final da tarde desta ter\u00e7a-feira (19\/10), Pernambuco recebeu mais 263.250 doses de vacinas da Pfizer\/BioNTech. Os imunizantes, que v\u00e3o possibilitar a avan\u00e7o na campanha de vacina\u00e7\u00e3o contra a Covid-19 no Estado, chegaram ao Aeroporto Internacional do Recife\/Guararapes &#8211; Gilberto Freyre, \u00e0s 16h55 e j\u00e1 est\u00e3o na sede do Programa Estadual de Imuniza\u00e7\u00f5es (PNI-PE), localizado na zona Norte do Recife.<\/p>\n<p>As doses recebidas em 38 volumes ser\u00e3o direcionadas para come\u00e7ar novos esquemas vacinais em adolescentes e aplica\u00e7\u00e3o de doses de refor\u00e7o em trabalhadores da sa\u00fade e idosos com mais de 60 anos que completaram o esquema vacinal a pelo menos seis meses, al\u00e9m dos pacientes imunossuprimidos, a partir de 28 dias ap\u00f3s a segunda dose. O envio para as Ger\u00eancias Regionais de Sa\u00fade (Geres) acontecer\u00e1 ap\u00f3s a reuni\u00e3o de pactua\u00e7\u00e3o com os os munic\u00edpios, na Comiss\u00e3o Intergestores Bipartite (CIB), que ser\u00e1 realizada na manh\u00e3 da pr\u00f3xima quinta-feira.<\/p>\n<p>Desde o in\u00edcio da campanha, em janeiro deste ano, Pernambuco j\u00e1 recebeu 13.890.600 doses de vacinas contra a Covid-19. Desse total, foram 4.707.170 da Astrazeneca\/Oxford\/Fiocruz, 4.481.720 da Coronavac\/Butantan, 4.527.900 da Pfizer\/BioNTech e 173.810 da Janssen.<\/p>\n<p>Fonte: Secretaria Estadual de Sa\u00fade<\/p>\n<\/div>\n<\/div>\n<\/div>\n","protected":false},"excerpt":{"rendered":"<p>No final da tarde desta ter\u00e7a-feira (19\/10), Pernambuco recebeu mais 263.250 doses de vacinas da Pfizer\/BioNTech. Os imunizantes, que v\u00e3o possibilitar a avan\u00e7o na campanha de vacina\u00e7\u00e3o contra a Covid-19 no Estado, chegaram ao Aeroporto Internacional do Recife\/Guararapes &#8211; Gilberto Freyre, \u00e0s 16h55 e j\u00e1 est\u00e3o na sede do Programa Estadual de Imuniza\u00e7\u00f5es (PNI-PE), localizado [&hellip;]<\/p>\n","protected":false},"author":1,"featured_media":0,"comment_status":"open","ping_status":"open","sticky":false,"template":"","format":"standard","meta":{"ocean_post_layout":"","ocean_both_sidebars_style":"","ocean_both_sidebars_content_width":0,"ocean_both_sidebars_sidebars_width":0,"ocean_sidebar":"","ocean_second_sidebar":"","ocean_disable_margins":"enable","ocean_add_body_class":"","ocean_shortcode_before_top_bar":"","ocean_shortcode_after_top_bar":"","ocean_shortcode_before_header":"","ocean_shortcode_after_header":"","ocean_has_shortcode":"","ocean_shortcode_after_title":"","ocean_shortcode_before_footer_widgets":"","ocean_shortcode_after_footer_widgets":"","ocean_shortcode_before_footer_bottom":"","ocean_shortcode_after_footer_bottom":"","ocean_display_top_bar":"default","ocean_display_header":"default","ocean_header_style":"","ocean_center_header_left_menu":"","ocean_custom_header_template":"","ocean_custom_logo":0,"ocean_custom_retina_logo":0,"ocean_custom_logo_max_width":0,"ocean_custom_logo_tablet_max_width":0,"ocean_custom_logo_mobile_max_width":0,"ocean_custom_logo_max_height":0,"ocean_custom_logo_tablet_max_height":0,"ocean_custom_logo_mobile_max_height":0,"ocean_header_custom_menu":"","ocean_menu_typo_font_family":"","ocean_menu_typo_font_subset":"","ocean_menu_typo_font_size":0,"ocean_menu_typo_font_size_tablet":0,"ocean_menu_typo_font_size_mobile":0,"ocean_menu_typo_font_size_unit":"px","ocean_menu_typo_font_weight":"","ocean_menu_typo_font_weight_tablet":"","ocean_menu_typo_font_weight_mobile":"","ocean_menu_typo_transform":"","ocean_menu_typo_transform_tablet":"","ocean_menu_typo_transform_mobile":"","ocean_menu_typo_line_height":0,"ocean_menu_typo_line_height_tablet":0,"ocean_menu_typo_line_height_mobile":0,"ocean_menu_typo_line_height_unit":"","ocean_menu_typo_spacing":0,"ocean_menu_typo_spacing_tablet":0,"ocean_menu_typo_spacing_mobile":0,"ocean_menu_typo_spacing_unit":"","ocean_menu_link_color":"","ocean_menu_link_color_hover":"","ocean_menu_link_color_active":"","ocean_menu_link_background":"","ocean_menu_link_hover_background":"","ocean_menu_link_active_background":"","ocean_menu_social_links_bg":"","ocean_menu_social_hover_links_bg":"","ocean_menu_social_links_color":"","ocean_menu_social_hover_links_color":"","ocean_disable_title":"default","ocean_disable_heading":"default","ocean_post_title":"","ocean_post_subheading":"","ocean_post_title_style":"","ocean_post_title_background_color":"","ocean_post_title_background":0,"ocean_post_title_bg_image_position":"","ocean_post_title_bg_image_attachment":"","ocean_post_title_bg_image_repeat":"","ocean_post_title_bg_image_size":"","ocean_post_title_height":0,"ocean_post_title_bg_overlay":0.5,"ocean_post_title_bg_overlay_color":"","ocean_disable_breadcrumbs":"default","ocean_breadcrumbs_color":"","ocean_breadcrumbs_separator_color":"","ocean_breadcrumbs_links_color":"","ocean_breadcrumbs_links_hover_color":"","ocean_display_footer_widgets":"default","ocean_display_footer_bottom":"default","ocean_custom_footer_template":"","ocean_post_oembed":"","ocean_post_self_hosted_media":"","ocean_post_video_embed":"","ocean_link_format":"","ocean_link_format_target":"self","ocean_quote_format":"","ocean_quote_format_link":"post","ocean_gallery_link_images":"on","ocean_gallery_id":[]},"categories":[9],"tags":[],"acf":[],"_links":{"self":[{"href":"https:\/\/www.simepe.com.br\/novo\/wp-json\/wp\/v2\/posts\/61710"}],"collection":[{"href":"https:\/\/www.simepe.com.br\/novo\/wp-json\/wp\/v2\/posts"}],"about":[{"href":"https:\/\/www.simepe.com.br\/novo\/wp-json\/wp\/v2\/types\/post"}],"author":[{"embeddable":true,"href":"https:\/\/www.simepe.com.br\/novo\/wp-json\/wp\/v2\/users\/1"}],"replies":[{"embeddable":true,"href":"https:\/\/www.simepe.com.br\/novo\/wp-json\/wp\/v2\/comments?post=61710"}],"version-history":[{"count":1,"href":"https:\/\/www.simepe.com.br\/novo\/wp-json\/wp\/v2\/posts\/61710\/revisions"}],"predecessor-version":[{"id":61711,"href":"https:\/\/www.simepe.com.br\/novo\/wp-json\/wp\/v2\/posts\/61710\/revisions\/61711"}],"wp:attachment":[{"href":"https:\/\/www.simepe.com.br\/novo\/wp-json\/wp\/v2\/media?parent=61710"}],"wp:term":[{"taxonomy":"category","embeddable":true,"href":"https:\/\/www.simepe.com.br\/novo\/wp-json\/wp\/v2\/categories?post=61710"},{"taxonomy":"post_tag","embeddable":true,"href":"https:\/\/www.simepe.com.br\/novo\/wp-json\/wp\/v2\/tags?post=61710"}],"curies":[{"name":"wp","href":"https:\/\/api.w.org\/{rel}","templated":true}]}}