{"id":61725,"date":"2021-10-21T09:38:13","date_gmt":"2021-10-21T12:38:13","guid":{"rendered":"https:\/\/www.simepe.com.br\/novo\/?p=61725"},"modified":"2021-10-21T09:38:13","modified_gmt":"2021-10-21T12:38:13","slug":"caruaru-reduz-prazo-da-2a-dose-da-pfizer-para-21-dias-estado-diz-que-debatera-decisao-do-municipio","status":"publish","type":"post","link":"https:\/\/www.simepe.com.br\/novo\/caruaru-reduz-prazo-da-2a-dose-da-pfizer-para-21-dias-estado-diz-que-debatera-decisao-do-municipio\/","title":{"rendered":"Caruaru reduz prazo da 2\u00aa dose da Pfizer para 21 dias; Estado diz que debater\u00e1 decis\u00e3o do munic\u00edpio"},"content":{"rendered":"<p><em>Gest\u00e3o municipal defende que a antecipa\u00e7\u00e3o \u00e9 segura e esse intervalo de 21 dias &#8216;\u00e9 o indicado pela bula do imunizante&#8217;.<\/em><\/p>\n<p>Desde a \u00faltima ter\u00e7a-feira (19), a cidade de Caruaru, no Agreste de Pernambuco, reduziu o intervalo da aplica\u00e7\u00e3o da segunda dose da vacina contra Covid-19 da Pfizer <strong>de 60 para 21 dias<\/strong>.<\/p>\n<p>A decis\u00e3o, por\u00e9m, ainda n\u00e3o recebeu o aval do Governo do Estado.<\/p>\n<p>Em nota enviada \u00e0 reportagem, a Secretaria Estadual de Sa\u00fade (SES-PE) informou que a decis\u00e3o tomada pelo munic\u00edpio ser\u00e1 discutida em reuni\u00e3o do Comit\u00ea T\u00e9cnico Estadual para Acompanhamento da Vacina\u00e7\u00e3o\u00a0marcada para esta quinta-feira (21).<\/p>\n<p>Para justificar a redu\u00e7\u00e3o, a Prefeitura de Caruaru informou que realiza\u00a0estrat\u00e9gias para alcan\u00e7ar a meta de cobertura vacinal de 90% &#8211; atualmente, mais de 60% da popula\u00e7\u00e3o da cidade j\u00e1 tomou as duas doses ou o imunizante de dose \u00fanica.<\/p>\n<p>A gest\u00e3o municipal defende que a antecipa\u00e7\u00e3o \u00e9 segura e esse intervalo de 21 dias &#8220;\u00e9 o indicado pela bula do imunizante&#8221;.<\/p>\n<p>&#8220;Vamos usar as doses que est\u00e3o em estoque. Por isso, a a\u00e7\u00e3o tem quantidade de doses limitadas. Com isso, fica sujeita \u00e0 disponibiliza\u00e7\u00e3o de mais doses da vacina pelo Minist\u00e9rio da Sa\u00fade&#8221;, disse a secret\u00e1ria de Sa\u00fade de Caruaru, B\u00e1rbara Flor\u00eancio.<\/p>\n<p>J\u00e1 a SES-PE salienta que a pactua\u00e7\u00e3o vigente \u00e9 do intervalo m\u00ednimo de 60 dias e que as distribui\u00e7\u00f5es para os munic\u00edpios s\u00e3o feitas com base nesse prazo.<\/p>\n<p>A pasta acrescenta que todas as medidas tomadas fora daquilo que est\u00e1 acertado na Comiss\u00e3o Intergestora Bipartite (CIB) &#8220;s\u00e3o de inteira responsabilidade dos gestores municipais&#8221;.<\/p>\n<p>&#8220;Segundo estudos j\u00e1 publicados, a manuten\u00e7\u00e3o do intervalo entre as doses do imunizante, a partir dos 60 dias, resulta em melhor resposta imune&#8221;, informou a SES-PE.<\/p>\n<p><strong>Estudos<\/strong><br \/>\nEstudos divulgados\u00a0recentemente indicam que a vacina da Pfizer funciona melhor com intervalo de 8 semanas do que de 21 dias.<\/p>\n<p>Na \u00faltima segunda (18), estudo publicado no formato pr\u00e9-print (ainda sem avalia\u00e7\u00e3o por pares, portanto) apontou que o intervalo usado tradicionalmente pela farmac\u00eautica &#8211; e estipulado no ensaio cl\u00ednico &#8211; de 21 dias resultou em uma perda de at\u00e9 99% dos anticorpos anti-Sars-CoV-2 em circula\u00e7\u00e3o no corpo oito meses ap\u00f3s a segunda dose. J\u00e1 um intervalo maior entre as doses pode reduzir essa queda, diminuindo a necessidade de uma dose de refor\u00e7o.<\/p>\n<p>Um outro artigo recente publicado no peri\u00f3dico BMJ (British Medical Journal) apontou que o n\u00edvel de anticorpos neutralizantes no sangue &#8211; capazes de bloquear a entrada do v\u00edrus no organismo &#8211; \u00e9 cerca de 2,3 vezes maior se as duas doses s\u00e3o dadas em um intervalo de pelo menos 6 a 14 semanas em compara\u00e7\u00e3o a um intervalo de 3 a 4 semanas.<\/p>\n<p>Fonte: Folha de Pernambuco<\/p>\n","protected":false},"excerpt":{"rendered":"<p>Gest\u00e3o municipal defende que a antecipa\u00e7\u00e3o \u00e9 segura e esse intervalo de 21 dias &#8216;\u00e9 o indicado pela bula do imunizante&#8217;. Desde a \u00faltima ter\u00e7a-feira (19), a cidade de Caruaru, no Agreste de Pernambuco, reduziu o intervalo da aplica\u00e7\u00e3o da segunda dose da vacina contra Covid-19 da Pfizer de 60 para 21 dias. A decis\u00e3o, [&hellip;]<\/p>\n","protected":false},"author":1,"featured_media":0,"comment_status":"open","ping_status":"open","sticky":false,"template":"","format":"standard","meta":{"ocean_post_layout":"","ocean_both_sidebars_style":"","ocean_both_sidebars_content_width":0,"ocean_both_sidebars_sidebars_width":0,"ocean_sidebar":"","ocean_second_sidebar":"","ocean_disable_margins":"enable","ocean_add_body_class":"","ocean_shortcode_before_top_bar":"","ocean_shortcode_after_top_bar":"","ocean_shortcode_before_header":"","ocean_shortcode_after_header":"","ocean_has_shortcode":"","ocean_shortcode_after_title":"","ocean_shortcode_before_footer_widgets":"","ocean_shortcode_after_footer_widgets":"","ocean_shortcode_before_footer_bottom":"","ocean_shortcode_after_footer_bottom":"","ocean_display_top_bar":"default","ocean_display_header":"default","ocean_header_style":"","ocean_center_header_left_menu":"","ocean_custom_header_template":"","ocean_custom_logo":0,"ocean_custom_retina_logo":0,"ocean_custom_logo_max_width":0,"ocean_custom_logo_tablet_max_width":0,"ocean_custom_logo_mobile_max_width":0,"ocean_custom_logo_max_height":0,"ocean_custom_logo_tablet_max_height":0,"ocean_custom_logo_mobile_max_height":0,"ocean_header_custom_menu":"","ocean_menu_typo_font_family":"","ocean_menu_typo_font_subset":"","ocean_menu_typo_font_size":0,"ocean_menu_typo_font_size_tablet":0,"ocean_menu_typo_font_size_mobile":0,"ocean_menu_typo_font_size_unit":"px","ocean_menu_typo_font_weight":"","ocean_menu_typo_font_weight_tablet":"","ocean_menu_typo_font_weight_mobile":"","ocean_menu_typo_transform":"","ocean_menu_typo_transform_tablet":"","ocean_menu_typo_transform_mobile":"","ocean_menu_typo_line_height":0,"ocean_menu_typo_line_height_tablet":0,"ocean_menu_typo_line_height_mobile":0,"ocean_menu_typo_line_height_unit":"","ocean_menu_typo_spacing":0,"ocean_menu_typo_spacing_tablet":0,"ocean_menu_typo_spacing_mobile":0,"ocean_menu_typo_spacing_unit":"","ocean_menu_link_color":"","ocean_menu_link_color_hover":"","ocean_menu_link_color_active":"","ocean_menu_link_background":"","ocean_menu_link_hover_background":"","ocean_menu_link_active_background":"","ocean_menu_social_links_bg":"","ocean_menu_social_hover_links_bg":"","ocean_menu_social_links_color":"","ocean_menu_social_hover_links_color":"","ocean_disable_title":"default","ocean_disable_heading":"default","ocean_post_title":"","ocean_post_subheading":"","ocean_post_title_style":"","ocean_post_title_background_color":"","ocean_post_title_background":0,"ocean_post_title_bg_image_position":"","ocean_post_title_bg_image_attachment":"","ocean_post_title_bg_image_repeat":"","ocean_post_title_bg_image_size":"","ocean_post_title_height":0,"ocean_post_title_bg_overlay":0.5,"ocean_post_title_bg_overlay_color":"","ocean_disable_breadcrumbs":"default","ocean_breadcrumbs_color":"","ocean_breadcrumbs_separator_color":"","ocean_breadcrumbs_links_color":"","ocean_breadcrumbs_links_hover_color":"","ocean_display_footer_widgets":"default","ocean_display_footer_bottom":"default","ocean_custom_footer_template":"","ocean_post_oembed":"","ocean_post_self_hosted_media":"","ocean_post_video_embed":"","ocean_link_format":"","ocean_link_format_target":"self","ocean_quote_format":"","ocean_quote_format_link":"post","ocean_gallery_link_images":"on","ocean_gallery_id":[]},"categories":[9],"tags":[],"acf":[],"_links":{"self":[{"href":"https:\/\/www.simepe.com.br\/novo\/wp-json\/wp\/v2\/posts\/61725"}],"collection":[{"href":"https:\/\/www.simepe.com.br\/novo\/wp-json\/wp\/v2\/posts"}],"about":[{"href":"https:\/\/www.simepe.com.br\/novo\/wp-json\/wp\/v2\/types\/post"}],"author":[{"embeddable":true,"href":"https:\/\/www.simepe.com.br\/novo\/wp-json\/wp\/v2\/users\/1"}],"replies":[{"embeddable":true,"href":"https:\/\/www.simepe.com.br\/novo\/wp-json\/wp\/v2\/comments?post=61725"}],"version-history":[{"count":1,"href":"https:\/\/www.simepe.com.br\/novo\/wp-json\/wp\/v2\/posts\/61725\/revisions"}],"predecessor-version":[{"id":61726,"href":"https:\/\/www.simepe.com.br\/novo\/wp-json\/wp\/v2\/posts\/61725\/revisions\/61726"}],"wp:attachment":[{"href":"https:\/\/www.simepe.com.br\/novo\/wp-json\/wp\/v2\/media?parent=61725"}],"wp:term":[{"taxonomy":"category","embeddable":true,"href":"https:\/\/www.simepe.com.br\/novo\/wp-json\/wp\/v2\/categories?post=61725"},{"taxonomy":"post_tag","embeddable":true,"href":"https:\/\/www.simepe.com.br\/novo\/wp-json\/wp\/v2\/tags?post=61725"}],"curies":[{"name":"wp","href":"https:\/\/api.w.org\/{rel}","templated":true}]}}