{"id":61729,"date":"2021-10-21T09:44:34","date_gmt":"2021-10-21T12:44:34","guid":{"rendered":"https:\/\/www.simepe.com.br\/novo\/?p=61729"},"modified":"2021-10-21T09:44:34","modified_gmt":"2021-10-21T12:44:34","slug":"vacina-da-pfizer-funciona-melhor-com-intervalo-de-8-semanas-do-que-de-21-dias-indicam-estudos","status":"publish","type":"post","link":"https:\/\/www.simepe.com.br\/novo\/vacina-da-pfizer-funciona-melhor-com-intervalo-de-8-semanas-do-que-de-21-dias-indicam-estudos\/","title":{"rendered":"Vacina da Pfizer funciona melhor com intervalo de 8 semanas do que de 21 dias, indicam estudos"},"content":{"rendered":"<p><em>Em S\u00e3o Paulo, o intervalo \u00e9 de tr\u00eas semanas (21 dias) desde a \u00faltima ter\u00e7a (19).<\/em><\/p>\n<p>A decis\u00e3o do governador Jo\u00e3o Doria (PSDB) de antecipar o intervalo para a aplica\u00e7\u00e3o da segunda dose da vacina da Pfizer de oito semanas para 21 dias vai contra as evid\u00eancias cient\u00edficas.<\/p>\n<p>Atualmente, em todo o territ\u00f3rio brasileiro, o intervalo preconizado entre a primeira e a segunda dose \u00e9 de 12 semanas. Em S\u00e3o Paulo, o intervalo \u00e9 de tr\u00eas semanas (21 dias) desde a \u00faltima ter\u00e7a (19). A mudan\u00e7a n\u00e3o vale para os adolescentes, que continuam com o intervalo de oito semanas entre as duas doses.<\/p>\n<p>Diversos estudos cient\u00edficos j\u00e1 demonstraram que a prote\u00e7\u00e3o conferida pela vacina \u00e9 maior quanto mais longo for o intervalo entre as doses. Segundo especialistas, a imunidade n\u00e3o s\u00f3 \u00e9 maior em rela\u00e7\u00e3o \u00e0 taxa de anticorpos produzidos, mas tamb\u00e9m pela dura\u00e7\u00e3o da resposta imune.<\/p>\n<p>Na \u00faltima segunda (18), um estudo publicado no formato pr\u00e9-print (ainda sem avalia\u00e7\u00e3o por pares, portanto) apontou que o intervalo usado tradicionalmente pela farmac\u00eautica -e estipulado no ensaio cl\u00ednico- de 21 dias resultou em uma perda de at\u00e9 99% dos anticorpos anti-Sars-CoV-2 em circula\u00e7\u00e3o no corpo oito meses ap\u00f3s a segunda dose. J\u00e1 um intervalo maior entre as doses pode reduzir essa queda, diminuindo a necessidade de uma dose de refor\u00e7o.<\/p>\n<p>Um outro artigo recente publicado no peri\u00f3dico BMJ (British Medical Journal) apontou que o n\u00edvel de anticorpos neutralizantes no sangue -capazes de bloquear a entrada do v\u00edrus no organismo- \u00e9 cerca de 2,3 vezes maior se as duas doses s\u00e3o dadas em um intervalo de pelo menos 6 a 14 semanas em compara\u00e7\u00e3o a um intervalo de 3 a 4 semanas.<\/p>\n<p>Um estudo publicado na revista The Lancet feito pela pr\u00f3pria farmac\u00eautica indicou tamb\u00e9m uma queda da efetividade da vacina com seis meses. Os dados de mais de 3,4 milh\u00f5es de pessoas que receberam as duas doses do imunizante nos Estados Unidos foram avaliados entre dezembro de 2020 e agosto de 2021. A redu\u00e7\u00e3o de 88% para 46% se deu para prote\u00e7\u00e3o contra infec\u00e7\u00e3o pelo coronav\u00edrus; a mesma an\u00e1lise mostrou que a efetividade para evitar interna\u00e7\u00e3o e morte se manteve alta, em 90%.<\/p>\n<p>A coordenadora do Programa Estadual de Imuniza\u00e7\u00f5es de S\u00e3o Paulo, Regiane de Paula, disse \u00e0 Folha que a redu\u00e7\u00e3o do intervalo para 21 dias s\u00f3 ir\u00e1 atingir as pessoas com mais de 18 anos que receberam a primeira dose h\u00e1 mais de 56 dias (o equivalente a oito semanas) e ainda n\u00e3o voltaram para a segunda.<\/p>\n<p>&#8220;Estamos falando principalmente dos faltosos que n\u00e3o retornaram para a segunda dose. Hoje no estado de SP temos 4,2 milh\u00f5es de pessoas que n\u00e3o retornaram para tomar a D2 [segunda dose], e dessas os faltosos da Pfizer s\u00e3o cerca de 2,2 milh\u00f5es&#8221;, afirmou.<\/p>\n<p>De Paula n\u00e3o respondeu se essa medida, por ir contra os dados mais recentes divulgados pela pr\u00f3pria farmac\u00eautica, ir\u00e1 afetar a prote\u00e7\u00e3o. De acordo com o governo estadual, o embasamento cient\u00edfico levado em considera\u00e7\u00e3o para a decis\u00e3o \u00e9 a da pr\u00f3pria bula da Pfizer e do observado no ensaio cl\u00ednico do imunizante.<\/p>\n<p>Para o pediatra Renato Kfouri, diretor da Sbim (Sociedade Brasileira de Imuniza\u00e7\u00f5es), os dados s\u00e3o inequ\u00edvocos de ganho do maior intervalo entre as doses. &#8220;Intervalos maiores mostram n\u00e3o s\u00f3 uma prote\u00e7\u00e3o mais robusta, mas tamb\u00e9m mais longeva. O que sabemos hoje \u00e9 que a dura\u00e7\u00e3o da resposta imune \u00e9 maior com intervalo de pelo menos oito semanas, e n\u00e3o 21 dias&#8221;, explica.<\/p>\n<p>Na \u00faltima sexta (15), o ministro da Sa\u00fade Marcelo Queiroga anunciou o intervalo de oito semanas entre as doses da vacina AstraZeneca, cujas pesquisas tamb\u00e9m indicaram uma resposta imune melhor quanto maior o espa\u00e7amento entre as doses.<\/p>\n<p>&#8220;A altera\u00e7\u00e3o para o esquema de oito semanas, como foi feito para a AstraZeneca, \u00e9 melhor segundo os dados. Para a decis\u00e3o estadual de reduzir para 21 dias a Pfizer, eu diria que \u00e9 um equ\u00edvoco&#8221;, afirmou Kfouri.<\/p>\n<p>A infectologista e professora da Unicamp Raquel Stucchi afirma que a \u00fanica justificativa para a redu\u00e7\u00e3o de um intervalo entre as doses da Pfizer seria uma situa\u00e7\u00e3o de descontrole da pandemia, o que n\u00e3o \u00e9 o caso no momento.<\/p>\n<p>&#8220;S\u00f3 se fosse necess\u00e1rio aumentar o n\u00famero de pessoas vacinadas para reduzir a taxa de transmiss\u00e3o do v\u00edrus, mas esse n\u00e3o \u00e9 o momento que estamos vivendo. Estamos em um momento epidemiol\u00f3gico que nos d\u00e1 seguran\u00e7a de fazer a D2 no prazo de 12 semanas&#8221;, disse.<\/p>\n<p>Stucchi afirmou ainda que v\u00ea com preocupa\u00e7\u00e3o uma poss\u00edvel prote\u00e7\u00e3o menor nas pessoas que receberem a segunda dose no prazo mais curto. &#8220;Essas pessoas quase com certeza ter\u00e3o que fazer uma terceira dose daqui a seis meses, e isso n\u00e3o se justifica nesse momento&#8221;, afirma.<\/p>\n<p>Para ela, a decis\u00e3o do governo estadual se d\u00e1 mais por pol\u00edtica do que por embasamento cient\u00edfico. A mesma vis\u00e3o \u00e9 compartilhada por Kfouri, da Sbim. &#8220;N\u00e3o h\u00e1 evid\u00eancia cient\u00edfica hoje que embase uma decis\u00e3o de 21 dias. Isso vai na contram\u00e3o de tudo que temos lido e visto&#8221;, diz.<\/p>\n<p>Atualmente, S\u00e3o Paulo j\u00e1 aplicou mais de 69 milh\u00f5es de doses das vacinas contra Covid. Os dados mostram que 83,21% da popula\u00e7\u00e3o do estado j\u00e1 recebeu ao menos uma dose e que 64,87% dos paulistas est\u00e3o com o esquema vacinal completo.<\/p>\n<p>Fonte: Folha de Pernambuco<\/p>\n","protected":false},"excerpt":{"rendered":"<p>Em S\u00e3o Paulo, o intervalo \u00e9 de tr\u00eas semanas (21 dias) desde a \u00faltima ter\u00e7a (19). A decis\u00e3o do governador Jo\u00e3o Doria (PSDB) de antecipar o intervalo para a aplica\u00e7\u00e3o da segunda dose da vacina da Pfizer de oito semanas para 21 dias vai contra as evid\u00eancias cient\u00edficas. Atualmente, em todo o territ\u00f3rio brasileiro, o [&hellip;]<\/p>\n","protected":false},"author":1,"featured_media":0,"comment_status":"open","ping_status":"open","sticky":false,"template":"","format":"standard","meta":{"ocean_post_layout":"","ocean_both_sidebars_style":"","ocean_both_sidebars_content_width":0,"ocean_both_sidebars_sidebars_width":0,"ocean_sidebar":"","ocean_second_sidebar":"","ocean_disable_margins":"enable","ocean_add_body_class":"","ocean_shortcode_before_top_bar":"","ocean_shortcode_after_top_bar":"","ocean_shortcode_before_header":"","ocean_shortcode_after_header":"","ocean_has_shortcode":"","ocean_shortcode_after_title":"","ocean_shortcode_before_footer_widgets":"","ocean_shortcode_after_footer_widgets":"","ocean_shortcode_before_footer_bottom":"","ocean_shortcode_after_footer_bottom":"","ocean_display_top_bar":"default","ocean_display_header":"default","ocean_header_style":"","ocean_center_header_left_menu":"","ocean_custom_header_template":"","ocean_custom_logo":0,"ocean_custom_retina_logo":0,"ocean_custom_logo_max_width":0,"ocean_custom_logo_tablet_max_width":0,"ocean_custom_logo_mobile_max_width":0,"ocean_custom_logo_max_height":0,"ocean_custom_logo_tablet_max_height":0,"ocean_custom_logo_mobile_max_height":0,"ocean_header_custom_menu":"","ocean_menu_typo_font_family":"","ocean_menu_typo_font_subset":"","ocean_menu_typo_font_size":0,"ocean_menu_typo_font_size_tablet":0,"ocean_menu_typo_font_size_mobile":0,"ocean_menu_typo_font_size_unit":"px","ocean_menu_typo_font_weight":"","ocean_menu_typo_font_weight_tablet":"","ocean_menu_typo_font_weight_mobile":"","ocean_menu_typo_transform":"","ocean_menu_typo_transform_tablet":"","ocean_menu_typo_transform_mobile":"","ocean_menu_typo_line_height":0,"ocean_menu_typo_line_height_tablet":0,"ocean_menu_typo_line_height_mobile":0,"ocean_menu_typo_line_height_unit":"","ocean_menu_typo_spacing":0,"ocean_menu_typo_spacing_tablet":0,"ocean_menu_typo_spacing_mobile":0,"ocean_menu_typo_spacing_unit":"","ocean_menu_link_color":"","ocean_menu_link_color_hover":"","ocean_menu_link_color_active":"","ocean_menu_link_background":"","ocean_menu_link_hover_background":"","ocean_menu_link_active_background":"","ocean_menu_social_links_bg":"","ocean_menu_social_hover_links_bg":"","ocean_menu_social_links_color":"","ocean_menu_social_hover_links_color":"","ocean_disable_title":"default","ocean_disable_heading":"default","ocean_post_title":"","ocean_post_subheading":"","ocean_post_title_style":"","ocean_post_title_background_color":"","ocean_post_title_background":0,"ocean_post_title_bg_image_position":"","ocean_post_title_bg_image_attachment":"","ocean_post_title_bg_image_repeat":"","ocean_post_title_bg_image_size":"","ocean_post_title_height":0,"ocean_post_title_bg_overlay":0.5,"ocean_post_title_bg_overlay_color":"","ocean_disable_breadcrumbs":"default","ocean_breadcrumbs_color":"","ocean_breadcrumbs_separator_color":"","ocean_breadcrumbs_links_color":"","ocean_breadcrumbs_links_hover_color":"","ocean_display_footer_widgets":"default","ocean_display_footer_bottom":"default","ocean_custom_footer_template":"","ocean_post_oembed":"","ocean_post_self_hosted_media":"","ocean_post_video_embed":"","ocean_link_format":"","ocean_link_format_target":"self","ocean_quote_format":"","ocean_quote_format_link":"post","ocean_gallery_link_images":"on","ocean_gallery_id":[]},"categories":[9],"tags":[],"acf":[],"_links":{"self":[{"href":"https:\/\/www.simepe.com.br\/novo\/wp-json\/wp\/v2\/posts\/61729"}],"collection":[{"href":"https:\/\/www.simepe.com.br\/novo\/wp-json\/wp\/v2\/posts"}],"about":[{"href":"https:\/\/www.simepe.com.br\/novo\/wp-json\/wp\/v2\/types\/post"}],"author":[{"embeddable":true,"href":"https:\/\/www.simepe.com.br\/novo\/wp-json\/wp\/v2\/users\/1"}],"replies":[{"embeddable":true,"href":"https:\/\/www.simepe.com.br\/novo\/wp-json\/wp\/v2\/comments?post=61729"}],"version-history":[{"count":1,"href":"https:\/\/www.simepe.com.br\/novo\/wp-json\/wp\/v2\/posts\/61729\/revisions"}],"predecessor-version":[{"id":61730,"href":"https:\/\/www.simepe.com.br\/novo\/wp-json\/wp\/v2\/posts\/61729\/revisions\/61730"}],"wp:attachment":[{"href":"https:\/\/www.simepe.com.br\/novo\/wp-json\/wp\/v2\/media?parent=61729"}],"wp:term":[{"taxonomy":"category","embeddable":true,"href":"https:\/\/www.simepe.com.br\/novo\/wp-json\/wp\/v2\/categories?post=61729"},{"taxonomy":"post_tag","embeddable":true,"href":"https:\/\/www.simepe.com.br\/novo\/wp-json\/wp\/v2\/tags?post=61729"}],"curies":[{"name":"wp","href":"https:\/\/api.w.org\/{rel}","templated":true}]}}