{"id":61759,"date":"2021-10-20T13:55:31","date_gmt":"2021-10-20T16:55:31","guid":{"rendered":"https:\/\/www.simepe.com.br\/novo\/?p=61759"},"modified":"2021-10-22T13:56:18","modified_gmt":"2021-10-22T16:56:18","slug":"instituto-das-medianeiras-da-paz-presta-homenagem-aos-medicos-do-araripe","status":"publish","type":"post","link":"https:\/\/www.simepe.com.br\/novo\/instituto-das-medianeiras-da-paz-presta-homenagem-aos-medicos-do-araripe\/","title":{"rendered":"Instituto das Medianeiras da Paz presta homenagem aos m\u00e9dicos do Araripe"},"content":{"rendered":"<p style=\"text-align: justify;\">O Instituto Social das Medianeiras da Paz \u2013 ISMEP promoveu ontem, 19, em parceria com o Conselho Regional de Medicina de Pernambuco \u2013 Cremepe e a Faculdade de Medicina de Araripina \u2013 FAP, a palestra \u00c9tica e Responsabilidade M\u00e9dica para profissionais m\u00e9dicos e estudantes de medicina. O evento foi alusivo ao Dia do M\u00e9dico, comemorado no \u00faltimo dia 18 de outubro.<\/p>\n<p style=\"text-align: justify;\">A aula foi ministrada pelo Dr. Francisco Atan\u00e1sio, conselheiro do Cremepe que abordou os aspectos \u00e9ticos da profiss\u00e3o e as condutas que devem ser observadas durante o exerc\u00edcio da profiss\u00e3o. Ap\u00f3s a palestra, a irm\u00e3 F\u00e1tima Alencar, diretora do ISMEP, em nome do instituto, fez a entrega de uma placa simb\u00f3lica para todos os m\u00e9dicos e m\u00e9dicas presentes.<\/p>\n<p style=\"text-align: justify;\">Ela destacou o compromisso dos profissionais durante a pandemia da Covid-19 e elencou a import\u00e2ncia dos m\u00e9dicos no atendimento \u00e0 sa\u00fade da popula\u00e7\u00e3o do Araripe. \u201cNa nossa regi\u00e3o, somos quase 400 mil habitantes que, diariamente, necessitam de atendimento m\u00e9dico. N\u00f3s, enquanto instituto, oferecemos atendimento para estas pessoas atrav\u00e9s do Hospital e Maternidade Santa Maria e UPA 24h, em Araripina e do Hospital Regional Fernando Bezerra e UPAE, em Ouricuri. Mas s\u00e3o os profissionais m\u00e9dicos que trabalham incansavelmente para dar este acolhimento\u201d, afirmou.<\/p>\n<p style=\"text-align: justify;\">Ela ainda destacou o sonho em andamento do Hospital de C\u00e2ncer do Araripe e pediu apoio de todas as institui\u00e7\u00f5es e da sociedade no engajamento deste projeto que vai beneficiar, diretamente, 600 pacientes oncol\u00f3gicos que precisam se deslocar at\u00e9 Recife em busca de tratamento. \u201cAqui est\u00e3o presentes as duas institui\u00e7\u00f5es que representam os m\u00e9dicos: Cremepe e Simepe e juntos podemos contribuir pela interioriza\u00e7\u00e3o da sa\u00fade com o Hospital de C\u00e2ncer do Araripe. Pe\u00e7o a ajuda de todos para levarmos esta mensagem de esperan\u00e7a \u00e0 frente\u201d, disse.<\/p>\n<p style=\"text-align: justify;\">Estiveram presentes ao evento, o presidente do Cremepe, Maur\u00edcio Matos, a presidente do Simepe, Cl\u00e1udia Beatriz, o prefeito de Araripina, Raimundo Pimentel, o delegado do Cremepe no Araripe, Valmir Lacerda Filho, o diretor da FAP, Jo\u00e3o Luis e diversos m\u00e9dicos e m\u00e9dicas al\u00e9m dos estudantes de medicina da faculdade.<\/p>\n<p style=\"text-align: justify;\"><a href=\"https:\/\/www.blogdorobertoararipina.com.br\/instituto-das-medianeiras-da-paz-presta-homenagem-aos-medicos-do-araripe\/?utm_source=rss&amp;utm_medium=rss&amp;utm_campaign=instituto-das-medianeiras-da-paz-presta-homenagem-aos-medicos-do-araripe\">Fonte: Blog do Roberto Araripina\u00a0<\/a><\/p>\n","protected":false},"excerpt":{"rendered":"<p>O Instituto Social das Medianeiras da Paz \u2013 ISMEP promoveu ontem, 19, em parceria com o Conselho Regional de Medicina de Pernambuco \u2013 Cremepe e a Faculdade de Medicina de Araripina \u2013 FAP, a palestra \u00c9tica e Responsabilidade M\u00e9dica para profissionais m\u00e9dicos e estudantes de medicina. O evento foi alusivo ao Dia do M\u00e9dico, comemorado [&hellip;]<\/p>\n","protected":false},"author":1,"featured_media":0,"comment_status":"open","ping_status":"open","sticky":false,"template":"","format":"standard","meta":{"ocean_post_layout":"","ocean_both_sidebars_style":"","ocean_both_sidebars_content_width":0,"ocean_both_sidebars_sidebars_width":0,"ocean_sidebar":"","ocean_second_sidebar":"","ocean_disable_margins":"enable","ocean_add_body_class":"","ocean_shortcode_before_top_bar":"","ocean_shortcode_after_top_bar":"","ocean_shortcode_before_header":"","ocean_shortcode_after_header":"","ocean_has_shortcode":"","ocean_shortcode_after_title":"","ocean_shortcode_before_footer_widgets":"","ocean_shortcode_after_footer_widgets":"","ocean_shortcode_before_footer_bottom":"","ocean_shortcode_after_footer_bottom":"","ocean_display_top_bar":"default","ocean_display_header":"default","ocean_header_style":"","ocean_center_header_left_menu":"","ocean_custom_header_template":"","ocean_custom_logo":0,"ocean_custom_retina_logo":0,"ocean_custom_logo_max_width":0,"ocean_custom_logo_tablet_max_width":0,"ocean_custom_logo_mobile_max_width":0,"ocean_custom_logo_max_height":0,"ocean_custom_logo_tablet_max_height":0,"ocean_custom_logo_mobile_max_height":0,"ocean_header_custom_menu":"","ocean_menu_typo_font_family":"","ocean_menu_typo_font_subset":"","ocean_menu_typo_font_size":0,"ocean_menu_typo_font_size_tablet":0,"ocean_menu_typo_font_size_mobile":0,"ocean_menu_typo_font_size_unit":"px","ocean_menu_typo_font_weight":"","ocean_menu_typo_font_weight_tablet":"","ocean_menu_typo_font_weight_mobile":"","ocean_menu_typo_transform":"","ocean_menu_typo_transform_tablet":"","ocean_menu_typo_transform_mobile":"","ocean_menu_typo_line_height":0,"ocean_menu_typo_line_height_tablet":0,"ocean_menu_typo_line_height_mobile":0,"ocean_menu_typo_line_height_unit":"","ocean_menu_typo_spacing":0,"ocean_menu_typo_spacing_tablet":0,"ocean_menu_typo_spacing_mobile":0,"ocean_menu_typo_spacing_unit":"","ocean_menu_link_color":"","ocean_menu_link_color_hover":"","ocean_menu_link_color_active":"","ocean_menu_link_background":"","ocean_menu_link_hover_background":"","ocean_menu_link_active_background":"","ocean_menu_social_links_bg":"","ocean_menu_social_hover_links_bg":"","ocean_menu_social_links_color":"","ocean_menu_social_hover_links_color":"","ocean_disable_title":"default","ocean_disable_heading":"default","ocean_post_title":"","ocean_post_subheading":"","ocean_post_title_style":"","ocean_post_title_background_color":"","ocean_post_title_background":0,"ocean_post_title_bg_image_position":"","ocean_post_title_bg_image_attachment":"","ocean_post_title_bg_image_repeat":"","ocean_post_title_bg_image_size":"","ocean_post_title_height":0,"ocean_post_title_bg_overlay":0.5,"ocean_post_title_bg_overlay_color":"","ocean_disable_breadcrumbs":"default","ocean_breadcrumbs_color":"","ocean_breadcrumbs_separator_color":"","ocean_breadcrumbs_links_color":"","ocean_breadcrumbs_links_hover_color":"","ocean_display_footer_widgets":"default","ocean_display_footer_bottom":"default","ocean_custom_footer_template":"","ocean_post_oembed":"","ocean_post_self_hosted_media":"","ocean_post_video_embed":"","ocean_link_format":"","ocean_link_format_target":"self","ocean_quote_format":"","ocean_quote_format_link":"post","ocean_gallery_link_images":"on","ocean_gallery_id":[]},"categories":[1],"tags":[],"acf":[],"_links":{"self":[{"href":"https:\/\/www.simepe.com.br\/novo\/wp-json\/wp\/v2\/posts\/61759"}],"collection":[{"href":"https:\/\/www.simepe.com.br\/novo\/wp-json\/wp\/v2\/posts"}],"about":[{"href":"https:\/\/www.simepe.com.br\/novo\/wp-json\/wp\/v2\/types\/post"}],"author":[{"embeddable":true,"href":"https:\/\/www.simepe.com.br\/novo\/wp-json\/wp\/v2\/users\/1"}],"replies":[{"embeddable":true,"href":"https:\/\/www.simepe.com.br\/novo\/wp-json\/wp\/v2\/comments?post=61759"}],"version-history":[{"count":1,"href":"https:\/\/www.simepe.com.br\/novo\/wp-json\/wp\/v2\/posts\/61759\/revisions"}],"predecessor-version":[{"id":61760,"href":"https:\/\/www.simepe.com.br\/novo\/wp-json\/wp\/v2\/posts\/61759\/revisions\/61760"}],"wp:attachment":[{"href":"https:\/\/www.simepe.com.br\/novo\/wp-json\/wp\/v2\/media?parent=61759"}],"wp:term":[{"taxonomy":"category","embeddable":true,"href":"https:\/\/www.simepe.com.br\/novo\/wp-json\/wp\/v2\/categories?post=61759"},{"taxonomy":"post_tag","embeddable":true,"href":"https:\/\/www.simepe.com.br\/novo\/wp-json\/wp\/v2\/tags?post=61759"}],"curies":[{"name":"wp","href":"https:\/\/api.w.org\/{rel}","templated":true}]}}