{"id":61774,"date":"2021-10-24T07:42:30","date_gmt":"2021-10-24T10:42:30","guid":{"rendered":"https:\/\/www.simepe.com.br\/novo\/?p=61774"},"modified":"2021-10-24T07:42:30","modified_gmt":"2021-10-24T10:42:30","slug":"atencao-medico-17-10-2021","status":"publish","type":"post","link":"https:\/\/www.simepe.com.br\/novo\/atencao-medico-17-10-2021\/","title":{"rendered":"Aten\u00e7\u00e3o M\u00e9dico &#8211; 17.10.2021"},"content":{"rendered":"<p><strong>M\u00e9dicas plantonistas relatam problemas e insatisfa\u00e7\u00f5es no HMR<\/strong><\/p>\n<p>Representando o Simepe, os diretores Rodrigo Rosas e Fernando Junior, reuniram-se na tarde desta quinta-feira (14\/10), atrav\u00e9s de videoconfer\u00eancia, com as m\u00e9dicas gineco-obstetras plantonistas do Hospital da Mulher do Recife (HMR). As m\u00e9dicas relataram insatisfa\u00e7\u00f5es e dificuldades que est\u00e3o prejudicando a qualidade do servi\u00e7o e de atendimento \u00e0 popula\u00e7\u00e3o. As plantonistas denunciaram escalas m\u00e9dicas incompletas, superlota\u00e7\u00e3o, falta de medica\u00e7\u00f5es e de materiais de procedimentos cir\u00fargicos, al\u00e9m da entrega de exames complementares ineficiente e da falta de seguran\u00e7a; as m\u00e9dicas sofrem com intimida\u00e7\u00f5es e amea\u00e7as de agress\u00f5es, de acompanhantes de pacientes na \u00e1rea de observa\u00e7\u00e3o do HMR. A situa\u00e7\u00e3o \u00e9 preocupante. As gineco-obstetras cobraram provid\u00eancias e medidas urgentes dos gestores p\u00fablicos em rela\u00e7\u00e3o ao ac\u00famulo de problemas. A expectativa \u00e9 para a reuni\u00e3o do Simepe, com a gest\u00e3o do Hospital e a Secretaria Executiva de Sa\u00fade do Estado, marcada para o pr\u00f3ximo dia 26\/10, em busca de esclarecimentos e respostas.<\/p>\n<p><strong>Simepe e m\u00e9dicos discutem sobre novo modelo de funcionamento das Upinhas 24h<\/strong><\/p>\n<p>Representantes do Simepe e m\u00e9dicos plantonistas vinculados \u00e0s Upinhas da Prefeitura do Recife, reuniram-se na tarde desta quarta-feira (13\/10), atrav\u00e9s de videoconfer\u00eancia. O objetivo do encontro foi discutir a proposta da Secretaria de Sa\u00fade de remodela\u00e7\u00e3o do funcionamento das Upinhas 24h, al\u00e9m de reestrutura\u00e7\u00e3o, qualifica\u00e7\u00e3o e expans\u00e3o da Estrat\u00e9gia de Sa\u00fade da Fam\u00edlia (ESF). Estiveram presentes \u00e0 reuni\u00e3o a presidente Claudia Beatriz, o vice Walber Steffano, os diretores M\u00e1rio Jorge Lobo, Tadeu Calheiros e Fernando Junior, al\u00e9m do advogado da Defensoria M\u00e9dica, Diego Galdino. Na ocasi\u00e3o, os profissionais relataram preocupa\u00e7\u00f5es e d\u00favidas em rela\u00e7\u00e3o a como ser\u00e1 e aonde a prefeitura ir\u00e1 fazer essas relota\u00e7\u00f5es do grupo de m\u00e9dicos das Upinhas 24hs. Eles apresentaram ainda suas propostas que ser\u00e3o levadas \u00e0 reuni\u00e3o entre a Secretaria e o Simepe. O Sindicato segue atento, lutando para garantir as devidas condi\u00e7\u00f5es de trabalho e direitos, para que os m\u00e9dicos possam prestar a melhor assist\u00eancia \u00e0 popula\u00e7\u00e3o do Recife<\/p>\n<p><strong>M\u00e9dicos residentes debatem o direito do aux\u00edlio-moradia<\/strong><\/p>\n<p>O Simepe e os m\u00e9dicos residentes participaram de reuni\u00e3o, por videoconfer\u00eancia, na noite desta quinta-feira (14\/10). A reuni\u00e3o virtual e de car\u00e1ter informativo, foi coordenada pela presidente Claudia Beatriz, e contou com as participa\u00e7\u00f5es dos diretores Fernando Junior e Marc\u00edlio Filho, al\u00e9m dos advogados Ricardo Santos e Jo\u00e3o Moreira, da Defensoria M\u00e9dica do Sindicato. A pauta em discuss\u00e3o foi o direito do residente receber o Aux\u00edlio Moradia, com base na lei 12.514\/11, no porcentual de 30% do valor da bolsa mensal, mediante convers\u00e3o do direito em pec\u00fania. Na ocasi\u00e3o, o advogado Ricardo Santos, prestou todos os esclarecimentos e tirou d\u00favidas sobre o objeto da a\u00e7\u00e3o, al\u00e9m de decis\u00f5es favor\u00e1veis no juizado especial. O Simepe se colocou \u00e0 disposi\u00e7\u00e3o para mais esclarecimentos e o passo a passo para o in\u00edcio do processo. A entidade seguir\u00e1 atenta e em defesa dos direitos do aux\u00edlio-moradia dos m\u00e9dicos residentes.<\/p>\n<p><strong>Sess\u00e3o Solene homenageia os 90 anos do Simepe<\/strong><\/p>\n<p>Na tarde da \u00faltima quinta-feira (14), o Simepe esteve presente na Sess\u00e3o Solene no Plenarinho da C\u00e2mara de Vereadores do Recife, proposi\u00e7\u00e3o do vereador Dr. Tadeu Calheiros, para prestar homenagem pelo Dia dos M\u00e9dicos e pelos 90 anos do Simepe. Estiveram presentes os diretores Fernando J\u00fanior, Rodrigo Rosas, Eraldo Arraes e Adilson Morato, al\u00e9m da presen\u00e7a de Vin\u00edcius Calado, advogado da entidade. A presidente Claudia Beatriz, falou em nome dos m\u00e9dicos que fazem a institui\u00e7\u00e3o, agradecendo primeiramente ao Vereador Tadeu Calheiros pela honrosa homenagem, e ressaltou sobre a hist\u00f3ria da entidade, suas lutas e conquistas, al\u00e9m de externar o orgulho pela categoria que se dedica diariamente aos pacientes. A m\u00e9dica tamb\u00e9m fez uma men\u00e7\u00e3o honrosa ao ex-diretor Assuero Gomes que faleceu acometido pela Covid-19 em 2020. Momento em que se prestou uma homenagem ao m\u00e9dico, com 1 minuto de sil\u00eancio.O Simepe agradeceu as homenagens feitas e refor\u00e7a que tudo s\u00f3 foi poss\u00edvel pois cada m\u00e9dico que comp\u00f5e o sindicato \u2013 seja ele sindicalizado, ou integrante das v\u00e1rias gest\u00f5es da casa \u2013 sempre contribuiu para defender e valorizar a categoria.<\/p>\n<p><strong>Entidades m\u00e9dicas realizam entrega da medalha S\u00e3o Lucas 2021<\/strong><\/p>\n<p>As entidades m\u00e9dicas de Pernambuco, AMPE, Cremepe, Simepe e APM realizam na pr\u00f3xima segunda, 18\/10, a outorga da Medalha S\u00e3o Lucas, que entra em sua 51a edi\u00e7\u00e3o. Neste ano os agraciados s\u00e3o Assuero Gomes da Silva Filho (in memoriam) pediatra, Carlos Roberto Ribeiro de Moraes cirurgia cardiovascular, Luiz de Gonzaga Braga Barreto, e Maria de Lourdes Correa de Ara\u00fajo, gastroenterologista. A cerim\u00f4nia ser\u00e1 restrita a convidados devido aos protocolos de combate \u00e0 COVID-19, e tamb\u00e9m poder\u00e1 ser acompanhada ao vivo pelo canal da AMPE no youtube pelo link https:\/\/www.youtube.com\/watch?v=OzVpla-RRpc a partir das 20h.<\/p>\n<p>&nbsp;<\/p>\n<p>&nbsp;<\/p>\n","protected":false},"excerpt":{"rendered":"<p>M\u00e9dicas plantonistas relatam problemas e insatisfa\u00e7\u00f5es no HMR Representando o Simepe, os diretores Rodrigo Rosas e Fernando Junior, reuniram-se na tarde desta quinta-feira (14\/10), atrav\u00e9s de videoconfer\u00eancia, com as m\u00e9dicas gineco-obstetras plantonistas do Hospital da Mulher do Recife (HMR). As m\u00e9dicas relataram insatisfa\u00e7\u00f5es e dificuldades que est\u00e3o prejudicando a qualidade do servi\u00e7o e de atendimento [&hellip;]<\/p>\n","protected":false},"author":2,"featured_media":0,"comment_status":"open","ping_status":"open","sticky":false,"template":"","format":"standard","meta":{"ocean_post_layout":"","ocean_both_sidebars_style":"","ocean_both_sidebars_content_width":0,"ocean_both_sidebars_sidebars_width":0,"ocean_sidebar":"","ocean_second_sidebar":"","ocean_disable_margins":"enable","ocean_add_body_class":"","ocean_shortcode_before_top_bar":"","ocean_shortcode_after_top_bar":"","ocean_shortcode_before_header":"","ocean_shortcode_after_header":"","ocean_has_shortcode":"","ocean_shortcode_after_title":"","ocean_shortcode_before_footer_widgets":"","ocean_shortcode_after_footer_widgets":"","ocean_shortcode_before_footer_bottom":"","ocean_shortcode_after_footer_bottom":"","ocean_display_top_bar":"default","ocean_display_header":"default","ocean_header_style":"","ocean_center_header_left_menu":"","ocean_custom_header_template":"","ocean_custom_logo":0,"ocean_custom_retina_logo":0,"ocean_custom_logo_max_width":0,"ocean_custom_logo_tablet_max_width":0,"ocean_custom_logo_mobile_max_width":0,"ocean_custom_logo_max_height":0,"ocean_custom_logo_tablet_max_height":0,"ocean_custom_logo_mobile_max_height":0,"ocean_header_custom_menu":"","ocean_menu_typo_font_family":"","ocean_menu_typo_font_subset":"","ocean_menu_typo_font_size":0,"ocean_menu_typo_font_size_tablet":0,"ocean_menu_typo_font_size_mobile":0,"ocean_menu_typo_font_size_unit":"px","ocean_menu_typo_font_weight":"","ocean_menu_typo_font_weight_tablet":"","ocean_menu_typo_font_weight_mobile":"","ocean_menu_typo_transform":"","ocean_menu_typo_transform_tablet":"","ocean_menu_typo_transform_mobile":"","ocean_menu_typo_line_height":0,"ocean_menu_typo_line_height_tablet":0,"ocean_menu_typo_line_height_mobile":0,"ocean_menu_typo_line_height_unit":"","ocean_menu_typo_spacing":0,"ocean_menu_typo_spacing_tablet":0,"ocean_menu_typo_spacing_mobile":0,"ocean_menu_typo_spacing_unit":"","ocean_menu_link_color":"","ocean_menu_link_color_hover":"","ocean_menu_link_color_active":"","ocean_menu_link_background":"","ocean_menu_link_hover_background":"","ocean_menu_link_active_background":"","ocean_menu_social_links_bg":"","ocean_menu_social_hover_links_bg":"","ocean_menu_social_links_color":"","ocean_menu_social_hover_links_color":"","ocean_disable_title":"default","ocean_disable_heading":"default","ocean_post_title":"","ocean_post_subheading":"","ocean_post_title_style":"","ocean_post_title_background_color":"","ocean_post_title_background":0,"ocean_post_title_bg_image_position":"","ocean_post_title_bg_image_attachment":"","ocean_post_title_bg_image_repeat":"","ocean_post_title_bg_image_size":"","ocean_post_title_height":0,"ocean_post_title_bg_overlay":0.5,"ocean_post_title_bg_overlay_color":"","ocean_disable_breadcrumbs":"default","ocean_breadcrumbs_color":"","ocean_breadcrumbs_separator_color":"","ocean_breadcrumbs_links_color":"","ocean_breadcrumbs_links_hover_color":"","ocean_display_footer_widgets":"default","ocean_display_footer_bottom":"default","ocean_custom_footer_template":"","ocean_post_oembed":"","ocean_post_self_hosted_media":"","ocean_post_video_embed":"","ocean_link_format":"","ocean_link_format_target":"self","ocean_quote_format":"","ocean_quote_format_link":"post","ocean_gallery_link_images":"on","ocean_gallery_id":[]},"categories":[1796],"tags":[],"acf":[],"_links":{"self":[{"href":"https:\/\/www.simepe.com.br\/novo\/wp-json\/wp\/v2\/posts\/61774"}],"collection":[{"href":"https:\/\/www.simepe.com.br\/novo\/wp-json\/wp\/v2\/posts"}],"about":[{"href":"https:\/\/www.simepe.com.br\/novo\/wp-json\/wp\/v2\/types\/post"}],"author":[{"embeddable":true,"href":"https:\/\/www.simepe.com.br\/novo\/wp-json\/wp\/v2\/users\/2"}],"replies":[{"embeddable":true,"href":"https:\/\/www.simepe.com.br\/novo\/wp-json\/wp\/v2\/comments?post=61774"}],"version-history":[{"count":1,"href":"https:\/\/www.simepe.com.br\/novo\/wp-json\/wp\/v2\/posts\/61774\/revisions"}],"predecessor-version":[{"id":61775,"href":"https:\/\/www.simepe.com.br\/novo\/wp-json\/wp\/v2\/posts\/61774\/revisions\/61775"}],"wp:attachment":[{"href":"https:\/\/www.simepe.com.br\/novo\/wp-json\/wp\/v2\/media?parent=61774"}],"wp:term":[{"taxonomy":"category","embeddable":true,"href":"https:\/\/www.simepe.com.br\/novo\/wp-json\/wp\/v2\/categories?post=61774"},{"taxonomy":"post_tag","embeddable":true,"href":"https:\/\/www.simepe.com.br\/novo\/wp-json\/wp\/v2\/tags?post=61774"}],"curies":[{"name":"wp","href":"https:\/\/api.w.org\/{rel}","templated":true}]}}